{"id":172960,"date":"2024-06-05T14:52:25","date_gmt":"2024-06-05T18:52:25","guid":{"rendered":"https:\/\/www.upla.cl\/noticias\/?p=172960"},"modified":"2025-10-30T18:23:31","modified_gmt":"2025-10-30T21:23:31","slug":"ingreso-especial-a-la-upla-campus-san-felipe-reunio-a-colegios-y-autoridades-de-educacion-en-importante-jornada-informativa","status":"publish","type":"post","link":"https:\/\/upla.cl\/noticias\/2024\/06\/05\/ingreso-especial-a-la-upla-campus-san-felipe-reunio-a-colegios-y-autoridades-de-educacion-en-importante-jornada-informativa\/","title":{"rendered":"Ingreso especial a la UPLA: Campus San Felipe reuni\u00f3 a colegios y autoridades de educaci\u00f3n en importante jornada informativa"},"content":{"rendered":"<p><a href=\"https:\/\/www.upla.cl\/noticias\/wp-content\/uploads\/2024\/06\/Foto-2-GRANDE-e1717612908187.jpg\"><img loading=\"lazy\" decoding=\"async\" class=\"aligncenter size-large wp-image-172965\" src=\"https:\/\/www.upla.cl\/noticias\/wp-content\/uploads\/2024\/06\/Foto-2-GRANDE-e1717612908187-1024x698.jpg\" alt=\"\" width=\"618\" height=\"421\" srcset=\"https:\/\/upla.cl\/noticias\/wp-content\/uploads\/2024\/06\/Foto-2-GRANDE-e1717612908187-1024x698.jpg 1024w, https:\/\/upla.cl\/noticias\/wp-content\/uploads\/2024\/06\/Foto-2-GRANDE-e1717612908187-300x204.jpg 300w, https:\/\/upla.cl\/noticias\/wp-content\/uploads\/2024\/06\/Foto-2-GRANDE-e1717612908187-768x523.jpg 768w, https:\/\/upla.cl\/noticias\/wp-content\/uploads\/2024\/06\/Foto-2-GRANDE-e1717612908187-110x75.jpg 110w, https:\/\/upla.cl\/noticias\/wp-content\/uploads\/2024\/06\/Foto-2-GRANDE-e1717612908187.jpg 1500w\" sizes=\"auto, (max-width: 618px) 100vw, 618px\" \/><\/a>Una importante actividad se realiz\u00f3 en el <strong>campus San Felipe de la Universidad de Playa Ancha,<\/strong> en el marco de los procesos de admisi\u00f3n para la educaci\u00f3n superior que ofrece la casa de estudios.<\/p>\n<p>Se trata de la <strong>\u201cJornada de Inducci\u00f3n a los Proped\u00e9uticos UPLA 2024\u201d<\/strong>, donde una decena de establecimientos educacionales del Valle de Aconcagua pudieron conocer en detalle el mencionado programa de ingreso especial a la Universidad. Una iniciativa destinada a avanzar en el acceso equitativo a la educaci\u00f3n superior, disminuyendo brechas y desigualdades existentes en el sistema educacional.<\/p>\n<p><a href=\"https:\/\/www.upla.cl\/noticias\/wp-content\/uploads\/2024\/06\/Foto-1-GRANDE-e1717612969890.jpg\"><img loading=\"lazy\" decoding=\"async\" class=\"alignleft size-medium wp-image-172967\" src=\"https:\/\/www.upla.cl\/noticias\/wp-content\/uploads\/2024\/06\/Foto-1-GRANDE-e1717612969890-300x179.jpg\" alt=\"\" width=\"300\" height=\"179\" srcset=\"https:\/\/upla.cl\/noticias\/wp-content\/uploads\/2024\/06\/Foto-1-GRANDE-e1717612969890-300x179.jpg 300w, https:\/\/upla.cl\/noticias\/wp-content\/uploads\/2024\/06\/Foto-1-GRANDE-e1717612969890-1024x612.jpg 1024w, https:\/\/upla.cl\/noticias\/wp-content\/uploads\/2024\/06\/Foto-1-GRANDE-e1717612969890-768x459.jpg 768w, https:\/\/upla.cl\/noticias\/wp-content\/uploads\/2024\/06\/Foto-1-GRANDE-e1717612969890.jpg 1500w\" sizes=\"auto, (max-width: 300px) 100vw, 300px\" \/><\/a>En ese sentido, el <strong>programa de Proped\u00e9uticos de la UPLA<\/strong> tiene como objetivo preparar con mejores herramientas y una decisi\u00f3n vocacional m\u00e1s clara a los j\u00f3venes que deseen ingresar a la educaci\u00f3n superior, asegur\u00e1ndoles un cupo en la carrera de su inter\u00e9s, sin importar el puntaje obtenido en las pruebas de selecci\u00f3n (PAES-PDT-PSU-PAA), previa aprobaci\u00f3n del citado programa.<\/p>\n<p>De ah\u00ed el inter\u00e9s en asistir a esta jornada informativa de parte de los establecimientos educacionales <strong>Colegio Alonso de Ercilla (San Felipe), Liceo Bicentenario Colegio Panquehue, Liceo Bicentenario Rep\u00fablica Argentina (Los Andes), Colegio Bicentenario Santa Mar\u00eda de Aconcagua, Liceo Bicentenario Llay Llay, Liceo Bicentenario Parroquial Teresita de Los Andes, Liceo Manuel Mar\u00edn Fritis (Putaendo), Liceo Bicentenario Fernando Silva Castell\u00f3n (Catemu), Liceo Rinconada de Silva (Putaendo), Liceo Dar\u00edo Salas (Santa Mar\u00eda) y Sunnyland School (San Felipe).<\/strong><\/p>\n<p><a href=\"https:\/\/www.upla.cl\/noticias\/wp-content\/uploads\/2024\/06\/Foto-4-GRANDE-e1717613032458.jpg\"><img loading=\"lazy\" decoding=\"async\" class=\"alignright size-medium wp-image-172964\" src=\"https:\/\/www.upla.cl\/noticias\/wp-content\/uploads\/2024\/06\/Foto-4-GRANDE-e1717613032458-300x195.jpg\" alt=\"\" width=\"300\" height=\"195\" srcset=\"https:\/\/upla.cl\/noticias\/wp-content\/uploads\/2024\/06\/Foto-4-GRANDE-e1717613032458-300x195.jpg 300w, https:\/\/upla.cl\/noticias\/wp-content\/uploads\/2024\/06\/Foto-4-GRANDE-e1717613032458-1024x667.jpg 1024w, https:\/\/upla.cl\/noticias\/wp-content\/uploads\/2024\/06\/Foto-4-GRANDE-e1717613032458-768x500.jpg 768w, https:\/\/upla.cl\/noticias\/wp-content\/uploads\/2024\/06\/Foto-4-GRANDE-e1717613032458.jpg 1500w\" sizes=\"auto, (max-width: 300px) 100vw, 300px\" \/><\/a>Junto a ellos estuvo presente la <strong>directora del campus San Felipe de la UPLA, Claudia Concha Erices<\/strong>, as\u00ed como tambi\u00e9n representantes de los <strong>Departamentos de Administraci\u00f3n de Educaci\u00f3n Municipal (DAEM)<\/strong> de las comuna de <strong>Putaendo, Rinconada de Los Andes, Llay Llay, Santa Mar\u00eda y Panquehue.<\/strong><\/p>\n<p><strong>Carlos Ot\u00e1rola Veas, profesor de Educaci\u00f3n F\u00edsica y encargado de Convivencia Escolar en el Liceo Bicentenario Rep\u00fablica Argentina de Los Andes,<\/strong> sostuvo tras el encuentro que \u201ccreo que el Proped\u00e9utico de la Universidad de Playa Ancha es una instancia sumamente inclusiva que permite \u2018poder equiparar las brechas que ocurren a nivel sociocultural en nuestra sociedad\u2019, y que le da la posibilidad a nuestros estudiantes de poder ingresar a la educaci\u00f3n superior\u201d.<\/p>\n<p><a href=\"https:\/\/www.upla.cl\/noticias\/wp-content\/uploads\/2024\/06\/Archivo-Propedeutico-2023-GRANDE-e1717613090982.jpg\"><img loading=\"lazy\" decoding=\"async\" class=\"alignright size-medium wp-image-172966\" src=\"https:\/\/www.upla.cl\/noticias\/wp-content\/uploads\/2024\/06\/Archivo-Propedeutico-2023-GRANDE-e1717613090982-300x201.jpg\" alt=\"\" width=\"300\" height=\"201\" srcset=\"https:\/\/upla.cl\/noticias\/wp-content\/uploads\/2024\/06\/Archivo-Propedeutico-2023-GRANDE-e1717613090982-300x201.jpg 300w, https:\/\/upla.cl\/noticias\/wp-content\/uploads\/2024\/06\/Archivo-Propedeutico-2023-GRANDE-e1717613090982-1024x687.jpg 1024w, https:\/\/upla.cl\/noticias\/wp-content\/uploads\/2024\/06\/Archivo-Propedeutico-2023-GRANDE-e1717613090982-768x516.jpg 768w, https:\/\/upla.cl\/noticias\/wp-content\/uploads\/2024\/06\/Archivo-Propedeutico-2023-GRANDE-e1717613090982-110x75.jpg 110w, https:\/\/upla.cl\/noticias\/wp-content\/uploads\/2024\/06\/Archivo-Propedeutico-2023-GRANDE-e1717613090982.jpg 1500w\" sizes=\"auto, (max-width: 300px) 100vw, 300px\" \/><\/a>En ese sentido, el tambi\u00e9n acad\u00e9mico de la UPLA a\u00f1adi\u00f3 que \u201cnosotros como Liceo Bicentenario Rep\u00fablica Argentina estamos bastante contentos porque ya llevamos bastantes a\u00f1os trabajando con el equipo de la Universidad de Playa Ancha, donde hemos visto que nuestros estudiantes se han podido realizar profesionalmente, han podido participar de las distintas instancias que genera este Proped\u00e9utico y, por otra parte tambi\u00e9n, las familias se han visto agradecidas, puesto que ha habido una consecuci\u00f3n de lo que es el trabajo de proyecto de vida que genera el establecimiento y la adhesi\u00f3n que se ha podido realizar en la Universidad de Playa Ancha para el desarrollo personal, acad\u00e9mico y profesional de la comunidad\u201d.<\/p>\n<h4><strong>Carreras, requisitos, fechas e inscripci\u00f3n<\/strong><\/h4>\n<p>Las profesionales de los Proped\u00e9uticos de la Direcci\u00f3n de Admisi\u00f3n de la UPLA, <strong>Macarena Sanders Frioli y Yazm\u00edn L\u00f3pez D\u00edaz,<\/strong> fueron las encargadas de entregar a los asistentes al encuentro detalles sobre este proceso, que otorga acceso a <strong>12 carreras en el Proped\u00e9utico General, a 14 en el caso del Proped\u00e9utico de Pedagog\u00eda, a 5 en el Proped\u00e9utico de Ingenier\u00eda y a la carrera de Teatro en el Proped\u00e9utico<\/strong> que lleva ese nombre.<\/p>\n<p><a href=\"https:\/\/www.upla.cl\/noticias\/wp-content\/uploads\/2024\/06\/Foto-3-GRANDE-e1717613244974.jpg\"><img loading=\"lazy\" decoding=\"async\" class=\"alignleft size-medium wp-image-172963\" src=\"https:\/\/www.upla.cl\/noticias\/wp-content\/uploads\/2024\/06\/Foto-3-GRANDE-e1717613244974-300x209.jpg\" alt=\"\" width=\"300\" height=\"209\" srcset=\"https:\/\/upla.cl\/noticias\/wp-content\/uploads\/2024\/06\/Foto-3-GRANDE-e1717613244974-300x209.jpg 300w, https:\/\/upla.cl\/noticias\/wp-content\/uploads\/2024\/06\/Foto-3-GRANDE-e1717613244974-1024x715.jpg 1024w, https:\/\/upla.cl\/noticias\/wp-content\/uploads\/2024\/06\/Foto-3-GRANDE-e1717613244974-768x536.jpg 768w, https:\/\/upla.cl\/noticias\/wp-content\/uploads\/2024\/06\/Foto-3-GRANDE-e1717613244974.jpg 1500w\" sizes=\"auto, (max-width: 300px) 100vw, 300px\" \/><\/a>En ese sentido, las profesionales enfatizaron que los requisitos para acceder al programa de Proped\u00e9uticos de la UPLA son simples: ser estudiante de 4\u00b0 Medio o egresado, y contar con un promedio NEM de 5,0 o superior a eso.<\/p>\n<p>Junto con ello, se detallaron las fechas importantes en este proceso, como son los plazos de inscripci\u00f3n por formulario online para los <strong>Proped\u00e9uticos de Pedagog\u00eda y General (14 de junio), y para los de Teatro e Ingenier\u00eda (20 de agosto).<\/strong> Por otra parte, se especific\u00f3 que el inicio de clases en el caso de los dos primeros es el pr\u00f3ximo <span style=\"text-decoration: underline;\">12 de julio<\/span>, mientras que para los otros dos qued\u00f3 agendado para el mes de septiembre.<\/p>\n<p><a href=\"https:\/\/www.upla.cl\/noticias\/wp-content\/uploads\/2024\/06\/Foto-codigo-QR-GRANDE-e1717613142944.jpg\"><img loading=\"lazy\" decoding=\"async\" class=\"alignright size-medium wp-image-172962\" src=\"https:\/\/www.upla.cl\/noticias\/wp-content\/uploads\/2024\/06\/Foto-codigo-QR-GRANDE-e1717613142944-300x171.jpg\" alt=\"\" width=\"300\" height=\"171\" srcset=\"https:\/\/upla.cl\/noticias\/wp-content\/uploads\/2024\/06\/Foto-codigo-QR-GRANDE-e1717613142944-300x171.jpg 300w, https:\/\/upla.cl\/noticias\/wp-content\/uploads\/2024\/06\/Foto-codigo-QR-GRANDE-e1717613142944-1024x585.jpg 1024w, https:\/\/upla.cl\/noticias\/wp-content\/uploads\/2024\/06\/Foto-codigo-QR-GRANDE-e1717613142944-768x439.jpg 768w, https:\/\/upla.cl\/noticias\/wp-content\/uploads\/2024\/06\/Foto-codigo-QR-GRANDE-e1717613142944.jpg 1500w\" sizes=\"auto, (max-width: 300px) 100vw, 300px\" \/><\/a>Quienes est\u00e9n interesados o interesadas en acceder a los Proped\u00e9uticos 2024 de la UPLA, as\u00ed como tambi\u00e9n conocer m\u00e1s sobre este programa, pueden ingresar al formulario de inscripci\u00f3n en la web <a href=\"https:\/\/www.upla.cl\/admision\/propedeuticos\">https:\/\/www.upla.cl\/admision\/propedeuticos\/<\/a> o a trav\u00e9s del c\u00f3digo QR que se encuentra en la imagen.<\/p>\n<p>(Daniel Labb\u00e9 Y., periodista Direcci\u00f3n General de Vinculaci\u00f3n con el Medio \/ Campus San Felipe)<\/p>\n","protected":false},"excerpt":{"rendered":"<p>Profesionales de la Direcci\u00f3n de Admisi\u00f3n de la Universidad de Playa Ancha se trasladaron hasta el Valle de Aconcagua para reunirse con representantes de comunidades educativas interesadas en el programa de acceso universitario.<\/p>\n","protected":false},"author":11,"featured_media":172965,"comment_status":"closed","ping_status":"closed","sticky":false,"template":"","format":"standard","meta":{"footnotes":""},"categories":[96,212,60,40,97,71,72,73,74,75,76,77,78,725,91],"tags":[],"class_list":["post-172960","post","type-post","status-publish","format-standard","has-post-thumbnail","","category-academicos","category-admision","category-campus-san-felipe","category-destacados","category-estudiantes","category-facultad-de-arte","category-facultad-de-ciencias-actividad-fisica-y-deporte","category-facultad-de-ciencias-de-la-educacion","category-facultad-de-ciencias-de-la-salud","category-facultad-de-ciencias-naturales-y-exactas","category-facultad-de-ciencias-sociales","category-facultad-de-humanidades","category-facultad-de-ingenieria","category-pedagogia-en-educacion-fisica","category-vinculacion-con-el-medio"],"_links":{"self":[{"href":"https:\/\/upla.cl\/noticias\/wp-json\/wp\/v2\/posts\/172960","targetHints":{"allow":["GET"]}}],"collection":[{"href":"https:\/\/upla.cl\/noticias\/wp-json\/wp\/v2\/posts"}],"about":[{"href":"https:\/\/upla.cl\/noticias\/wp-json\/wp\/v2\/types\/post"}],"author":[{"embeddable":true,"href":"https:\/\/upla.cl\/noticias\/wp-json\/wp\/v2\/users\/11"}],"replies":[{"embeddable":true,"href":"https:\/\/upla.cl\/noticias\/wp-json\/wp\/v2\/comments?post=172960"}],"version-history":[{"count":0,"href":"https:\/\/upla.cl\/noticias\/wp-json\/wp\/v2\/posts\/172960\/revisions"}],"wp:featuredmedia":[{"embeddable":true,"href":"https:\/\/upla.cl\/noticias\/wp-json\/wp\/v2\/media\/172965"}],"wp:attachment":[{"href":"https:\/\/upla.cl\/noticias\/wp-json\/wp\/v2\/media?parent=172960"}],"wp:term":[{"taxonomy":"category","embeddable":true,"href":"https:\/\/upla.cl\/noticias\/wp-json\/wp\/v2\/categories?post=172960"},{"taxonomy":"post_tag","embeddable":true,"href":"https:\/\/upla.cl\/noticias\/wp-json\/wp\/v2\/tags?post=172960"}],"curies":[{"name":"wp","href":"https:\/\/api.w.org\/{rel}","templated":true}]}}