{"id":173060,"date":"2024-06-06T17:35:14","date_gmt":"2024-06-06T21:35:14","guid":{"rendered":"https:\/\/www.upla.cl\/noticias\/?p=173060"},"modified":"2025-08-27T19:12:31","modified_gmt":"2025-08-27T23:12:31","slug":"campus-valparaiso-y-san-felipe-pura-energia-en-el-campeonato-recreativo-tenis-de-mesa-single","status":"publish","type":"post","link":"https:\/\/upla.cl\/noticias\/2024\/06\/06\/campus-valparaiso-y-san-felipe-pura-energia-en-el-campeonato-recreativo-tenis-de-mesa-single\/","title":{"rendered":"Campus Valpara\u00edso y San Felipe:  Pura energ\u00eda en el Campeonato Recreativo Tenis de Mesa Single"},"content":{"rendered":"<div>\n<p><a href=\"https:\/\/www.upla.cl\/noticias\/wp-content\/uploads\/2024\/06\/tenis_mesa_recreativo.jpeg\"><img loading=\"lazy\" decoding=\"async\" class=\"aligncenter size-large wp-image-173062\" src=\"https:\/\/www.upla.cl\/noticias\/wp-content\/uploads\/2024\/06\/tenis_mesa_recreativo-1024x745.jpeg\" alt=\"\" width=\"618\" height=\"450\" srcset=\"https:\/\/upla.cl\/noticias\/wp-content\/uploads\/2024\/06\/tenis_mesa_recreativo-1024x745.jpeg 1024w, https:\/\/upla.cl\/noticias\/wp-content\/uploads\/2024\/06\/tenis_mesa_recreativo-300x218.jpeg 300w, https:\/\/upla.cl\/noticias\/wp-content\/uploads\/2024\/06\/tenis_mesa_recreativo-768x558.jpeg 768w, https:\/\/upla.cl\/noticias\/wp-content\/uploads\/2024\/06\/tenis_mesa_recreativo.jpeg 1173w\" sizes=\"auto, (max-width: 618px) 100vw, 618px\" \/><\/a><\/p>\n<p>En los campus Valpara\u00edso y San Felipe se realiz\u00f3 el <strong>Campeonato Recreativo Tenis de Mesa Single<\/strong>, el primero del a\u00f1o y clasificatorio para el Encuentro Intersedes de la Universidad de Playa Ancha,\u00a0 organizado por la Direcci\u00f3n de Deportes y Recreaci\u00f3n, DIDER.<\/p>\n<div>\n<p>Al evento deportivo asistieron estudiantes de nuestra\u00a0 Universidad, as\u00ed como estudiantes invitados del Instituto profesional ARCOS, y cont\u00f3 con el auspicio de la nueva bebida hidratante FASTLYTE de Coca Cola, que present\u00f3 el producto y regal\u00f3 a los presentes.<\/p>\n<div>\n<p>La actividad se desarroll\u00f3 en el Patio RecreActivo el 29 y 30 de mayo, por sistema de grupo.\u00a0 \u00abEl primer d\u00eda jugaron todos contra todos por grupo y, de ah\u00ed, clasificaron los 2 mejores, para continuar el segundo d\u00eda con las otras fases\u00bb, explic\u00f3 la <strong>coordinadora del \u00c1rea de Recreaci\u00f3n y Actividad F\u00edsica Masiva de la DIDER, Liset Iligaray. <\/strong>En tanto, en el campus San Felipe el encuentro se efectu\u00f3 en 3 de junio.<\/p>\n<div dir=\"auto\">\n<p><a href=\"https:\/\/www.upla.cl\/noticias\/wp-content\/uploads\/2024\/06\/ganadores_campeonato_recreativo_tenis_mesa.jpeg\"><img loading=\"lazy\" decoding=\"async\" class=\"alignright size-medium wp-image-173063\" src=\"https:\/\/www.upla.cl\/noticias\/wp-content\/uploads\/2024\/06\/ganadores_campeonato_recreativo_tenis_mesa-300x253.jpeg\" alt=\"\" width=\"300\" height=\"253\" srcset=\"https:\/\/upla.cl\/noticias\/wp-content\/uploads\/2024\/06\/ganadores_campeonato_recreativo_tenis_mesa-300x253.jpeg 300w, https:\/\/upla.cl\/noticias\/wp-content\/uploads\/2024\/06\/ganadores_campeonato_recreativo_tenis_mesa.jpeg 720w\" sizes=\"auto, (max-width: 300px) 100vw, 300px\" \/><\/a>Felicitaciones a los participantes por su motivaci\u00f3n y, en particular, a quienes clasificaron para el torneo intersedes:<\/p>\n<p><span style=\"text-decoration: underline;\">Campus Valpara\u00edso<\/span><\/p>\n<div dir=\"auto\">&#8211; 1\u00b0 Roberto Carrasco Abarca, estudiante de tercer a\u00f1o de <strong><a href=\"https:\/\/www.upla.cl\/facultad\/ingenieria\/carreras-y-programas\/ingenieria-civil-informatica\/\">Ingenier\u00eda Civil Inform\u00e1tica<\/a><\/strong>.<\/div>\n<div dir=\"auto\">&#8211; 2\u00b0 Christian Riobo Araya, estudiante de \u00faltimo a\u00f1o de <strong><a href=\"https:\/\/upla.cl\/facultad\/humanidades\/pedagogia-en-historia-y-geografia\/\">Pedagog\u00eda en Historia y Geograf\u00eda<\/a><\/strong>.<\/div>\n<div dir=\"auto\">\n<p>&#8211; 3\u00b0 Yelson Maturana Roy, estudiante de tercer a\u00f1o de <strong><a href=\"https:\/\/www.upla.cl\/facultad\/ingenieria\/carreras-y-programas\/ingenieria-civil-informatica\/\">Ingenier\u00eda Civil Inform\u00e1tica<\/a><\/strong>.<\/p>\n<p><a href=\"https:\/\/www.upla.cl\/noticias\/wp-content\/uploads\/2024\/06\/tenis_mesa_campus_san_felipe.jpeg\"><img loading=\"lazy\" decoding=\"async\" class=\"alignright size-medium wp-image-173077\" src=\"https:\/\/www.upla.cl\/noticias\/wp-content\/uploads\/2024\/06\/tenis_mesa_campus_san_felipe-300x244.jpeg\" alt=\"\" width=\"300\" height=\"244\" srcset=\"https:\/\/upla.cl\/noticias\/wp-content\/uploads\/2024\/06\/tenis_mesa_campus_san_felipe-300x244.jpeg 300w, https:\/\/upla.cl\/noticias\/wp-content\/uploads\/2024\/06\/tenis_mesa_campus_san_felipe.jpeg 614w\" sizes=\"auto, (max-width: 300px) 100vw, 300px\" \/><\/a><span style=\"text-decoration: underline;\">Campus San Felipe<\/span><\/p>\n<p>&#8211; 1\u00b0 Sergio Cuevas Mondaca, estudiante de<strong><a href=\"https:\/\/www.upla.cl\/admision\/carreras-profesionales\/facultad-de-ingenieria\/ingenieria-en-informatica-san-felipe\/\"> Ingenier\u00eda Inform\u00e1tica<\/a><\/strong>.<br \/>\n&#8211; 2\u00b0Emilia Cifuentes Lobos, estudiante de <strong><a href=\"https:\/\/www.upla.cl\/admision\/carreras-profesionales\/facultad-de-humanidades\/pedagogia-en-ingles-valparaiso\/\">Pedagog\u00eda en Ingl\u00e9s.<\/a><\/strong><\/p>\n<div dir=\"auto\">El pr\u00f3ximo encuentro ser\u00e1\u00a0 de Tenis-F\u00fatbol, cuya convocatoria se efectuar\u00e1 en las pr\u00f3ximas semanas.<\/div>\n<\/div>\n<\/div>\n<\/div>\n<\/div>\n<\/div>\n<div dir=\"auto\"><\/div>\n<div dir=\"auto\"><\/div>\n<div dir=\"auto\"><\/div>\n<div dir=\"auto\"><\/div>\n<div dir=\"auto\"><\/div>\n<div dir=\"auto\"><\/div>\n<div>\n<div>\n<div>\n<div dir=\"auto\">\n<div dir=\"auto\">\n<div dir=\"auto\">\n<div id='gallery-1' class='gallery galleryid-173060 gallery-columns-4 gallery-size-thumbnail'><figure class='gallery-item'>\n\t\t\t<div class='gallery-icon landscape'>\n\t\t\t\t<a href='https:\/\/upla.cl\/noticias\/wp-content\/uploads\/2024\/06\/campeonato_recreativo_tenis_mesa_single.jpeg'><img loading=\"lazy\" decoding=\"async\" width=\"150\" height=\"150\" src=\"https:\/\/upla.cl\/noticias\/wp-content\/uploads\/2024\/06\/campeonato_recreativo_tenis_mesa_single-150x150.jpeg\" class=\"attachment-thumbnail size-thumbnail\" alt=\"\" \/><\/a>\n\t\t\t<\/div><\/figure><figure class='gallery-item'>\n\t\t\t<div class='gallery-icon landscape'>\n\t\t\t\t<a href='https:\/\/upla.cl\/noticias\/wp-content\/uploads\/2024\/06\/campeonato_recreativo_tenis_mesa_single_3jpeg.jpeg'><img loading=\"lazy\" decoding=\"async\" width=\"150\" height=\"150\" src=\"https:\/\/upla.cl\/noticias\/wp-content\/uploads\/2024\/06\/campeonato_recreativo_tenis_mesa_single_3jpeg-150x150.jpeg\" class=\"attachment-thumbnail size-thumbnail\" alt=\"\" \/><\/a>\n\t\t\t<\/div><\/figure><figure class='gallery-item'>\n\t\t\t<div class='gallery-icon landscape'>\n\t\t\t\t<a href='https:\/\/upla.cl\/noticias\/wp-content\/uploads\/2024\/06\/campeonato_recreactivo_tenis_mesa_2.jpeg'><img loading=\"lazy\" decoding=\"async\" width=\"150\" height=\"150\" src=\"https:\/\/upla.cl\/noticias\/wp-content\/uploads\/2024\/06\/campeonato_recreactivo_tenis_mesa_2-150x150.jpeg\" class=\"attachment-thumbnail size-thumbnail\" alt=\"\" \/><\/a>\n\t\t\t<\/div><\/figure><figure class='gallery-item'>\n\t\t\t<div class='gallery-icon landscape'>\n\t\t\t\t<a href='https:\/\/upla.cl\/noticias\/wp-content\/uploads\/2024\/06\/campeonato_recreactivo_tenis_mesa.jpeg'><img loading=\"lazy\" decoding=\"async\" width=\"150\" height=\"150\" src=\"https:\/\/upla.cl\/noticias\/wp-content\/uploads\/2024\/06\/campeonato_recreactivo_tenis_mesa-150x150.jpeg\" class=\"attachment-thumbnail size-thumbnail\" alt=\"\" \/><\/a>\n\t\t\t<\/div><\/figure>\n\t\t<\/div>\n\n<\/div>\n<\/div>\n<\/div>\n<\/div>\n<\/div>\n<\/div>\n","protected":false},"excerpt":{"rendered":"<p>Al evento deportivo asistieron estudiantes de nuestra\u00a0 Universidad, as\u00ed como estudiantes invitados del Instituto profesional ARCOS, y cont\u00f3 con el auspicio de la nueva bebida hidratante FASTLYTE de Coca Cola, que present\u00f3 el producto y regal\u00f3 a los presentes.<\/p>\n","protected":false},"author":10,"featured_media":173064,"comment_status":"closed","ping_status":"closed","sticky":false,"template":"","format":"standard","meta":{"footnotes":""},"categories":[51,96,42,201,40,97,665,91],"tags":[],"class_list":["post-173060","post","type-post","status-publish","format-standard","has-post-thumbnail","","category-academia","category-academicos","category-deportes","category-desarrollo-estudiantil","category-destacados","category-estudiantes","category-pedagogia-en-ingles","category-vinculacion-con-el-medio"],"_links":{"self":[{"href":"https:\/\/upla.cl\/noticias\/wp-json\/wp\/v2\/posts\/173060","targetHints":{"allow":["GET"]}}],"collection":[{"href":"https:\/\/upla.cl\/noticias\/wp-json\/wp\/v2\/posts"}],"about":[{"href":"https:\/\/upla.cl\/noticias\/wp-json\/wp\/v2\/types\/post"}],"author":[{"embeddable":true,"href":"https:\/\/upla.cl\/noticias\/wp-json\/wp\/v2\/users\/10"}],"replies":[{"embeddable":true,"href":"https:\/\/upla.cl\/noticias\/wp-json\/wp\/v2\/comments?post=173060"}],"version-history":[{"count":0,"href":"https:\/\/upla.cl\/noticias\/wp-json\/wp\/v2\/posts\/173060\/revisions"}],"wp:featuredmedia":[{"embeddable":true,"href":"https:\/\/upla.cl\/noticias\/wp-json\/wp\/v2\/media\/173064"}],"wp:attachment":[{"href":"https:\/\/upla.cl\/noticias\/wp-json\/wp\/v2\/media?parent=173060"}],"wp:term":[{"taxonomy":"category","embeddable":true,"href":"https:\/\/upla.cl\/noticias\/wp-json\/wp\/v2\/categories?post=173060"},{"taxonomy":"post_tag","embeddable":true,"href":"https:\/\/upla.cl\/noticias\/wp-json\/wp\/v2\/tags?post=173060"}],"curies":[{"name":"wp","href":"https:\/\/api.w.org\/{rel}","templated":true}]}}