{"id":173468,"date":"2024-06-18T10:14:38","date_gmt":"2024-06-18T14:14:38","guid":{"rendered":"https:\/\/www.upla.cl\/noticias\/?p=173468"},"modified":"2024-06-18T10:43:23","modified_gmt":"2024-06-18T14:43:23","slug":"academico-juan-sebastian-cayo-se-adjudica-proyecto-de-cultura-para-publicar-nueva-edicion-de-su-libro-armonia-moderna","status":"publish","type":"post","link":"https:\/\/upla.cl\/noticias\/2024\/06\/18\/academico-juan-sebastian-cayo-se-adjudica-proyecto-de-cultura-para-publicar-nueva-edicion-de-su-libro-armonia-moderna\/","title":{"rendered":"Acad\u00e9mico Juan Sebasti\u00e1n Cayo se adjudica proyecto de cultura para publicar nueva edici\u00f3n de su libro \u201cArmon\u00eda Moderna\u201d"},"content":{"rendered":"<p><a href=\"https:\/\/www.upla.cl\/noticias\/wp-content\/uploads\/2024\/06\/Libros.jpg\"><img loading=\"lazy\" decoding=\"async\" class=\"alignright wp-image-173469\" src=\"https:\/\/www.upla.cl\/noticias\/wp-content\/uploads\/2024\/06\/Libros-1024x682.jpg\" alt=\"\" width=\"350\" height=\"233\" srcset=\"https:\/\/upla.cl\/noticias\/wp-content\/uploads\/2024\/06\/Libros-1024x682.jpg 1024w, https:\/\/upla.cl\/noticias\/wp-content\/uploads\/2024\/06\/Libros-300x200.jpg 300w, https:\/\/upla.cl\/noticias\/wp-content\/uploads\/2024\/06\/Libros-768x512.jpg 768w, https:\/\/upla.cl\/noticias\/wp-content\/uploads\/2024\/06\/Libros-1536x1023.jpg 1536w, https:\/\/upla.cl\/noticias\/wp-content\/uploads\/2024\/06\/Libros-310x205.jpg 310w, https:\/\/upla.cl\/noticias\/wp-content\/uploads\/2024\/06\/Libros.jpg 1600w\" sizes=\"auto, (max-width: 350px) 100vw, 350px\" \/><\/a>En el contexto de los fondos concursables del <strong>Ministerio de las Culturas, las Artes y el Patrimonio<\/strong> (MINCAP), el profesor de la carrera de <strong>Pedagog\u00eda en Educaci\u00f3n Musical de la Facultad de Arte UPLA, Juan Sebasti\u00e1n Cayo<\/strong>, fue seleccionado por tercera vez con el financiamiento para la edici\u00f3n y difusi\u00f3n de su libro <strong>\u201cArmon\u00eda Moderna; t\u00e9cnicas de rearmonizaci\u00f3n y modulaci\u00f3n\u201d<\/strong>.<\/p>\n<p>Los recursos de cultura adjudicados por el tambi\u00e9n Coordinador de Proyectos de la Facultad de Arte pertenecen a la convocatoria del <strong>Fondo del Libro y la Lectura 2024<\/strong>, financiamiento que permitir\u00e1 replicar el texto publicado originalmente en 2014 (en su primera edici\u00f3n), y que da cuenta de un estudio que proporciona directrices de c\u00f3mo los procedimientos arm\u00f3nicos en m\u00fasica popular operan dentro de un contexto tonal.<\/p>\n<p>El texto <strong>\u201cArmon\u00eda Moderna\u201d<\/strong> tiene por objetivo proporcionar un m\u00e9todo de apoyo para el estudiante suministrando informaci\u00f3n necesaria para comprender, desarrollar y aplicar esta disciplina sobre g\u00e9neros propios de la m\u00fasica popular del siglo XX. Por medio de un enfoque retrospectivo, integrando elementos utilizados en m\u00fasica de tradici\u00f3n cl\u00e1sica-rom\u00e1ntica, se emplean m\u00faltiples ejemplos de temas preexistentes, aquello con el prop\u00f3sito de exponer diferentes problem\u00e1ticas dentro del contexto donde se desarrolla la publicaci\u00f3n.<\/p>\n<p><a href=\"https:\/\/www.upla.cl\/noticias\/wp-content\/uploads\/2024\/06\/JSCayo.jpg\"><img loading=\"lazy\" decoding=\"async\" class=\"alignright size-medium wp-image-173470\" src=\"https:\/\/www.upla.cl\/noticias\/wp-content\/uploads\/2024\/06\/JSCayo-300x202.jpg\" alt=\"\" width=\"300\" height=\"202\" srcset=\"https:\/\/upla.cl\/noticias\/wp-content\/uploads\/2024\/06\/JSCayo-300x202.jpg 300w, https:\/\/upla.cl\/noticias\/wp-content\/uploads\/2024\/06\/JSCayo-1024x691.jpg 1024w, https:\/\/upla.cl\/noticias\/wp-content\/uploads\/2024\/06\/JSCayo-768x518.jpg 768w, https:\/\/upla.cl\/noticias\/wp-content\/uploads\/2024\/06\/JSCayo-1536x1037.jpg 1536w, https:\/\/upla.cl\/noticias\/wp-content\/uploads\/2024\/06\/JSCayo-110x75.jpg 110w, https:\/\/upla.cl\/noticias\/wp-content\/uploads\/2024\/06\/JSCayo.jpg 1636w\" sizes=\"auto, (max-width: 300px) 100vw, 300px\" \/><\/a><strong>Juan Sebasti\u00e1n Cayo<\/strong>, explic\u00f3 que la presente edici\u00f3n ofrecer\u00e1 una ampliaci\u00f3n tem\u00e1tica de su contenido, lo cual favorece a la actualizaci\u00f3n del texto por medio de las recomendaciones que a lo largo de los a\u00f1os los propios estudiantes han sugerido. \u201cEsto favorece la participaci\u00f3n y la colaboraci\u00f3n en el incremento del contenido original, generando participaci\u00f3n de quienes logren ser beneficiarios del presente estudio. Asimismo, decir que la organizaci\u00f3n tem\u00e1tica se sumerge de manera gradual en el estudio de la materia, finalizando en la elaboraci\u00f3n de rearmonizaciones y modulaciones sobre obras del repertorio popular preexistente\u201d, agreg\u00f3.<\/p>\n<p>\u201cEn la pr\u00e1ctica, este libro busca incrementar el n\u00famero de publicaciones originales emanadas por acad\u00e9micas y acad\u00e9micos de la unidad de m\u00fasica, lo cual, igualmente, beneficia a la l\u00ednea de lenguaje musical del programa de <strong>Pedagog\u00eda en Educaci\u00f3n Musical de la Facultad de Arte<\/strong> de la UPLA\u201d, asegur\u00f3 el autor de la publicaci\u00f3n.<\/p>\n<p>Respecto al trabajo y proyecci\u00f3n de la reedici\u00f3n del libro propiamente tal, el acad\u00e9mico Juan Sebasti\u00e1n Cayo, dijo que estas labores comenzar\u00e1n durante el segundo semestre de 2024, trabajo que se materializar\u00e1 en formato f\u00edsico durante abril de 2025, para posteriormente implementarse el plan de difusi\u00f3n, el que comprende la circulaci\u00f3n, difusi\u00f3n y distribuci\u00f3n por diferentes instituciones del pa\u00eds.<\/p>\n","protected":false},"excerpt":{"rendered":"<p>Recursos del Fondo del Libro y la Lectura 2024 del MINCAP permitir\u00e1n al profesor de la carrera de Pedagog\u00eda en Educaci\u00f3n Musical de la Facultad de Arte UPLA editar y difundir por tercera vez su libro \u201cArmon\u00eda Moderna; t\u00e9cnicas de rearmonizaci\u00f3n y modulaci\u00f3n\u201d.<\/p>\n","protected":false},"author":21,"featured_media":173469,"comment_status":"closed","ping_status":"closed","sticky":false,"template":"","format":"standard","meta":{"footnotes":""},"categories":[96,52,40,101,97,71],"tags":[287,290,215,288,291,289,216,222],"class_list":["post-173468","post","type-post","status-publish","format-standard","has-post-thumbnail","","category-academicos","category-cultura","category-destacados","category-docencia","category-estudiantes","category-facultad-de-arte","tag-armonia-moderna","tag-cultura","tag-facultad-de-arte","tag-juan-cayo","tag-mincap","tag-musica","tag-upla","tag-valpo"],"_links":{"self":[{"href":"https:\/\/upla.cl\/noticias\/wp-json\/wp\/v2\/posts\/173468","targetHints":{"allow":["GET"]}}],"collection":[{"href":"https:\/\/upla.cl\/noticias\/wp-json\/wp\/v2\/posts"}],"about":[{"href":"https:\/\/upla.cl\/noticias\/wp-json\/wp\/v2\/types\/post"}],"author":[{"embeddable":true,"href":"https:\/\/upla.cl\/noticias\/wp-json\/wp\/v2\/users\/21"}],"replies":[{"embeddable":true,"href":"https:\/\/upla.cl\/noticias\/wp-json\/wp\/v2\/comments?post=173468"}],"version-history":[{"count":0,"href":"https:\/\/upla.cl\/noticias\/wp-json\/wp\/v2\/posts\/173468\/revisions"}],"wp:featuredmedia":[{"embeddable":true,"href":"https:\/\/upla.cl\/noticias\/wp-json\/wp\/v2\/media\/173469"}],"wp:attachment":[{"href":"https:\/\/upla.cl\/noticias\/wp-json\/wp\/v2\/media?parent=173468"}],"wp:term":[{"taxonomy":"category","embeddable":true,"href":"https:\/\/upla.cl\/noticias\/wp-json\/wp\/v2\/categories?post=173468"},{"taxonomy":"post_tag","embeddable":true,"href":"https:\/\/upla.cl\/noticias\/wp-json\/wp\/v2\/tags?post=173468"}],"curies":[{"name":"wp","href":"https:\/\/api.w.org\/{rel}","templated":true}]}}