{"id":173609,"date":"2024-06-21T17:45:19","date_gmt":"2024-06-21T21:45:19","guid":{"rendered":"https:\/\/www.upla.cl\/noticias\/?p=173609"},"modified":"2024-06-24T00:01:50","modified_gmt":"2024-06-24T04:01:50","slug":"upla-dio-inicio-a-programas-de-propedeuticos-con-mas-de-700-personas-inscritas","status":"publish","type":"post","link":"https:\/\/upla.cl\/noticias\/2024\/06\/21\/upla-dio-inicio-a-programas-de-propedeuticos-con-mas-de-700-personas-inscritas\/","title":{"rendered":"UPLA dio inicio a programas de proped\u00e9uticos con m\u00e1s de 700 personas inscritas"},"content":{"rendered":"<p><a href=\"https:\/\/www.upla.cl\/noticias\/wp-content\/uploads\/2024\/06\/inicio2024_propedeuticos_upla4.jpg\"><img loading=\"lazy\" decoding=\"async\" class=\"alignright wp-image-173614\" src=\"https:\/\/www.upla.cl\/noticias\/wp-content\/uploads\/2024\/06\/inicio2024_propedeuticos_upla4-1024x768.jpg\" alt=\"UPLA dio inicio a programas de proped\u00e9uticos con m\u00e1s de 700 personas inscritas \" width=\"350\" height=\"263\" srcset=\"https:\/\/upla.cl\/noticias\/wp-content\/uploads\/2024\/06\/inicio2024_propedeuticos_upla4-1024x768.jpg 1024w, https:\/\/upla.cl\/noticias\/wp-content\/uploads\/2024\/06\/inicio2024_propedeuticos_upla4-300x225.jpg 300w, https:\/\/upla.cl\/noticias\/wp-content\/uploads\/2024\/06\/inicio2024_propedeuticos_upla4-768x576.jpg 768w, https:\/\/upla.cl\/noticias\/wp-content\/uploads\/2024\/06\/inicio2024_propedeuticos_upla4-1536x1152.jpg 1536w, https:\/\/upla.cl\/noticias\/wp-content\/uploads\/2024\/06\/inicio2024_propedeuticos_upla4.jpg 1920w\" sizes=\"auto, (max-width: 350px) 100vw, 350px\" \/><\/a>Con la alegr\u00eda y entusiasmo, que bien sabe transmitir la <strong>Tuna de la Facultad de Arte<\/strong> se retir\u00f3 el centenar de personas que asisti\u00f3 a la <strong>ceremonia de inicio de los <a href=\"https:\/\/www.upla.cl\/admision\/propedeuticos\/\">Proped\u00e9uticos<\/a> de la Universidad de Playa Ancha<\/strong>.<\/p>\n<p>As\u00ed lo confirm\u00f3 <strong>Benjam\u00edn Pino<\/strong>, inscrito en el proped\u00e9utico de pedagog\u00eda, quien coment\u00f3 que la bienvenida la hab\u00eda encontrado \u201cs\u00faper bac\u00e1n, muy acorde a la tem\u00e1tica del proped\u00e9utico, fue muy acogedor el inicio de actividades y entretenido, estuvo bueno y nos da una buena expectativa el programa\u201d.<\/p>\n<p>El <strong>rector de la UPLA, Carlos Gonz\u00e1lez Gonz\u00e1lez<\/strong>, les dio la bienvenida a los y las j\u00f3venes y sus familias -que repletaron el Aula Dr. F\u00e9lix Morales Pettorino- destacando la posibilidad que tienen de sumarse a las aulas de una instituci\u00f3n que les ofrece distintas opciones de desarrollo no solo desde el \u00e1mbito acad\u00e9mico sino que tambi\u00e9n participando en actividades extracurriculares que enriquecen su formaci\u00f3n: equipos deportivos, elencos musicales, voluntariados, acciones en los territorios, entre otras.<\/p>\n<p>\u201cLa vida universitaria es diversa, y depender\u00e1 de sus intereses. En estos a\u00f1os har\u00e1n de amistades para toda la vida, as\u00ed que les insto a que asuman este desaf\u00edo con responsabilidad y perseverancia para que puedan aprobar su programa, porque tendr\u00e1n una oportunidad cierta de entrar a cualquiera de nuestras carreras. Aqu\u00ed solo depende de ustedes, nosotros ponemos a los mejores profesores para que les acompa\u00f1en en este proceso desde lo acad\u00e9mico y lo vocacional. Aprovechen esta oportunidad, solo depende de ustedes\u201d, enfatiz\u00f3 la m\u00e1xima autoridad.<\/p>\n<p><a href=\"https:\/\/www.upla.cl\/noticias\/wp-content\/uploads\/2024\/06\/inicio2024_propedeuticos_upla8.jpg\"><img loading=\"lazy\" decoding=\"async\" class=\"alignright wp-image-173618\" src=\"https:\/\/www.upla.cl\/noticias\/wp-content\/uploads\/2024\/06\/inicio2024_propedeuticos_upla8-1024x768.jpg\" alt=\"UPLA dio inicio a programas de proped\u00e9uticos con m\u00e1s de 700 personas inscritas \" width=\"350\" height=\"263\" srcset=\"https:\/\/upla.cl\/noticias\/wp-content\/uploads\/2024\/06\/inicio2024_propedeuticos_upla8-1024x768.jpg 1024w, https:\/\/upla.cl\/noticias\/wp-content\/uploads\/2024\/06\/inicio2024_propedeuticos_upla8-300x225.jpg 300w, https:\/\/upla.cl\/noticias\/wp-content\/uploads\/2024\/06\/inicio2024_propedeuticos_upla8-768x576.jpg 768w, https:\/\/upla.cl\/noticias\/wp-content\/uploads\/2024\/06\/inicio2024_propedeuticos_upla8-1536x1152.jpg 1536w, https:\/\/upla.cl\/noticias\/wp-content\/uploads\/2024\/06\/inicio2024_propedeuticos_upla8.jpg 1920w\" sizes=\"auto, (max-width: 350px) 100vw, 350px\" \/><\/a>Con esa idea se sum\u00f3 <strong>Pascal D\u00edaz<\/strong> al proped\u00e9utico general para poder ingresar a estudiar sociolog\u00eda este 2025. Si bien, coment\u00f3 que el a\u00f1o pasado curs\u00f3 un programa similar en otra universidad, plante\u00f3 que espera tener verdadero apoyo y que le entreguen herramientas para enfrentar las exigencias de la universidad.<\/p>\n<p>\u201cTengo excelentes recomendaciones de la UPLA, me gusta esta universidad y tengo una muy buena impresi\u00f3n de ella, siento que tiene un gran enfoque y que hay un gran apoyo a sus estudiantes, que creo que es lo que vale\u201d, coment\u00f3 la joven.<\/p>\n<p>Ese apoyo, ser\u00e1 transversal en cada uno de los programas de proped\u00e9utico, aspecto que ratific\u00f3 la <strong>directora de <a href=\"https:\/\/www.upla.cl\/admision\/\">Selecci\u00f3n y Admisi\u00f3n de Alumnos<\/a>, Claudia Valenzuela Mateluna<\/strong>, al comentar que el equipo liderado por la profesional Macarena Sanders estar\u00e1 a disposici\u00f3n de responder cualquier inquietud v\u00eda redes sociales, tel\u00e9fono, presencial y\/o WhatsApp.<\/p>\n<p><a href=\"https:\/\/www.upla.cl\/noticias\/wp-content\/uploads\/2024\/06\/inicio2024_propedeuticos_upla5.jpg\"><img loading=\"lazy\" decoding=\"async\" class=\"alignright wp-image-173615\" src=\"https:\/\/www.upla.cl\/noticias\/wp-content\/uploads\/2024\/06\/inicio2024_propedeuticos_upla5-1024x768.jpg\" alt=\"UPLA dio inicio a programas de proped\u00e9uticos con m\u00e1s de 700 personas inscritas \" width=\"350\" height=\"263\" srcset=\"https:\/\/upla.cl\/noticias\/wp-content\/uploads\/2024\/06\/inicio2024_propedeuticos_upla5-1024x768.jpg 1024w, https:\/\/upla.cl\/noticias\/wp-content\/uploads\/2024\/06\/inicio2024_propedeuticos_upla5-300x225.jpg 300w, https:\/\/upla.cl\/noticias\/wp-content\/uploads\/2024\/06\/inicio2024_propedeuticos_upla5-768x576.jpg 768w, https:\/\/upla.cl\/noticias\/wp-content\/uploads\/2024\/06\/inicio2024_propedeuticos_upla5-1536x1152.jpg 1536w, https:\/\/upla.cl\/noticias\/wp-content\/uploads\/2024\/06\/inicio2024_propedeuticos_upla5.jpg 1920w\" sizes=\"auto, (max-width: 350px) 100vw, 350px\" \/><\/a>La directiva tambi\u00e9n relev\u00f3 el enfoque que tienen los cursos, \u201custedes van a hacer un programa que no solo los va a preparar en matem\u00e1tica y en lenguaje, sino que se van a preparar para la vida universitaria. Cuando lleguen a la universidad, nosotros vamos a estar para apoyarles a trav\u00e9s de la Unidad de Acompa\u00f1amiento Estudiantil. As\u00ed que s\u00f3lo me queda decirles que este es un programa que se puede cumplir a cabalidad siempre y cuando ustedes le pongan coraz\u00f3n y dedicaci\u00f3n, dos elementos que son fundamentales para cumplir con sus objetivos\u201d.<\/p>\n<p>En la ceremonia de inicio estuvieron presentes tambi\u00e9n la vicerrectora Acad\u00e9mica, <strong>Cecilia Arriagada Correa<\/strong>; el vicerrector de Administraci\u00f3n y Finanzas, <strong>Omar Rojas Brito<\/strong>; la directora general de Pregrado, <strong>Giselle Escarpentier Feli\u00fa<\/strong>; la directora de la <a href=\"https:\/\/upla.cl\/acompanamientoestudiantil\/\">Unidad de Acompa\u00f1amiento Estudiantil (UAE)<\/a>, <strong>Mar\u00eda Teresa Hidalgo<\/strong>; e integrantes del <strong>Ballet Gimn\u00e1stico<\/strong>, dirigido por la acad\u00e9mica Mariela Peralta Ferroni, que se lucieron representando Drume de V\u00edctor Jara, Para que sepas de Juan Luis Guerra y Yo vengo a ofrecer mi coraz\u00f3n de Fito P\u00e1ez.<\/p>\n<h4><strong>Proped\u00e9uticos UPLA<\/strong><\/h4>\n<p><a href=\"https:\/\/www.upla.cl\/noticias\/wp-content\/uploads\/2024\/06\/inicio2024_propedeuticos_upla7.jpg\"><img loading=\"lazy\" decoding=\"async\" class=\"alignright wp-image-173617\" src=\"https:\/\/www.upla.cl\/noticias\/wp-content\/uploads\/2024\/06\/inicio2024_propedeuticos_upla7-1024x768.jpg\" alt=\"UPLA dio inicio a programas de proped\u00e9uticos con m\u00e1s de 700 personas inscritas \" width=\"350\" height=\"263\" srcset=\"https:\/\/upla.cl\/noticias\/wp-content\/uploads\/2024\/06\/inicio2024_propedeuticos_upla7-1024x768.jpg 1024w, https:\/\/upla.cl\/noticias\/wp-content\/uploads\/2024\/06\/inicio2024_propedeuticos_upla7-300x225.jpg 300w, https:\/\/upla.cl\/noticias\/wp-content\/uploads\/2024\/06\/inicio2024_propedeuticos_upla7-768x576.jpg 768w, https:\/\/upla.cl\/noticias\/wp-content\/uploads\/2024\/06\/inicio2024_propedeuticos_upla7-1536x1152.jpg 1536w, https:\/\/upla.cl\/noticias\/wp-content\/uploads\/2024\/06\/inicio2024_propedeuticos_upla7.jpg 1920w\" sizes=\"auto, (max-width: 350px) 100vw, 350px\" \/><\/a>Actualmente, la <strong>Direcci\u00f3n de Selecci\u00f3n y Admisi\u00f3n de Alumnos<\/strong> ha recibido la inscripci\u00f3n de m\u00e1s 700 personas para cursar alguno de los cuatro programas que ejecutan, los que se enfocan a distintas carreras que imparte la instituci\u00f3n y que pueden ser cursados de manera semi presencial y\/o virtual.<\/p>\n<p>Son v\u00edas de admisi\u00f3n que brindan la posibilidad a los y las j\u00f3venes, que aprueben el programa, de matricularse en la carrera de su elecci\u00f3n, sin importar el puntaje que obtengan en la Prueba de Acceso a la Educaci\u00f3n Superior.<\/p>\n<p>Los proped\u00e9uticos: general y de pedagog\u00eda se encuentran cerrados. Sin embargo, est\u00e1n abiertas las inscripciones hasta el 20 de agosto para <strong>Teatro <\/strong>e<strong> Ingenier\u00eda<\/strong> que son 100% en l\u00ednea.<\/p>\n<p>Sus requisitos son:<\/p>\n<ul>\n<li>Ser estudiante de 4\u00ba Medio durante el a\u00f1o 2024 \u00f3 egresado de ense\u00f1anza media SIN t\u00edtulo t\u00e9cnico de nivel superior ni profesional.<\/li>\n<li>Promedio proyectado de ense\u00f1anza media igual o superior a 5,0.<\/li>\n<\/ul>\n<p>M\u00e1s informaci\u00f3n escribiendo al correo a <a href=\"mailto:%20propedeuticos@upla.cl\">propedeuticos@upla.cl<\/a> o por whatsapp al +56994372932<\/p>\n<blockquote class=\"instagram-media\" style=\"background: #FFF; border: 0; border-radius: 3px; box-shadow: 0 0 1px 0 rgba(0,0,0,0.5),0 1px 10px 0 rgba(0,0,0,0.15); margin: 1px; max-width: 540px; min-width: 326px; padding: 0; width: calc(100% - 2px);\" data-instgrm-permalink=\"https:\/\/www.instagram.com\/reel\/C8fppE_PV_u\/?utm_source=ig_embed&amp;utm_campaign=loading\" data-instgrm-version=\"14\">\n<div style=\"padding: 16px;\">\n<p>&nbsp;<\/p>\n<div style=\"display: flex; flex-direction: row; align-items: center;\">\n<div style=\"background-color: #f4f4f4; border-radius: 50%; flex-grow: 0; height: 40px; margin-right: 14px; width: 40px;\"><\/div>\n<div style=\"display: flex; flex-direction: column; flex-grow: 1; justify-content: center;\">\n<div style=\"background-color: #f4f4f4; border-radius: 4px; flex-grow: 0; height: 14px; margin-bottom: 6px; width: 100px;\"><\/div>\n<div style=\"background-color: #f4f4f4; border-radius: 4px; flex-grow: 0; height: 14px; width: 60px;\"><\/div>\n<\/div>\n<\/div>\n<div style=\"padding: 19% 0;\"><\/div>\n<div style=\"display: block; height: 50px; margin: 0 auto 12px; width: 50px;\"><\/div>\n<div style=\"padding-top: 8px;\">\n<div style=\"color: #3897f0; font-family: Arial,sans-serif; font-size: 14px; font-style: normal; font-weight: 550; line-height: 18px;\">Ver esta publicaci\u00f3n en Instagram<\/div>\n<\/div>\n<div style=\"padding: 12.5% 0;\"><\/div>\n<div style=\"display: flex; flex-direction: row; margin-bottom: 14px; align-items: center;\">\n<div>\n<div style=\"background-color: #f4f4f4; border-radius: 50%; height: 12.5px; width: 12.5px; transform: translateX(0px) translateY(7px);\"><\/div>\n<div style=\"background-color: #f4f4f4; height: 12.5px; transform: rotate(-45deg) translateX(3px) translateY(1px); width: 12.5px; flex-grow: 0; margin-right: 14px; margin-left: 2px;\"><\/div>\n<div style=\"background-color: #f4f4f4; border-radius: 50%; height: 12.5px; width: 12.5px; transform: translateX(9px) translateY(-18px);\"><\/div>\n<\/div>\n<div style=\"margin-left: 8px;\">\n<div style=\"background-color: #f4f4f4; border-radius: 50%; flex-grow: 0; height: 20px; width: 20px;\"><\/div>\n<div style=\"width: 0; height: 0; border-top: 2px solid transparent; border-left: 6px solid #f4f4f4; border-bottom: 2px solid transparent; transform: translateX(16px) translateY(-4px) rotate(30deg);\"><\/div>\n<\/div>\n<div style=\"margin-left: auto;\">\n<div style=\"width: 0px; border-top: 8px solid #F4F4F4; border-right: 8px solid transparent; transform: translateY(16px);\"><\/div>\n<div style=\"background-color: #f4f4f4; flex-grow: 0; height: 12px; width: 16px; transform: translateY(-4px);\"><\/div>\n<div style=\"width: 0; height: 0; border-top: 8px solid #F4F4F4; border-left: 8px solid transparent; transform: translateY(-4px) translateX(8px);\"><\/div>\n<\/div>\n<\/div>\n<div style=\"display: flex; flex-direction: column; flex-grow: 1; justify-content: center; margin-bottom: 24px;\">\n<div style=\"background-color: #f4f4f4; border-radius: 4px; flex-grow: 0; height: 14px; margin-bottom: 6px; width: 224px;\"><\/div>\n<div style=\"background-color: #f4f4f4; border-radius: 4px; flex-grow: 0; height: 14px; width: 144px;\"><\/div>\n<\/div>\n<p>&nbsp;<\/p>\n<p style=\"color: #c9c8cd; font-family: Arial,sans-serif; font-size: 14px; line-height: 17px; margin-bottom: 0; margin-top: 8px; overflow: hidden; padding: 8px 0 7px; text-align: center; text-overflow: ellipsis; white-space: nowrap;\"><a style=\"color: #c9c8cd; font-family: Arial,sans-serif; font-size: 14px; font-style: normal; font-weight: normal; line-height: 17px; text-decoration: none;\" href=\"https:\/\/www.instagram.com\/reel\/C8fppE_PV_u\/?utm_source=ig_embed&amp;utm_campaign=loading\" target=\"_blank\" rel=\"noopener\">Una publicaci\u00f3n compartida por Universidad de Playa Ancha (@upla_comunica)<\/a><\/p>\n<\/div>\n<\/blockquote>\n<p><script async src=\"\/\/www.instagram.com\/embed.js\"><\/script><\/p>\n<div id='gallery-1' class='gallery galleryid-173609 gallery-columns-4 gallery-size-medium'><figure class='gallery-item'>\n\t\t\t<div class='gallery-icon landscape'>\n\t\t\t\t<a href=\"https:\/\/upla.cl\/noticias\/wp-content\/uploads\/2024\/06\/inicio2024_propedeuticos_upla1.jpg\"><img loading=\"lazy\" decoding=\"async\" width=\"300\" height=\"225\" src=\"https:\/\/upla.cl\/noticias\/wp-content\/uploads\/2024\/06\/inicio2024_propedeuticos_upla1-300x225.jpg\" class=\"attachment-medium size-medium\" alt=\"UPLA dio inicio a programas de proped\u00e9uticos con m\u00e1s de 700 personas inscritas\" srcset=\"https:\/\/upla.cl\/noticias\/wp-content\/uploads\/2024\/06\/inicio2024_propedeuticos_upla1-300x225.jpg 300w, https:\/\/upla.cl\/noticias\/wp-content\/uploads\/2024\/06\/inicio2024_propedeuticos_upla1-1024x768.jpg 1024w, https:\/\/upla.cl\/noticias\/wp-content\/uploads\/2024\/06\/inicio2024_propedeuticos_upla1-768x576.jpg 768w, https:\/\/upla.cl\/noticias\/wp-content\/uploads\/2024\/06\/inicio2024_propedeuticos_upla1-1536x1152.jpg 1536w, https:\/\/upla.cl\/noticias\/wp-content\/uploads\/2024\/06\/inicio2024_propedeuticos_upla1.jpg 1920w\" sizes=\"auto, (max-width: 300px) 100vw, 300px\" \/><\/a>\n\t\t\t<\/div><\/figure><figure class='gallery-item'>\n\t\t\t<div class='gallery-icon landscape'>\n\t\t\t\t<a href=\"https:\/\/upla.cl\/noticias\/wp-content\/uploads\/2024\/06\/inicio2024_propedeuticos_upla4.jpg\"><img loading=\"lazy\" decoding=\"async\" width=\"300\" height=\"225\" src=\"https:\/\/upla.cl\/noticias\/wp-content\/uploads\/2024\/06\/inicio2024_propedeuticos_upla4-300x225.jpg\" class=\"attachment-medium size-medium\" alt=\"UPLA dio inicio a programas de proped\u00e9uticos con m\u00e1s de 700 personas inscritas\" srcset=\"https:\/\/upla.cl\/noticias\/wp-content\/uploads\/2024\/06\/inicio2024_propedeuticos_upla4-300x225.jpg 300w, https:\/\/upla.cl\/noticias\/wp-content\/uploads\/2024\/06\/inicio2024_propedeuticos_upla4-1024x768.jpg 1024w, https:\/\/upla.cl\/noticias\/wp-content\/uploads\/2024\/06\/inicio2024_propedeuticos_upla4-768x576.jpg 768w, https:\/\/upla.cl\/noticias\/wp-content\/uploads\/2024\/06\/inicio2024_propedeuticos_upla4-1536x1152.jpg 1536w, https:\/\/upla.cl\/noticias\/wp-content\/uploads\/2024\/06\/inicio2024_propedeuticos_upla4.jpg 1920w\" sizes=\"auto, (max-width: 300px) 100vw, 300px\" \/><\/a>\n\t\t\t<\/div><\/figure><figure class='gallery-item'>\n\t\t\t<div class='gallery-icon landscape'>\n\t\t\t\t<a href=\"https:\/\/upla.cl\/noticias\/wp-content\/uploads\/2024\/06\/inicio2024_propedeuticos_upla5.jpg\"><img loading=\"lazy\" decoding=\"async\" width=\"300\" height=\"225\" src=\"https:\/\/upla.cl\/noticias\/wp-content\/uploads\/2024\/06\/inicio2024_propedeuticos_upla5-300x225.jpg\" class=\"attachment-medium size-medium\" alt=\"UPLA dio inicio a programas de proped\u00e9uticos con m\u00e1s de 700 personas inscritas\" srcset=\"https:\/\/upla.cl\/noticias\/wp-content\/uploads\/2024\/06\/inicio2024_propedeuticos_upla5-300x225.jpg 300w, https:\/\/upla.cl\/noticias\/wp-content\/uploads\/2024\/06\/inicio2024_propedeuticos_upla5-1024x768.jpg 1024w, https:\/\/upla.cl\/noticias\/wp-content\/uploads\/2024\/06\/inicio2024_propedeuticos_upla5-768x576.jpg 768w, https:\/\/upla.cl\/noticias\/wp-content\/uploads\/2024\/06\/inicio2024_propedeuticos_upla5-1536x1152.jpg 1536w, https:\/\/upla.cl\/noticias\/wp-content\/uploads\/2024\/06\/inicio2024_propedeuticos_upla5.jpg 1920w\" sizes=\"auto, (max-width: 300px) 100vw, 300px\" \/><\/a>\n\t\t\t<\/div><\/figure><figure class='gallery-item'>\n\t\t\t<div class='gallery-icon landscape'>\n\t\t\t\t<a href=\"https:\/\/upla.cl\/noticias\/wp-content\/uploads\/2024\/06\/inicio2024_propedeuticos_upla7.jpg\"><img loading=\"lazy\" decoding=\"async\" width=\"300\" height=\"225\" src=\"https:\/\/upla.cl\/noticias\/wp-content\/uploads\/2024\/06\/inicio2024_propedeuticos_upla7-300x225.jpg\" class=\"attachment-medium size-medium\" alt=\"UPLA dio inicio a programas de proped\u00e9uticos con m\u00e1s de 700 personas inscritas\" srcset=\"https:\/\/upla.cl\/noticias\/wp-content\/uploads\/2024\/06\/inicio2024_propedeuticos_upla7-300x225.jpg 300w, https:\/\/upla.cl\/noticias\/wp-content\/uploads\/2024\/06\/inicio2024_propedeuticos_upla7-1024x768.jpg 1024w, https:\/\/upla.cl\/noticias\/wp-content\/uploads\/2024\/06\/inicio2024_propedeuticos_upla7-768x576.jpg 768w, https:\/\/upla.cl\/noticias\/wp-content\/uploads\/2024\/06\/inicio2024_propedeuticos_upla7-1536x1152.jpg 1536w, https:\/\/upla.cl\/noticias\/wp-content\/uploads\/2024\/06\/inicio2024_propedeuticos_upla7.jpg 1920w\" sizes=\"auto, (max-width: 300px) 100vw, 300px\" \/><\/a>\n\t\t\t<\/div><\/figure><figure class='gallery-item'>\n\t\t\t<div class='gallery-icon landscape'>\n\t\t\t\t<a href=\"https:\/\/upla.cl\/noticias\/wp-content\/uploads\/2024\/06\/inicio2024_propedeuticos_upla6.jpg\"><img loading=\"lazy\" decoding=\"async\" width=\"300\" height=\"225\" src=\"https:\/\/upla.cl\/noticias\/wp-content\/uploads\/2024\/06\/inicio2024_propedeuticos_upla6-300x225.jpg\" class=\"attachment-medium size-medium\" alt=\"UPLA dio inicio a programas de proped\u00e9uticos con m\u00e1s de 700 personas inscritas\" srcset=\"https:\/\/upla.cl\/noticias\/wp-content\/uploads\/2024\/06\/inicio2024_propedeuticos_upla6-300x225.jpg 300w, https:\/\/upla.cl\/noticias\/wp-content\/uploads\/2024\/06\/inicio2024_propedeuticos_upla6-1024x768.jpg 1024w, https:\/\/upla.cl\/noticias\/wp-content\/uploads\/2024\/06\/inicio2024_propedeuticos_upla6-768x576.jpg 768w, https:\/\/upla.cl\/noticias\/wp-content\/uploads\/2024\/06\/inicio2024_propedeuticos_upla6-1536x1152.jpg 1536w, https:\/\/upla.cl\/noticias\/wp-content\/uploads\/2024\/06\/inicio2024_propedeuticos_upla6.jpg 1920w\" sizes=\"auto, (max-width: 300px) 100vw, 300px\" \/><\/a>\n\t\t\t<\/div><\/figure><figure class='gallery-item'>\n\t\t\t<div class='gallery-icon landscape'>\n\t\t\t\t<a href=\"https:\/\/upla.cl\/noticias\/wp-content\/uploads\/2024\/06\/inicio2024_propedeuticos_upla2.jpg\"><img loading=\"lazy\" decoding=\"async\" width=\"300\" height=\"225\" src=\"https:\/\/upla.cl\/noticias\/wp-content\/uploads\/2024\/06\/inicio2024_propedeuticos_upla2-300x225.jpg\" class=\"attachment-medium size-medium\" alt=\"UPLA dio inicio a programas de proped\u00e9uticos con m\u00e1s de 700 personas inscritas\" srcset=\"https:\/\/upla.cl\/noticias\/wp-content\/uploads\/2024\/06\/inicio2024_propedeuticos_upla2-300x225.jpg 300w, https:\/\/upla.cl\/noticias\/wp-content\/uploads\/2024\/06\/inicio2024_propedeuticos_upla2-1024x768.jpg 1024w, https:\/\/upla.cl\/noticias\/wp-content\/uploads\/2024\/06\/inicio2024_propedeuticos_upla2-768x576.jpg 768w, https:\/\/upla.cl\/noticias\/wp-content\/uploads\/2024\/06\/inicio2024_propedeuticos_upla2-1536x1152.jpg 1536w, https:\/\/upla.cl\/noticias\/wp-content\/uploads\/2024\/06\/inicio2024_propedeuticos_upla2.jpg 1920w\" sizes=\"auto, (max-width: 300px) 100vw, 300px\" \/><\/a>\n\t\t\t<\/div><\/figure><figure class='gallery-item'>\n\t\t\t<div class='gallery-icon landscape'>\n\t\t\t\t<a href=\"https:\/\/upla.cl\/noticias\/wp-content\/uploads\/2024\/06\/inicio2024_propedeuticos_upla3.jpg\"><img loading=\"lazy\" decoding=\"async\" width=\"300\" height=\"225\" src=\"https:\/\/upla.cl\/noticias\/wp-content\/uploads\/2024\/06\/inicio2024_propedeuticos_upla3-300x225.jpg\" class=\"attachment-medium size-medium\" alt=\"UPLA dio inicio a programas de proped\u00e9uticos con m\u00e1s de 700 personas inscritas\" srcset=\"https:\/\/upla.cl\/noticias\/wp-content\/uploads\/2024\/06\/inicio2024_propedeuticos_upla3-300x225.jpg 300w, https:\/\/upla.cl\/noticias\/wp-content\/uploads\/2024\/06\/inicio2024_propedeuticos_upla3-1024x768.jpg 1024w, https:\/\/upla.cl\/noticias\/wp-content\/uploads\/2024\/06\/inicio2024_propedeuticos_upla3-768x576.jpg 768w, https:\/\/upla.cl\/noticias\/wp-content\/uploads\/2024\/06\/inicio2024_propedeuticos_upla3-1536x1152.jpg 1536w, https:\/\/upla.cl\/noticias\/wp-content\/uploads\/2024\/06\/inicio2024_propedeuticos_upla3.jpg 1920w\" sizes=\"auto, (max-width: 300px) 100vw, 300px\" \/><\/a>\n\t\t\t<\/div><\/figure><figure class='gallery-item'>\n\t\t\t<div class='gallery-icon landscape'>\n\t\t\t\t<a href=\"https:\/\/upla.cl\/noticias\/wp-content\/uploads\/2024\/06\/inicio2024_propedeuticos_upla8.jpg\"><img loading=\"lazy\" decoding=\"async\" width=\"300\" height=\"225\" src=\"https:\/\/upla.cl\/noticias\/wp-content\/uploads\/2024\/06\/inicio2024_propedeuticos_upla8-300x225.jpg\" class=\"attachment-medium size-medium\" alt=\"UPLA dio inicio a programas de proped\u00e9uticos con m\u00e1s de 700 personas inscritas\" srcset=\"https:\/\/upla.cl\/noticias\/wp-content\/uploads\/2024\/06\/inicio2024_propedeuticos_upla8-300x225.jpg 300w, https:\/\/upla.cl\/noticias\/wp-content\/uploads\/2024\/06\/inicio2024_propedeuticos_upla8-1024x768.jpg 1024w, https:\/\/upla.cl\/noticias\/wp-content\/uploads\/2024\/06\/inicio2024_propedeuticos_upla8-768x576.jpg 768w, https:\/\/upla.cl\/noticias\/wp-content\/uploads\/2024\/06\/inicio2024_propedeuticos_upla8-1536x1152.jpg 1536w, https:\/\/upla.cl\/noticias\/wp-content\/uploads\/2024\/06\/inicio2024_propedeuticos_upla8.jpg 1920w\" sizes=\"auto, (max-width: 300px) 100vw, 300px\" \/><\/a>\n\t\t\t<\/div><\/figure>\n\t\t<\/div>\n\n","protected":false},"excerpt":{"rendered":"<p>Actualmente, est\u00e1n abiertas las inscripciones hasta el 20 de agosto para los programas de Teatro e Ingenier\u00eda que son 100% en l\u00ednea.<\/p>\n","protected":false},"author":2,"featured_media":173614,"comment_status":"closed","ping_status":"closed","sticky":false,"template":"","format":"standard","meta":{"footnotes":""},"categories":[40,51,212,101,71,72,73,74,75,76,77,78,90,213],"tags":[],"class_list":["post-173609","post","type-post","status-publish","format-standard","has-post-thumbnail","","category-destacados","category-academia","category-admision","category-docencia","category-facultad-de-arte","category-facultad-de-ciencias-actividad-fisica-y-deporte","category-facultad-de-ciencias-de-la-educacion","category-facultad-de-ciencias-de-la-salud","category-facultad-de-ciencias-naturales-y-exactas","category-facultad-de-ciencias-sociales","category-facultad-de-humanidades","category-facultad-de-ingenieria","category-uae","category-vicerrectoria-academica"],"_links":{"self":[{"href":"https:\/\/upla.cl\/noticias\/wp-json\/wp\/v2\/posts\/173609","targetHints":{"allow":["GET"]}}],"collection":[{"href":"https:\/\/upla.cl\/noticias\/wp-json\/wp\/v2\/posts"}],"about":[{"href":"https:\/\/upla.cl\/noticias\/wp-json\/wp\/v2\/types\/post"}],"author":[{"embeddable":true,"href":"https:\/\/upla.cl\/noticias\/wp-json\/wp\/v2\/users\/2"}],"replies":[{"embeddable":true,"href":"https:\/\/upla.cl\/noticias\/wp-json\/wp\/v2\/comments?post=173609"}],"version-history":[{"count":0,"href":"https:\/\/upla.cl\/noticias\/wp-json\/wp\/v2\/posts\/173609\/revisions"}],"wp:featuredmedia":[{"embeddable":true,"href":"https:\/\/upla.cl\/noticias\/wp-json\/wp\/v2\/media\/173614"}],"wp:attachment":[{"href":"https:\/\/upla.cl\/noticias\/wp-json\/wp\/v2\/media?parent=173609"}],"wp:term":[{"taxonomy":"category","embeddable":true,"href":"https:\/\/upla.cl\/noticias\/wp-json\/wp\/v2\/categories?post=173609"},{"taxonomy":"post_tag","embeddable":true,"href":"https:\/\/upla.cl\/noticias\/wp-json\/wp\/v2\/tags?post=173609"}],"curies":[{"name":"wp","href":"https:\/\/api.w.org\/{rel}","templated":true}]}}