{"id":173697,"date":"2024-06-26T10:35:28","date_gmt":"2024-06-26T14:35:28","guid":{"rendered":"https:\/\/www.upla.cl\/noticias\/?p=173697"},"modified":"2024-06-26T10:35:28","modified_gmt":"2024-06-26T14:35:28","slug":"estudiantes-de-primero-de-educacion-diferencial-de-san-felipe-asistieron-a-esenciales-talleres-sobre-su-formacion-profesional","status":"publish","type":"post","link":"https:\/\/upla.cl\/noticias\/2024\/06\/26\/estudiantes-de-primero-de-educacion-diferencial-de-san-felipe-asistieron-a-esenciales-talleres-sobre-su-formacion-profesional\/","title":{"rendered":"Estudiantes de primero de Educaci\u00f3n Diferencial de San Felipe asistieron a esenciales talleres sobre su formaci\u00f3n profesional"},"content":{"rendered":"<p><strong><a href=\"https:\/\/www.upla.cl\/noticias\/wp-content\/uploads\/2024\/06\/Taller-1.jpg\"><img loading=\"lazy\" decoding=\"async\" class=\"aligncenter size-full wp-image-173700\" src=\"https:\/\/www.upla.cl\/noticias\/wp-content\/uploads\/2024\/06\/Taller-1.jpg\" alt=\"\" width=\"640\" height=\"430\" srcset=\"https:\/\/upla.cl\/noticias\/wp-content\/uploads\/2024\/06\/Taller-1.jpg 640w, https:\/\/upla.cl\/noticias\/wp-content\/uploads\/2024\/06\/Taller-1-300x202.jpg 300w, https:\/\/upla.cl\/noticias\/wp-content\/uploads\/2024\/06\/Taller-1-110x75.jpg 110w\" sizes=\"auto, (max-width: 640px) 100vw, 640px\" \/><\/a>Pedagog\u00eda en Educaci\u00f3n Diferencial del campus San Felipe<\/strong> llev\u00f3 a cabo un total de cinco talleres para sus estudiantes de primer a\u00f1o, los cuales tuvieron como objetivo el desarrollo de conocimientos sobre la formaci\u00f3n profesional en dicha carrera al interior de la UPLA.<\/p>\n<p>Los talleres fueron realizados por alumnos de promociones anteriores, quienes entregaron conocimientos adquiridos durante su trayectoria como estudiantes de la carrera y del campus.<\/p>\n<p><a href=\"https:\/\/www.upla.cl\/noticias\/wp-content\/uploads\/2024\/06\/Taller-5.jpg\"><img loading=\"lazy\" decoding=\"async\" class=\"alignleft size-medium wp-image-173698\" src=\"https:\/\/www.upla.cl\/noticias\/wp-content\/uploads\/2024\/06\/Taller-5-300x202.jpg\" alt=\"\" width=\"300\" height=\"202\" srcset=\"https:\/\/upla.cl\/noticias\/wp-content\/uploads\/2024\/06\/Taller-5-300x202.jpg 300w, https:\/\/upla.cl\/noticias\/wp-content\/uploads\/2024\/06\/Taller-5-110x75.jpg 110w, https:\/\/upla.cl\/noticias\/wp-content\/uploads\/2024\/06\/Taller-5.jpg 640w\" sizes=\"auto, (max-width: 300px) 100vw, 300px\" \/><\/a>Espec\u00edficamente, los talleres ejecutados fueron los siguientes: <strong>Reglamento del estudiante, Perfil de egreso, Plan de estudios, T\u00e9cnicas de estudio, y L\u00edneas de pr\u00e1cticas y Campo laboral.<\/strong><\/p>\n<p><strong>Claudia Caro S\u00e1nchez, coordinadora de la carrera de Pedagog\u00eda en Educaci\u00f3n Diferencial del campus San Felipe,<\/strong> destac\u00f3 que \u201cdesde mi punto de vista, la experiencia fue muy enriquecedora tanto para los estudiantes que participaron de los talleres, como para los estudiantes monitores, ya que cada taller tuvo una instancia para resolver dudas a trav\u00e9s de un di\u00e1logo con los estudiantes de primer a\u00f1o\u201d.<\/p>\n<p><a href=\"https:\/\/www.upla.cl\/noticias\/wp-content\/uploads\/2024\/06\/Taller-2.jpg\"><img loading=\"lazy\" decoding=\"async\" class=\"alignleft size-medium wp-image-173699\" src=\"https:\/\/www.upla.cl\/noticias\/wp-content\/uploads\/2024\/06\/Taller-2-300x202.jpg\" alt=\"\" width=\"300\" height=\"202\" srcset=\"https:\/\/upla.cl\/noticias\/wp-content\/uploads\/2024\/06\/Taller-2-300x202.jpg 300w, https:\/\/upla.cl\/noticias\/wp-content\/uploads\/2024\/06\/Taller-2-110x75.jpg 110w, https:\/\/upla.cl\/noticias\/wp-content\/uploads\/2024\/06\/Taller-2.jpg 640w\" sizes=\"auto, (max-width: 300px) 100vw, 300px\" \/><\/a>En ese sentido, la coordinadora detall\u00f3 que los estudiantes de primer a\u00f1o \u201cpudieron exponer todas sus dudas, por ejemplo, respecto a c\u00f3mo usar el <strong>Sistema Integrado,<\/strong> qu\u00e9 hacer si se falta a una evaluaci\u00f3n, la elecci\u00f3n de menci\u00f3n, la inscripci\u00f3n de asignaturas o c\u00f3mo obtener los sellos institucionales. Y, por su parte, los estudiantes monitores entregaron la informaci\u00f3n desde su experiencia, compartiendo vivencias, an\u00e9cdotas y tips que les fueron \u00fatiles durante su formaci\u00f3n profesional\u201d.<\/p>\n<p>(Daniel Labb\u00e9 Y., periodista Direcci\u00f3n General de Vinculaci\u00f3n con el Medio \/ Campus San Felipe)<\/p>\n","protected":false},"excerpt":{"rendered":"<p>Los cursos dictados por compa\u00f1eros de promociones anteriores abordaron temas como el reglamento del estudiante, perfil de egreso, plan y t\u00e9cnicas de estudio, pr\u00e1cticas y campo laboral.<\/p>\n","protected":false},"author":11,"featured_media":173700,"comment_status":"closed","ping_status":"closed","sticky":false,"template":"","format":"standard","meta":{"footnotes":""},"categories":[96,60,40,73,91],"tags":[],"class_list":["post-173697","post","type-post","status-publish","format-standard","has-post-thumbnail","","category-academicos","category-campus-san-felipe","category-destacados","category-facultad-de-ciencias-de-la-educacion","category-vinculacion-con-el-medio"],"_links":{"self":[{"href":"https:\/\/upla.cl\/noticias\/wp-json\/wp\/v2\/posts\/173697","targetHints":{"allow":["GET"]}}],"collection":[{"href":"https:\/\/upla.cl\/noticias\/wp-json\/wp\/v2\/posts"}],"about":[{"href":"https:\/\/upla.cl\/noticias\/wp-json\/wp\/v2\/types\/post"}],"author":[{"embeddable":true,"href":"https:\/\/upla.cl\/noticias\/wp-json\/wp\/v2\/users\/11"}],"replies":[{"embeddable":true,"href":"https:\/\/upla.cl\/noticias\/wp-json\/wp\/v2\/comments?post=173697"}],"version-history":[{"count":0,"href":"https:\/\/upla.cl\/noticias\/wp-json\/wp\/v2\/posts\/173697\/revisions"}],"wp:featuredmedia":[{"embeddable":true,"href":"https:\/\/upla.cl\/noticias\/wp-json\/wp\/v2\/media\/173700"}],"wp:attachment":[{"href":"https:\/\/upla.cl\/noticias\/wp-json\/wp\/v2\/media?parent=173697"}],"wp:term":[{"taxonomy":"category","embeddable":true,"href":"https:\/\/upla.cl\/noticias\/wp-json\/wp\/v2\/categories?post=173697"},{"taxonomy":"post_tag","embeddable":true,"href":"https:\/\/upla.cl\/noticias\/wp-json\/wp\/v2\/tags?post=173697"}],"curies":[{"name":"wp","href":"https:\/\/api.w.org\/{rel}","templated":true}]}}