{"id":173820,"date":"2024-06-28T14:53:09","date_gmt":"2024-06-28T18:53:09","guid":{"rendered":"https:\/\/www.upla.cl\/noticias\/?p=173820"},"modified":"2024-09-12T17:12:47","modified_gmt":"2024-09-12T20:12:47","slug":"rector-carlos-gonzalez-reitera-compromiso-con-ley-karin","status":"publish","type":"post","link":"https:\/\/upla.cl\/noticias\/2024\/06\/28\/rector-carlos-gonzalez-reitera-compromiso-con-ley-karin\/","title":{"rendered":"Rector Carlos Gonz\u00e1lez reitera compromiso con Ley Karin"},"content":{"rendered":"<p data-wp-editing=\"1\"><a href=\"https:\/\/www.upla.cl\/noticias\/wp-content\/uploads\/2024\/06\/Paola-Hernandez.jpg\"><img loading=\"lazy\" decoding=\"async\" class=\"alignleft size-medium wp-image-173829\" src=\"https:\/\/www.upla.cl\/noticias\/wp-content\/uploads\/2024\/06\/Paola-Hernandez-300x190.jpg\" alt=\"\" width=\"300\" height=\"190\" srcset=\"https:\/\/upla.cl\/noticias\/wp-content\/uploads\/2024\/06\/Paola-Hernandez-300x190.jpg 300w, https:\/\/upla.cl\/noticias\/wp-content\/uploads\/2024\/06\/Paola-Hernandez-1024x647.jpg 1024w, https:\/\/upla.cl\/noticias\/wp-content\/uploads\/2024\/06\/Paola-Hernandez-768x485.jpg 768w, https:\/\/upla.cl\/noticias\/wp-content\/uploads\/2024\/06\/Paola-Hernandez-1536x970.jpg 1536w, https:\/\/upla.cl\/noticias\/wp-content\/uploads\/2024\/06\/Paola-Hernandez.jpg 1700w\" sizes=\"auto, (max-width: 300px) 100vw, 300px\" \/><\/a>Una completa presentaci\u00f3n respecto de los alcances de la <strong>Ley Karin<\/strong>, que entrar\u00e1 en vigencia el 1 de agosto pr\u00f3ximo, entreg\u00f3 la <strong>abogada Paula Hern\u00e1ndez Contreras, experta en Derecho Laboral y profesional del movimiento No m\u00e1s otra Karin,<\/strong> quien expuso ante cerca de 100 funcionarios y funcionarias de nuestra Casa de Estudios.<\/p>\n<p>La actividad, organizada por el <strong>Comit\u00e9 Bipartito de Capacitaci\u00f3n (CBC)<\/strong>, fue presidida por el <strong>rector Carlos Gonz\u00e1lez Morales,<\/strong> quien calific\u00f3 esta instancia como muy positiva. En dicha ocasi\u00f3n, la m\u00e1xima autoridad universitaria, reiter\u00f3 su compromiso con la implementaci\u00f3n de la ley, a fin de garantizar entornos de trabajo y convivencia seguros, protegidos y de respeto.<\/p>\n<p>\u201cEsta es una tem\u00e1tica muy relevante para la Universidad, y en ella est\u00e1 el compromiso de Rector\u00eda para cumplir de forma rigurosa con la implementaci\u00f3n de toda la norma y reglas asociadas a la Ley Karin, las cuales se complementan con la pol\u00edtica de G\u00e9nero. El objetivo es asegurar entornos de trabajo y de convivencia seguros, protegidos y de respeto, y de eso nos vamos a ocupar\u201d, asegur\u00f3 el rector Gonz\u00e1lez, quien invit\u00f3 a toda la comunidad universitaria a informarse y participar de las instancias de conversaci\u00f3n sobre este tema.<\/p>\n<p><strong>Exposici\u00f3n<\/strong><\/p>\n<p><a href=\"https:\/\/www.upla.cl\/noticias\/wp-content\/uploads\/2024\/06\/Rector-Carlos-Gonznalez.jpg\"><img loading=\"lazy\" decoding=\"async\" class=\"alignright size-medium wp-image-173830\" src=\"https:\/\/www.upla.cl\/noticias\/wp-content\/uploads\/2024\/06\/Rector-Carlos-Gonznalez-237x300.jpg\" alt=\"\" width=\"237\" height=\"300\" srcset=\"https:\/\/upla.cl\/noticias\/wp-content\/uploads\/2024\/06\/Rector-Carlos-Gonznalez-237x300.jpg 237w, https:\/\/upla.cl\/noticias\/wp-content\/uploads\/2024\/06\/Rector-Carlos-Gonznalez-808x1024.jpg 808w, https:\/\/upla.cl\/noticias\/wp-content\/uploads\/2024\/06\/Rector-Carlos-Gonznalez-768x974.jpg 768w, https:\/\/upla.cl\/noticias\/wp-content\/uploads\/2024\/06\/Rector-Carlos-Gonznalez-1212x1536.jpg 1212w, https:\/\/upla.cl\/noticias\/wp-content\/uploads\/2024\/06\/Rector-Carlos-Gonznalez.jpg 1341w\" sizes=\"auto, (max-width: 237px) 100vw, 237px\" \/><\/a>Respecto a los alcances de esta Ley, la <strong>abogada Paula Hern\u00e1ndez<\/strong>, subray\u00f3 que el esp\u00edritu de este cuerpo normativo es de car\u00e1cter preventivo, particularmente, de las conductas de acoso laboral, sexual y violencia en el trabajo, raz\u00f3n por la cual, celebr\u00f3 que la Universidad de Playa Ancha genere estos espacios de informaci\u00f3n y concientizaci\u00f3n del tema.<\/p>\n<p>\u201cEl esp\u00edritu de la ley busca proteger y cuidar los espacios laborales. En t\u00e9rminos generales, la ley en s\u00ed, primero, modifica la definici\u00f3n de acoso laboral, en donde ya no se requiere una reiteraci\u00f3n de estas conductas, ya sea agresivas o tirantes, sino que solamente basta con una sola conducta para que estemos frente a un acoso laboral\u201d, precis\u00f3 la profesional.<\/p>\n<p>La ley Karin, que se public\u00f3 el 15 de enero pasado, entrar\u00e1 en vigencia el 1 de agosto pr\u00f3ximo, y ella considera la generaci\u00f3n de un protocolo de prevenci\u00f3n que busca cuidar los espacios laborales. La aplicaci\u00f3n de esta ley se complementa con el Convenio 190, con el fin de erradicar la violencia en los espacios de trabajo.<\/p>\n<p><a href=\"https:\/\/www.upla.cl\/noticias\/wp-content\/uploads\/2024\/06\/Ley-KarinDSC_0017.jpg\"><img loading=\"lazy\" decoding=\"async\" class=\"alignleft size-medium wp-image-173832\" src=\"https:\/\/www.upla.cl\/noticias\/wp-content\/uploads\/2024\/06\/Ley-KarinDSC_0017-300x200.jpg\" alt=\"\" width=\"300\" height=\"200\" srcset=\"https:\/\/upla.cl\/noticias\/wp-content\/uploads\/2024\/06\/Ley-KarinDSC_0017-300x200.jpg 300w, https:\/\/upla.cl\/noticias\/wp-content\/uploads\/2024\/06\/Ley-KarinDSC_0017-1024x683.jpg 1024w, https:\/\/upla.cl\/noticias\/wp-content\/uploads\/2024\/06\/Ley-KarinDSC_0017-768x512.jpg 768w, https:\/\/upla.cl\/noticias\/wp-content\/uploads\/2024\/06\/Ley-KarinDSC_0017-1536x1025.jpg 1536w, https:\/\/upla.cl\/noticias\/wp-content\/uploads\/2024\/06\/Ley-KarinDSC_0017.jpg 1700w\" sizes=\"auto, (max-width: 300px) 100vw, 300px\" \/><\/a>\u201cAqu\u00ed habr\u00e1 tolerancia cero a las conductas de acoso en general. Es decir, hay un cambio radical de lo que hoy tenemos, y este cambio radical precisamente se centra en la prevenci\u00f3n. Por ello, se requiere concientizar, hablar del acoso y que este acoso se entienda como un riesgo psicosocial. De ese modo vamos, a mitigar estos riesgos dentro de los lugares de trabajo\u201d, afirm\u00f3 la especialista, quien agreg\u00f3 que, cuando se habla de acoso, se apunta a conductas que son contrarias a la dignidad de las personas.<\/p>\n<p>Otro aspecto que se mencion\u00f3 en la exposici\u00f3n, es que, esta ley se suma la perspectiva de g\u00e9nero. Ello \u2013dijo-, porque en las encuestas que maneja el Movimiento que representa respecto al acoso en los lugares de trabajo, las mujeres son quienes m\u00e1s lo sufren, sobre todo, el de car\u00e1cter sexual.<\/p>\n<p>\u201cEsta perspectiva de g\u00e9nero, lo que busca, es un principio de igualdad. Entonces podemos erradicar estos prejuicios y estos sesgos a la hora de investigar. Me refiero a las discriminaciones que, muchas veces, pasan solapadas en nuestra sociedad y tambi\u00e9n en los lugares de trabajo. Entonces, el llamado en general es a informarse, acercarse y conocer de qu\u00e9 se trata esta ley\u201d, afirm\u00f3 la abogada, quien agreg\u00f3 que es parte de nuestros derechos fundamentales asegurar un trabajo libre de toda violencia.<\/p>\n<p><a href=\"https:\/\/www.upla.cl\/noticias\/wp-content\/uploads\/2024\/06\/Ley-KarinDSC_0041.jpg\"><img loading=\"lazy\" decoding=\"async\" class=\"alignleft size-medium wp-image-173831\" src=\"https:\/\/www.upla.cl\/noticias\/wp-content\/uploads\/2024\/06\/Ley-KarinDSC_0041-300x200.jpg\" alt=\"\" width=\"300\" height=\"200\" srcset=\"https:\/\/upla.cl\/noticias\/wp-content\/uploads\/2024\/06\/Ley-KarinDSC_0041-300x200.jpg 300w, https:\/\/upla.cl\/noticias\/wp-content\/uploads\/2024\/06\/Ley-KarinDSC_0041-1024x683.jpg 1024w, https:\/\/upla.cl\/noticias\/wp-content\/uploads\/2024\/06\/Ley-KarinDSC_0041-768x512.jpg 768w, https:\/\/upla.cl\/noticias\/wp-content\/uploads\/2024\/06\/Ley-KarinDSC_0041-1536x1025.jpg 1536w, https:\/\/upla.cl\/noticias\/wp-content\/uploads\/2024\/06\/Ley-KarinDSC_0041.jpg 1700w\" sizes=\"auto, (max-width: 300px) 100vw, 300px\" \/><\/a>Con gran fuerza, la expositora llam\u00f3 a todos y todas a dejar de normalizar la violencia para asegurar el trabajo decente y digno para todas las personas dentro de la organizaci\u00f3n, en el entendido de que nos referimos a un espacio laboral donde se aplican derechos, principios, y se desarrollan funciones alejadas de todo tipo de vulneraci\u00f3n.<\/p>\n<p>Agreg\u00f3 que, dentro de la Ley tambi\u00e9n se consideran las conductas inc\u00edvicas que, si bien no son acoso propiamente tal, efectivamente pueden derivar en ella, si se mantienen en el tiempo. Igualmente importante, es considerar el concepto de \u201cviolencia a terceros\u201d, que afecta a personas ajenas a la relaci\u00f3n laboral, como es el caso de las y los estudiantes.<\/p>\n<p>\u201cEn otras palabras, se debe comprender y asumir que la violencia no ser\u00e1 permitida en la universidad y que, para ello, debemos desarrollar relaciones de buen trato entre todos y todas. La responsabilidad es nuestra\u201d, concluy\u00f3 la expositora, quien cerr\u00f3 su presentaci\u00f3n tras responder distintas inquietudes de los presentes que siguieron atentamente cada uno de los puntos.<\/p>\n<p>Esta misma actividad se realizar\u00e1 en el campus San Felipe, el pr\u00f3ximo 5 de julio.<\/p>\n<div id='gallery-1' class='gallery galleryid-173820 gallery-columns-3 gallery-size-thumbnail'><figure class='gallery-item'>\n\t\t\t<div class='gallery-icon landscape'>\n\t\t\t\t<a href='https:\/\/upla.cl\/noticias\/wp-content\/uploads\/2024\/06\/Ley-KarinDSC_0004.jpg'><img loading=\"lazy\" decoding=\"async\" width=\"150\" height=\"150\" src=\"https:\/\/upla.cl\/noticias\/wp-content\/uploads\/2024\/06\/Ley-KarinDSC_0004-150x150.jpg\" class=\"attachment-thumbnail size-thumbnail\" alt=\"\" \/><\/a>\n\t\t\t<\/div><\/figure><figure class='gallery-item'>\n\t\t\t<div class='gallery-icon landscape'>\n\t\t\t\t<a href='https:\/\/upla.cl\/noticias\/wp-content\/uploads\/2024\/06\/Ley-KarinDSC_0007.jpg'><img loading=\"lazy\" decoding=\"async\" width=\"150\" height=\"150\" src=\"https:\/\/upla.cl\/noticias\/wp-content\/uploads\/2024\/06\/Ley-KarinDSC_0007-150x150.jpg\" class=\"attachment-thumbnail size-thumbnail\" alt=\"\" \/><\/a>\n\t\t\t<\/div><\/figure><figure class='gallery-item'>\n\t\t\t<div class='gallery-icon landscape'>\n\t\t\t\t<a href='https:\/\/upla.cl\/noticias\/wp-content\/uploads\/2024\/06\/Ley-KarinDSC_0008.jpg'><img loading=\"lazy\" decoding=\"async\" width=\"150\" height=\"150\" src=\"https:\/\/upla.cl\/noticias\/wp-content\/uploads\/2024\/06\/Ley-KarinDSC_0008-150x150.jpg\" class=\"attachment-thumbnail size-thumbnail\" alt=\"\" \/><\/a>\n\t\t\t<\/div><\/figure><figure class='gallery-item'>\n\t\t\t<div class='gallery-icon landscape'>\n\t\t\t\t<a href='https:\/\/upla.cl\/noticias\/wp-content\/uploads\/2024\/06\/Ley-KarinDSC_0010.jpg'><img loading=\"lazy\" decoding=\"async\" width=\"150\" height=\"150\" src=\"https:\/\/upla.cl\/noticias\/wp-content\/uploads\/2024\/06\/Ley-KarinDSC_0010-150x150.jpg\" class=\"attachment-thumbnail size-thumbnail\" alt=\"\" \/><\/a>\n\t\t\t<\/div><\/figure><figure class='gallery-item'>\n\t\t\t<div class='gallery-icon landscape'>\n\t\t\t\t<a href='https:\/\/upla.cl\/noticias\/wp-content\/uploads\/2024\/06\/Ley-KarinDSC_0012.jpg'><img loading=\"lazy\" decoding=\"async\" width=\"150\" height=\"150\" src=\"https:\/\/upla.cl\/noticias\/wp-content\/uploads\/2024\/06\/Ley-KarinDSC_0012-150x150.jpg\" class=\"attachment-thumbnail size-thumbnail\" alt=\"\" \/><\/a>\n\t\t\t<\/div><\/figure><figure class='gallery-item'>\n\t\t\t<div class='gallery-icon landscape'>\n\t\t\t\t<a href='https:\/\/upla.cl\/noticias\/wp-content\/uploads\/2024\/06\/Ley-KarinDSC_0014.jpg'><img loading=\"lazy\" decoding=\"async\" width=\"150\" height=\"150\" src=\"https:\/\/upla.cl\/noticias\/wp-content\/uploads\/2024\/06\/Ley-KarinDSC_0014-150x150.jpg\" class=\"attachment-thumbnail size-thumbnail\" alt=\"\" \/><\/a>\n\t\t\t<\/div><\/figure><figure class='gallery-item'>\n\t\t\t<div class='gallery-icon landscape'>\n\t\t\t\t<a href='https:\/\/upla.cl\/noticias\/wp-content\/uploads\/2024\/06\/Ley-KarinDSC_0017-1.jpg'><img loading=\"lazy\" decoding=\"async\" width=\"150\" height=\"150\" src=\"https:\/\/upla.cl\/noticias\/wp-content\/uploads\/2024\/06\/Ley-KarinDSC_0017-1-150x150.jpg\" class=\"attachment-thumbnail size-thumbnail\" alt=\"\" \/><\/a>\n\t\t\t<\/div><\/figure><figure class='gallery-item'>\n\t\t\t<div class='gallery-icon landscape'>\n\t\t\t\t<a href='https:\/\/upla.cl\/noticias\/wp-content\/uploads\/2024\/06\/Ley-KarinDSC_0025.jpg'><img loading=\"lazy\" decoding=\"async\" width=\"150\" height=\"150\" src=\"https:\/\/upla.cl\/noticias\/wp-content\/uploads\/2024\/06\/Ley-KarinDSC_0025-150x150.jpg\" class=\"attachment-thumbnail size-thumbnail\" alt=\"\" \/><\/a>\n\t\t\t<\/div><\/figure><figure class='gallery-item'>\n\t\t\t<div class='gallery-icon landscape'>\n\t\t\t\t<a href='https:\/\/upla.cl\/noticias\/wp-content\/uploads\/2024\/06\/Ley-KarinDSC_0028.jpg'><img loading=\"lazy\" decoding=\"async\" width=\"150\" height=\"150\" src=\"https:\/\/upla.cl\/noticias\/wp-content\/uploads\/2024\/06\/Ley-KarinDSC_0028-150x150.jpg\" class=\"attachment-thumbnail size-thumbnail\" alt=\"\" \/><\/a>\n\t\t\t<\/div><\/figure><figure class='gallery-item'>\n\t\t\t<div class='gallery-icon landscape'>\n\t\t\t\t<a href='https:\/\/upla.cl\/noticias\/wp-content\/uploads\/2024\/06\/Ley-KarinDSC_0031.jpg'><img loading=\"lazy\" decoding=\"async\" width=\"150\" height=\"150\" src=\"https:\/\/upla.cl\/noticias\/wp-content\/uploads\/2024\/06\/Ley-KarinDSC_0031-150x150.jpg\" class=\"attachment-thumbnail size-thumbnail\" alt=\"\" \/><\/a>\n\t\t\t<\/div><\/figure><figure class='gallery-item'>\n\t\t\t<div class='gallery-icon landscape'>\n\t\t\t\t<a href='https:\/\/upla.cl\/noticias\/wp-content\/uploads\/2024\/06\/Ley-KarinDSC_0041-1.jpg'><img loading=\"lazy\" decoding=\"async\" width=\"150\" height=\"150\" src=\"https:\/\/upla.cl\/noticias\/wp-content\/uploads\/2024\/06\/Ley-KarinDSC_0041-1-150x150.jpg\" class=\"attachment-thumbnail size-thumbnail\" alt=\"\" \/><\/a>\n\t\t\t<\/div><\/figure>\n\t\t<\/div>\n\n","protected":false},"excerpt":{"rendered":"<p>La abogada Paula Hern\u00e1ndez Contreras, experta en Derecho Laboral , expuso los alcances de la Ley Karen, ante cerca de 100 funcionarios y funcionarias de nuestra Casa de Estudios.<\/p>\n","protected":false},"author":3,"featured_media":173844,"comment_status":"closed","ping_status":"closed","sticky":false,"template":"","format":"standard","meta":{"footnotes":""},"categories":[51,96,212,202,200,60,61,62,64,40,67,101,210,245,69,97,71,72,73,74,75,76,77,78,99,150,204,209,122,83,121,403,151,133,205,84,136,85,178,86,87,208,103,139,90,137,213,91],"tags":[],"class_list":["post-173820","post","type-post","status-publish","format-standard","has-post-thumbnail","","category-academia","category-academicos","category-admision","category-analisis-y-planificacion-estrategica","category-aranceles-y-credito","category-campus-san-felipe","category-carreras-vespertinas","category-cea","category-convenio-de-desempeno","category-destacados","category-dirgecal","category-docencia","category-editorial-puntangeles","category-educacion-virtual","category-egresados","category-estudiantes","category-facultad-de-arte","category-facultad-de-ciencias-actividad-fisica-y-deporte","category-facultad-de-ciencias-de-la-educacion","category-facultad-de-ciencias-de-la-salud","category-facultad-de-ciencias-naturales-y-exactas","category-facultad-de-ciencias-sociales","category-facultad-de-humanidades","category-facultad-de-ingenieria","category-funcionarios","category-genero","category-gestion-de-la-calidad","category-hub-ambiental","category-inclusion","category-instituto-tecnologico","category-laboratorio-servicio-de-analisis","category-ley-karin","category-museo-universitario-del-grabado","category-nucleo-de-innovacion","category-operaciones","category-otec","category-pace-upla","category-postgrados","category-rectoria","category-relaciones-internacionales","category-colmenita","category-sala-upla","category-bienestar-del-personal","category-sibupla","category-uae","category-upla-tv","category-vicerrectoria-academica","category-vinculacion-con-el-medio"],"_links":{"self":[{"href":"https:\/\/upla.cl\/noticias\/wp-json\/wp\/v2\/posts\/173820","targetHints":{"allow":["GET"]}}],"collection":[{"href":"https:\/\/upla.cl\/noticias\/wp-json\/wp\/v2\/posts"}],"about":[{"href":"https:\/\/upla.cl\/noticias\/wp-json\/wp\/v2\/types\/post"}],"author":[{"embeddable":true,"href":"https:\/\/upla.cl\/noticias\/wp-json\/wp\/v2\/users\/3"}],"replies":[{"embeddable":true,"href":"https:\/\/upla.cl\/noticias\/wp-json\/wp\/v2\/comments?post=173820"}],"version-history":[{"count":0,"href":"https:\/\/upla.cl\/noticias\/wp-json\/wp\/v2\/posts\/173820\/revisions"}],"wp:featuredmedia":[{"embeddable":true,"href":"https:\/\/upla.cl\/noticias\/wp-json\/wp\/v2\/media\/173844"}],"wp:attachment":[{"href":"https:\/\/upla.cl\/noticias\/wp-json\/wp\/v2\/media?parent=173820"}],"wp:term":[{"taxonomy":"category","embeddable":true,"href":"https:\/\/upla.cl\/noticias\/wp-json\/wp\/v2\/categories?post=173820"},{"taxonomy":"post_tag","embeddable":true,"href":"https:\/\/upla.cl\/noticias\/wp-json\/wp\/v2\/tags?post=173820"}],"curies":[{"name":"wp","href":"https:\/\/api.w.org\/{rel}","templated":true}]}}