{"id":173923,"date":"2024-07-02T10:53:36","date_gmt":"2024-07-02T14:53:36","guid":{"rendered":"https:\/\/www.upla.cl\/noticias\/?p=173923"},"modified":"2024-07-02T12:09:17","modified_gmt":"2024-07-02T16:09:17","slug":"atencion-comunidad-upla-nueva-plataforma-entrega-apoyo-y-orientacion-vinculada-a-la-salud-mental","status":"publish","type":"post","link":"https:\/\/upla.cl\/noticias\/2024\/07\/02\/atencion-comunidad-upla-nueva-plataforma-entrega-apoyo-y-orientacion-vinculada-a-la-salud-mental\/","title":{"rendered":"Atenci\u00f3n comunidad UPLA: nueva plataforma entrega apoyo y orientaci\u00f3n vinculada a la salud mental"},"content":{"rendered":"<p><span style=\"font-weight: 400;\"><a href=\"https:\/\/www.upla.cl\/noticias\/wp-content\/uploads\/2024\/07\/rrss-aqui-contigo.png\"><img loading=\"lazy\" decoding=\"async\" class=\"size-medium wp-image-173924 alignleft\" src=\"https:\/\/www.upla.cl\/noticias\/wp-content\/uploads\/2024\/07\/rrss-aqui-contigo-300x300.png\" alt=\"\" width=\"300\" height=\"300\" srcset=\"https:\/\/upla.cl\/noticias\/wp-content\/uploads\/2024\/07\/rrss-aqui-contigo-300x300.png 300w, https:\/\/upla.cl\/noticias\/wp-content\/uploads\/2024\/07\/rrss-aqui-contigo-1024x1024.png 1024w, https:\/\/upla.cl\/noticias\/wp-content\/uploads\/2024\/07\/rrss-aqui-contigo-150x150.png 150w, https:\/\/upla.cl\/noticias\/wp-content\/uploads\/2024\/07\/rrss-aqui-contigo-768x768.png 768w, https:\/\/upla.cl\/noticias\/wp-content\/uploads\/2024\/07\/rrss-aqui-contigo.png 1080w\" sizes=\"auto, (max-width: 300px) 100vw, 300px\" \/><\/a>Con la finalidad de propiciar un espacio que permita brindar respuestas concretas y oportunas a los problemas de salud mental, la <\/span><b>Red de Salud Digital del Consorcio de Universidades del Estado de Chile<\/b><span style=\"font-weight: 400;\"> (CUECH), de la cual la Universidad de Playa Ancha forma parte, dio origen al <\/span><a href=\"https:\/\/aquicontigo.uestatales.cl\/\" target=\"_blank\" rel=\"noopener\"><b>sitio web<\/b> <b>\u201cAqu\u00ed Contigo\u201d<\/b><\/a><span style=\"font-weight: 400;\">, plataforma de libre acceso para las comunidades de las casas de estudios asociadas.<\/span><\/p>\n<p><span style=\"font-weight: 400;\">Los contenidos de este sitio se dividen en dos grandes grupos (dependiendo de quien necesite orientaci\u00f3n), es decir: puede ser para <\/span><b>uso propio<\/b><span style=\"font-weight: 400;\"> o para aquellos y aquellas que buscan <\/span><b>directrices que les permitan asistir a otra persona<\/b><span style=\"font-weight: 400;\">.\u00a0<\/span><\/p>\n<p><span style=\"font-weight: 400;\">Las y los integrantes de la UPLA, podr\u00e1n ingresar a la plataforma por medio del correo institucional asociado a \u201cGoogle\u201d. En el <\/span><b>perfil<\/b>, <span style=\"font-weight: 400;\">hallar\u00e1n<\/span> <span style=\"font-weight: 400;\">informaci\u00f3n espec\u00edfica de la universidad (la descripci\u00f3n y contactos del Centro para el Desarrollo Psicosocial; Centro Universitario para la Salud y el Bienestar; Direcci\u00f3n General de Desarrollo Estudiantil; y la Direcci\u00f3n de Deportes y Recreaci\u00f3n), como tambi\u00e9n, cuestionarios relacionados con salud mental, un registro del \u00e1nimo y favoritos. <\/span><span style=\"font-weight: 400;\">Adem\u00e1s, podr\u00e1n acceder a los canales de ayuda y orientaci\u00f3n habilitados, y a <\/span><span style=\"font-weight: 400;\">recursos para cuidar la salud mental.<\/span><\/p>\n<p><span style=\"font-weight: 400;\">Al respecto, <b>Marl\u00e9n Figueroa Varela<\/b>, acad\u00e9mica de la carrera de Psicolog\u00eda de la Facultad de Ciencias Sociales<\/span><span style=\"font-weight: 400;\"> (UPLA) e integrante de la Mesa de Salud Mental de la red, explic\u00f3 que <\/span>l<span style=\"font-weight: 400;\">a plataforma pretende brindar informaci\u00f3n psicoeducativa respecto de tem\u00e1ticas en salud mental, en espec\u00edfico, para identificar patrones que permitan identificar lo que a cada quien le sucede, posibles formas de enfrentarlo y alternativas de atenci\u00f3n.\u00a0<\/span><\/p>\n<p><span style=\"font-weight: 400;\">\u201cLas personas pueden ingresar a la informaci\u00f3n a\u00fan cuando no sean parte de las instituciones; sin embargo, es posible acceder a m\u00e1s recursos (test, datos de atenci\u00f3n, entre otros), en la medida que se <\/span><i><span style=\"font-weight: 400;\">logueen<\/span><\/i><span style=\"font-weight: 400;\"> o ingresen con su mail institucional, objetivo que se intenciona para aumentar la visibilidad y determinar el uso de la plataforma\u201d, detall\u00f3.<\/span><\/p>\n<p><span style=\"font-weight: 400;\">Por su parte,<\/span><b> Steffen H\u00e4rtel Gr\u00fcndell, <\/b><span style=\"font-weight: 400;\">coordinador de la Red de Salud Digital, destac\u00f3 que la plataforma ofrece una alternativa de informaci\u00f3n confiable y veraz: \u201cEste sitio habla nuestro lenguaje, pas\u00f3 por todos los controles de calidad de las y los participantes, y representa lo que piensan las universidades del Estado, en relaci\u00f3n a c\u00f3mo atender la salud mental de nuestros y nuestras estudiantes en forma correcta. Eso da mucha seguridad\u201d, afirm\u00f3.<\/span><\/p>\n<p><span style=\"font-weight: 400;\">En el contexto de la salud mental de estudiantes universitarias y universitarios, y j\u00f3venes en general, <strong>Figueroa <\/strong><\/span><span style=\"font-weight: 400;\">relat\u00f3 que se hace necesario contar con el m\u00e1ximo de recursos posibles para enfrentar la alta prevalencia de sintomatolog\u00eda ansiosa, depresiva y de ideaci\u00f3n suicida que ha sido pesquisada por las \u00faltimas investigaciones en el \u00e1rea.\u00a0<\/span><\/p>\n<p><span style=\"font-weight: 400;\">\u201cConsiderando que la forma en que las personas j\u00f3venes se informan, se corresponde con el uso de recursos en internet, este tipo de herramientas se constituyen en alternativas efectivas para favorecer el autoconocimiento, b\u00fasqueda de ayuda y posibilidades para hacer frente a las distintas situaciones que aparecen descritas en la plataforma, de acuerdo a la informaci\u00f3n que pueden obtener a trav\u00e9s de esta herramienta\u201d, dijo la profesional.<\/span><\/p>\n<p><b>Red de Salud Digital<\/b><\/p>\n<p><span style=\"font-weight: 400;\">La Red de Salud Digital de las Universidades del Estado (RSDUE) est\u00e1 integrada por 14 universidades estatales a lo largo de Chile, e inici\u00f3 como un proyecto tem\u00e1tico del Plan de Fortalecimiento de las Universidades Estatales en el 2021, adjudic\u00e1ndose financiamiento por tres a\u00f1os.<\/span><\/p>\n<p><span style=\"font-weight: 400;\">Su misi\u00f3n es fomentar y fortalecer las necesidades de formaci\u00f3n, transformaci\u00f3n, investigaci\u00f3n e innovaci\u00f3n en Salud Digital de las instituciones de Educaci\u00f3n Superior, de una manera integral y colaborativa, contando con el apoyo de organizaciones externas clave en el \u00e1mbito de la salud digital, tales como: \u00abHealth Level Seven\u00bb Chile (HL7), la Red Universitaria Nacional (REUNA), \u00abThe International Digital Health and AI Research Collaborative\u00bb (I-DAIR) e ITMS.\u00a0<\/span><\/p>\n<p><span style=\"font-weight: 400;\">Las representantes de la Universidad de Playa Ancha en la red son las acad\u00e9micas <\/span><b>Mar\u00eda Fernanda Agudelo y Fabiola Vera Madrid<\/b><span style=\"font-weight: 400;\">, de la Facultad de Ciencias de la Salud, y cuentan con el apoyo de la docente <\/span><b>Sof\u00eda Co\u00f1uecar Silva<\/b><span style=\"font-weight: 400;\"> (de la misma facultad). Mientras que,<\/span><span style=\"font-weight: 400;\">\u00a0<\/span><b>Marl\u00e9n Figueroa Varela<\/b><span style=\"font-weight: 400;\">, acad\u00e9mica de la carrera de Psicolog\u00eda de la Facultad de Ciencias Sociales, integra la <\/span><b>Mesa de Salud Mental<\/b><span style=\"font-weight: 400;\">, la cual se enfoca en la promoci\u00f3n, prevenci\u00f3n y atenci\u00f3n de la salud mental de la comunidad estudiantil.<\/span><\/p>\n<p><span style=\"font-weight: 400;\">Cabe destacar que la<\/span> UPLA ha participado de forma activa en la RSDUE,<span style=\"font-weight: 400;\"> desde el dise\u00f1o del proyecto, y las <\/span><span style=\"font-weight: 400;\">acad\u00e9micas se han desempe\u00f1ado de manera colaborativa y sistem\u00e1tica con los diversos equipos de las instituciones de Educaci\u00f3n Superior vinculadas a la red.<\/span><\/p>\n","protected":false},"excerpt":{"rendered":"<p>La Red de Salud Digital del Consorcio de Universidades del Estado de Chile (CUECH), de la cual la Universidad de Playa Ancha forma parte, dio origen al sitio web \u201cAqu\u00ed Contigo\u201d, plataforma de libre acceso para las comunidades de las casas de estudios asociadas.<\/p>\n","protected":false},"author":18,"featured_media":173924,"comment_status":"closed","ping_status":"closed","sticky":false,"template":"","format":"standard","meta":{"footnotes":""},"categories":[91,40,97,71,72,73,74,75,76,77,78,99],"tags":[],"class_list":["post-173923","post","type-post","status-publish","format-standard","has-post-thumbnail","","category-vinculacion-con-el-medio","category-destacados","category-estudiantes","category-facultad-de-arte","category-facultad-de-ciencias-actividad-fisica-y-deporte","category-facultad-de-ciencias-de-la-educacion","category-facultad-de-ciencias-de-la-salud","category-facultad-de-ciencias-naturales-y-exactas","category-facultad-de-ciencias-sociales","category-facultad-de-humanidades","category-facultad-de-ingenieria","category-funcionarios"],"_links":{"self":[{"href":"https:\/\/upla.cl\/noticias\/wp-json\/wp\/v2\/posts\/173923","targetHints":{"allow":["GET"]}}],"collection":[{"href":"https:\/\/upla.cl\/noticias\/wp-json\/wp\/v2\/posts"}],"about":[{"href":"https:\/\/upla.cl\/noticias\/wp-json\/wp\/v2\/types\/post"}],"author":[{"embeddable":true,"href":"https:\/\/upla.cl\/noticias\/wp-json\/wp\/v2\/users\/18"}],"replies":[{"embeddable":true,"href":"https:\/\/upla.cl\/noticias\/wp-json\/wp\/v2\/comments?post=173923"}],"version-history":[{"count":0,"href":"https:\/\/upla.cl\/noticias\/wp-json\/wp\/v2\/posts\/173923\/revisions"}],"wp:featuredmedia":[{"embeddable":true,"href":"https:\/\/upla.cl\/noticias\/wp-json\/wp\/v2\/media\/173924"}],"wp:attachment":[{"href":"https:\/\/upla.cl\/noticias\/wp-json\/wp\/v2\/media?parent=173923"}],"wp:term":[{"taxonomy":"category","embeddable":true,"href":"https:\/\/upla.cl\/noticias\/wp-json\/wp\/v2\/categories?post=173923"},{"taxonomy":"post_tag","embeddable":true,"href":"https:\/\/upla.cl\/noticias\/wp-json\/wp\/v2\/tags?post=173923"}],"curies":[{"name":"wp","href":"https:\/\/api.w.org\/{rel}","templated":true}]}}