{"id":174060,"date":"2024-07-09T09:33:05","date_gmt":"2024-07-09T13:33:05","guid":{"rendered":"https:\/\/www.upla.cl\/noticias\/?p=174060"},"modified":"2024-07-10T16:34:11","modified_gmt":"2024-07-10T20:34:11","slug":"docentes-del-sistema-escolar-publico-chileno-y-espanol-comparten-experiencias-de-aprendizaje-por-abp","status":"publish","type":"post","link":"https:\/\/upla.cl\/noticias\/2024\/07\/09\/docentes-del-sistema-escolar-publico-chileno-y-espanol-comparten-experiencias-de-aprendizaje-por-abp\/","title":{"rendered":"Docentes del sistema escolar p\u00fablico chileno y espa\u00f1ol comparten experiencias de aprendizaje por ABP"},"content":{"rendered":"<p><a href=\"https:\/\/www.upla.cl\/noticias\/wp-content\/uploads\/2024\/07\/jornada2_seminario_internacional_abp.png\"><img loading=\"lazy\" decoding=\"async\" class=\"aligncenter wp-image-174066 size-full\" src=\"https:\/\/www.upla.cl\/noticias\/wp-content\/uploads\/2024\/07\/jornada2_seminario_internacional_abp-e1720208170374.png\" alt=\"\" width=\"979\" height=\"444\" srcset=\"https:\/\/upla.cl\/noticias\/wp-content\/uploads\/2024\/07\/jornada2_seminario_internacional_abp-e1720208170374.png 979w, https:\/\/upla.cl\/noticias\/wp-content\/uploads\/2024\/07\/jornada2_seminario_internacional_abp-e1720208170374-300x136.png 300w, https:\/\/upla.cl\/noticias\/wp-content\/uploads\/2024\/07\/jornada2_seminario_internacional_abp-e1720208170374-768x348.png 768w\" sizes=\"auto, (max-width: 979px) 100vw, 979px\" \/><\/a><\/p>\n<p>Una segunda jornada online se llev\u00f3 a cabo el <a href=\"https:\/\/sites.google.com\/view\/redincechileyslepvalpo\/inicio?authuser=0&amp;pli=1\" target=\"_blank\" rel=\"noopener\">perfeccionamiento docente <strong>\u201c3er Seminario Internacional Virtual: Experiencias de Ense\u00f1anza-Aprendizaje Basada en Proyecto (ABP)<\/strong><\/a>\u201d, que organiz\u00f3 el\u00a0<strong>Departamento de Ciencias y Geograf\u00eda\u00a0<\/strong>de la\u00a0<a href=\"https:\/\/upla.cl\/facultad\/cienciasnaturalesyexactas\/\" target=\"_blank\" rel=\"noopener\"><strong>Facultad de Ciencias Naturales y Exactas<\/strong><\/a><strong>\u00a0<\/strong>de la<strong>\u00a0Universidad de Playa Ancha<\/strong>, con la colaboraci\u00f3n del<strong>\u00a0<\/strong><strong>Grupo de investigaci\u00f3n ENCIC<\/strong><strong>\u00a0<\/strong>de la<strong>\u00a0<\/strong><strong>Universidad de M\u00e1laga<\/strong><strong>,\u00a0<\/strong><strong>RED-INCE\u00a0<\/strong>y la <strong>Coordinaci\u00f3n del \u00c1rea de Ciencias Innovaci\u00f3n y Medio Ambiente (CIMA)\u00a0<\/strong>de los<strong>\u00a0Servicios Locales de Educaci\u00f3n P\u00fablica (SLEP)\u00a0<\/strong>de<strong>\u00a0Valpara\u00edso y Juan Fern\u00e1ndez.<\/strong><\/p>\n<p>En la actividad estuvo presente la <strong>profesora titular de Did\u00e1ctica de las Ciencias Experimentales de la Universidad de M\u00e1laga, Espa\u00f1a, Dra. Teresa Lupi\u00f3n Cobos, <\/strong>quien destac\u00f3 esta iniciativa por permitir al profesorado conocer interesantes experiencias que sirven de motivaci\u00f3n para la Educathon, segunda etapa de este seminario, donde los docentes son responsables de dise\u00f1ar propuestas en las que pondr\u00e1n en acci\u00f3n la creatividad que se haya podido asentar.<\/p>\n<p>As\u00ed tambi\u00e9n, el <strong>coordinador del \u00e1rea de Ciencias, Innovaci\u00f3n y Medio Ambiente del SLEP Valpara\u00edso y Juan Fern\u00e1ndez, Jorge Moreira<\/strong>, sostuvo que \u00e9ste ha sido un trabajo arduo \u00abcon m\u00e1s del cincuenta por ciento presente de colegios y liceos del SLEP en la jornada, para favorecer los aprendizajes de todos nuestros estudiantes\u00bb.<\/p>\n<p><a href=\"https:\/\/www.upla.cl\/noticias\/wp-content\/uploads\/2024\/07\/proyecto_abp_liceo_bicentenario_valparaiso.png\"><img loading=\"lazy\" decoding=\"async\" class=\"alignright size-medium wp-image-174068\" src=\"https:\/\/www.upla.cl\/noticias\/wp-content\/uploads\/2024\/07\/proyecto_abp_liceo_bicentenario_valparaiso-300x234.png\" alt=\"\" width=\"300\" height=\"234\" srcset=\"https:\/\/upla.cl\/noticias\/wp-content\/uploads\/2024\/07\/proyecto_abp_liceo_bicentenario_valparaiso-300x234.png 300w, https:\/\/upla.cl\/noticias\/wp-content\/uploads\/2024\/07\/proyecto_abp_liceo_bicentenario_valparaiso.png 502w\" sizes=\"auto, (max-width: 300px) 100vw, 300px\" \/><\/a>Las<strong> docentes del Liceo Bicentenario de Valpara\u00edso, Viviana Parra y Carla Calvo<\/strong>, iniciaron las exposiciones con el trabajo \u00abConocer para conservar\u00bb, desarrollado en las asignaturas Ciencias para la Ciudadan\u00eda junto a Vestuario y Confecci\u00f3n Textil. Con las preguntas \u00bfcu\u00e1l es la situaci\u00f3n de la biodiversidad en mi regi\u00f3n? y \u00bfqu\u00e9 mejorar\u00edas en tu conducta para realmente asegurar la conservaci\u00f3n del entorno?, dise\u00f1aron un proyecto local basado en evidencia cient\u00edfica sobre aves en peligro, vulnerables y en amenaza, que deriv\u00f3 en la confecci\u00f3n de art\u00edculos para el hogar y vestuario, disponiendo para ello de desechos textiles, utilizando as\u00ed sosteniblemente los recursos.<\/p>\n<p><strong>Modelaci\u00f3n<\/strong><\/p>\n<p><a href=\"https:\/\/www.upla.cl\/noticias\/wp-content\/uploads\/2024\/07\/bebidas_gaseosas_en-apb.jpeg\"><img loading=\"lazy\" decoding=\"async\" class=\"alignright size-medium wp-image-174074\" src=\"https:\/\/www.upla.cl\/noticias\/wp-content\/uploads\/2024\/07\/bebidas_gaseosas_en-apb-300x196.jpeg\" alt=\"\" width=\"300\" height=\"196\" srcset=\"https:\/\/upla.cl\/noticias\/wp-content\/uploads\/2024\/07\/bebidas_gaseosas_en-apb-300x196.jpeg 300w, https:\/\/upla.cl\/noticias\/wp-content\/uploads\/2024\/07\/bebidas_gaseosas_en-apb.jpeg 590w\" sizes=\"auto, (max-width: 300px) 100vw, 300px\" \/><\/a>Desde Espa\u00f1a, el <strong>docente del Colegio La Presentaci\u00f3n, Dr. Joaqu\u00edn Ca\u00f1ero,<\/strong> y<strong> acad\u00e9mico de la Universidad de M\u00e1laga<\/strong>, comparti\u00f3 la iniciativa \u00abAprendizaje de las disoluciones mediante modelaci\u00f3n, en el contexto de las bebidas gaseosas\u00bb, en la que tomaron parte estudiantes de 13 y 14 a\u00f1os.<\/p>\n<p>Ca\u00f1ero afirm\u00f3 que las bebidas gaseosas \u00abpermiten de manera pr\u00e1ctica usar, elaborar, evaluar y comparar, como parte de los elementos de la modelaci\u00f3n, es decir, ayudan a pensar sobre lo que los estudiantes han hecho, puesto que el razonamiento basado en modelos mejora el pensamiento cr\u00edtico\u00bb.<\/p>\n<p>Su propuesta consider\u00f3 14 actividades, cuyas secuencias comparti\u00f3 con las y los profesores presentes, contemplando, entre otros aspectos, el consumo de bebidas gaseosas y consumo excesivo de az\u00facar; preparaci\u00f3n de disoluciones con una concentraci\u00f3n dada; concepto de burbuja; elaboraci\u00f3n de campa\u00f1a informativa para difundir en la comunidad escolar lo aprendido; y evaluaci\u00f3n final.<\/p>\n<p><a href=\"https:\/\/www.upla.cl\/noticias\/wp-content\/uploads\/2024\/07\/experiencia_jesus_giron.png\"><img loading=\"lazy\" decoding=\"async\" class=\"alignright size-medium wp-image-174076\" src=\"https:\/\/www.upla.cl\/noticias\/wp-content\/uploads\/2024\/07\/experiencia_jesus_giron-300x169.png\" alt=\"\" width=\"300\" height=\"169\" srcset=\"https:\/\/upla.cl\/noticias\/wp-content\/uploads\/2024\/07\/experiencia_jesus_giron-300x169.png 300w, https:\/\/upla.cl\/noticias\/wp-content\/uploads\/2024\/07\/experiencia_jesus_giron-1024x576.png 1024w, https:\/\/upla.cl\/noticias\/wp-content\/uploads\/2024\/07\/experiencia_jesus_giron-768x432.png 768w, https:\/\/upla.cl\/noticias\/wp-content\/uploads\/2024\/07\/experiencia_jesus_giron.png 1366w\" sizes=\"auto, (max-width: 300px) 100vw, 300px\" \/><\/a>En tanto, el<strong> Dr. Jes\u00fas Gir\u00f3n del Instituto de Ense\u00f1anza Secundaria Isaac Alb\u00e9niz de M\u00e1laga, expuso distintos \u00abProyectos Steam en secundaria. Consideraciones en el aula\u00bb<\/strong>.<\/p>\n<p>Con los estudiantes abord\u00f3 temas como la contaminaci\u00f3n ac\u00fastica de un Instituto, reutilizaci\u00f3n de mascarillas con luz UVC, c\u00f3mo limpiar un traje espacial y \u00bfson todas las leches iguales?<\/p>\n<p>Explic\u00f3 para cada una de las problem\u00e1ticas los saberes b\u00e1sicos aplicados, el producto final esperado, as\u00ed como las tareas STEAM relacionadas con la indagaci\u00f3n, modelizaci\u00f3n, argumentaci\u00f3n, matem\u00e1ticas y tecnolog\u00eda digital necesaria para la ejecuci\u00f3n de las tareas.<\/p>\n<p><strong>Experiencia UPLA<\/strong><\/p>\n<p><a href=\"https:\/\/www.upla.cl\/noticias\/wp-content\/uploads\/2024\/07\/colmenit_agua.png\"><img loading=\"lazy\" decoding=\"async\" class=\"alignright size-medium wp-image-174137\" src=\"https:\/\/www.upla.cl\/noticias\/wp-content\/uploads\/2024\/07\/colmenit_agua-300x242.png\" alt=\"\" width=\"300\" height=\"242\" srcset=\"https:\/\/upla.cl\/noticias\/wp-content\/uploads\/2024\/07\/colmenit_agua-300x242.png 300w, https:\/\/upla.cl\/noticias\/wp-content\/uploads\/2024\/07\/colmenit_agua.png 701w\" sizes=\"auto, (max-width: 300px) 100vw, 300px\" \/><\/a>Destacada participaci\u00f3n tuvo la <strong>directora del Jard\u00edn Infantil y Sala Cuna Colmenita de la Universidad de Playa Ancha<\/strong>, <strong>Viviana Quintero<\/strong>, que atiende a los hijos de trabajadores y estudiantes de esta casa de estudios.<\/p>\n<p>El proyecto que comparti\u00f3 fue el realizado con los ni\u00f1os y ni\u00f1as en el uso eficiente del agua mediante la creaci\u00f3n de un prototipo de riego sustentable. La iniciativa invit\u00f3 a los infantes a explorar este elemento vital y responder lo que sab\u00edan de \u00e9ste.<\/p>\n<p>Diecis\u00e9is experiencias en un mes de implementaci\u00f3n consider\u00f3 una salida pedag\u00f3gica\u00a0 en la que recolectaron muestras de agua, compararon dichas colectas y registraron datos. Identificaron los lugares del centro educativo donde m\u00e1s se utiliza agua, y reflexionaron sobre c\u00f3mo ahorrar este recurso, aprendiendo que, sin el agua, no podr\u00edan, por ejemplo, tener los \u00e1rboles, el huerto y el pasto del jard\u00edn.<\/p>\n<p>\u00abLos peque\u00f1os aprenden a graficar\u00a0 en el cuaderno de ciencias y, paralelamente, trabajan en familia buscando soluciones de c\u00f3mo ahorrar agua, culminando para ello con la construcci\u00f3n de un prototipo que implic\u00f3 un trabajo colaborativo\u00bb, explic\u00f3 la directora Quintero.<\/p>\n<p><a href=\"https:\/\/www.upla.cl\/noticias\/wp-content\/uploads\/2024\/07\/colmenita_agua_2.png\"><img loading=\"lazy\" decoding=\"async\" class=\"alignright size-medium wp-image-174136\" src=\"https:\/\/www.upla.cl\/noticias\/wp-content\/uploads\/2024\/07\/colmenita_agua_2-300x201.png\" alt=\"\" width=\"300\" height=\"201\" srcset=\"https:\/\/upla.cl\/noticias\/wp-content\/uploads\/2024\/07\/colmenita_agua_2-300x201.png 300w, https:\/\/upla.cl\/noticias\/wp-content\/uploads\/2024\/07\/colmenita_agua_2-110x75.png 110w, https:\/\/upla.cl\/noticias\/wp-content\/uploads\/2024\/07\/colmenita_agua_2.png 670w\" sizes=\"auto, (max-width: 300px) 100vw, 300px\" \/><\/a>Finaliz\u00f3 recalcando que, apuntaron a \u00abalfabetizar desde peque\u00f1os en cuestiones de la vida diaria, form\u00e1ndolos como ciudadanos responsables y conscientes del cuidado de su entrono natural\u00bb.<\/p>\n<p>La segunda etapa de este perfeccionamiento docente se retomar\u00e1 el 10, 15 y 18 de julio, d\u00edas en que se realizar\u00e1 la <strong>Educathon<\/strong>, en la que los docentes participantes deber\u00e1n dise\u00f1ar una propuesta de ense\u00f1anza basada en proyecto, guiados por acad\u00e9micos de la Universidad de M\u00e1laga y la Universidad de Playa Ancha.<\/p>\n<p>&nbsp;<\/p>\n<p>&nbsp;<\/p>\n","protected":false},"excerpt":{"rendered":"<p>En una segunda jornada online, se llev\u00f3 a cabo el perfeccionamiento docente\u00a0\u201c3er Seminario Internacional Virtual: Experiencias de Ense\u00f1anza-Aprendizaje Basada en Proyecto (ABP)\u201d, que organiz\u00f3 el\u00a0Departamento de Ciencias y Geograf\u00eda\u00a0de la\u00a0Facultad de Ciencias Naturales y Exactas.<\/p>\n","protected":false},"author":10,"featured_media":174137,"comment_status":"closed","ping_status":"closed","sticky":false,"template":"","format":"standard","meta":{"footnotes":""},"categories":[141,51,40,101,75,91],"tags":[],"class_list":["post-174060","post","type-post","status-publish","format-standard","has-post-thumbnail","","category-70-anos","category-academia","category-destacados","category-docencia","category-facultad-de-ciencias-naturales-y-exactas","category-vinculacion-con-el-medio"],"_links":{"self":[{"href":"https:\/\/upla.cl\/noticias\/wp-json\/wp\/v2\/posts\/174060","targetHints":{"allow":["GET"]}}],"collection":[{"href":"https:\/\/upla.cl\/noticias\/wp-json\/wp\/v2\/posts"}],"about":[{"href":"https:\/\/upla.cl\/noticias\/wp-json\/wp\/v2\/types\/post"}],"author":[{"embeddable":true,"href":"https:\/\/upla.cl\/noticias\/wp-json\/wp\/v2\/users\/10"}],"replies":[{"embeddable":true,"href":"https:\/\/upla.cl\/noticias\/wp-json\/wp\/v2\/comments?post=174060"}],"version-history":[{"count":0,"href":"https:\/\/upla.cl\/noticias\/wp-json\/wp\/v2\/posts\/174060\/revisions"}],"wp:featuredmedia":[{"embeddable":true,"href":"https:\/\/upla.cl\/noticias\/wp-json\/wp\/v2\/media\/174137"}],"wp:attachment":[{"href":"https:\/\/upla.cl\/noticias\/wp-json\/wp\/v2\/media?parent=174060"}],"wp:term":[{"taxonomy":"category","embeddable":true,"href":"https:\/\/upla.cl\/noticias\/wp-json\/wp\/v2\/categories?post=174060"},{"taxonomy":"post_tag","embeddable":true,"href":"https:\/\/upla.cl\/noticias\/wp-json\/wp\/v2\/tags?post=174060"}],"curies":[{"name":"wp","href":"https:\/\/api.w.org\/{rel}","templated":true}]}}