{"id":174065,"date":"2024-07-05T15:52:11","date_gmt":"2024-07-05T19:52:11","guid":{"rendered":"https:\/\/www.upla.cl\/noticias\/?p=174065"},"modified":"2024-07-05T15:52:11","modified_gmt":"2024-07-05T19:52:11","slug":"academica-macarena-trujillo-fortalece-lazos-de-colaboracion-con-redes-europeas-de-investigacion-feminista-e-interseccional","status":"publish","type":"post","link":"https:\/\/upla.cl\/noticias\/2024\/07\/05\/academica-macarena-trujillo-fortalece-lazos-de-colaboracion-con-redes-europeas-de-investigacion-feminista-e-interseccional\/","title":{"rendered":"Acad\u00e9mica Macarena Trujillo fortalece lazos de colaboraci\u00f3n con redes europeas de investigaci\u00f3n feminista e interseccional"},"content":{"rendered":"<p><b><a href=\"https:\/\/www.upla.cl\/noticias\/wp-content\/uploads\/2024\/07\/trujillo2.png\"><img loading=\"lazy\" decoding=\"async\" class=\"size-medium wp-image-174063 alignleft\" src=\"https:\/\/www.upla.cl\/noticias\/wp-content\/uploads\/2024\/07\/trujillo2-225x300.png\" alt=\"\" width=\"225\" height=\"300\" srcset=\"https:\/\/upla.cl\/noticias\/wp-content\/uploads\/2024\/07\/trujillo2-225x300.png 225w, https:\/\/upla.cl\/noticias\/wp-content\/uploads\/2024\/07\/trujillo2-768x1024.png 768w, https:\/\/upla.cl\/noticias\/wp-content\/uploads\/2024\/07\/trujillo2.png 1014w\" sizes=\"auto, (max-width: 225px) 100vw, 225px\" \/><\/a>Macarena Trujillo Cristoffanini<\/b><span style=\"font-weight: 400;\">, acad\u00e9mica de la Facultad de Ciencias Sociales e integrante del Observatorio Participaci\u00f3n Social y Territorio, realiz\u00f3 una visita internacional al \u201c<\/span><b>Research Group on Gender and Inequalities (GRETA)\u201d,<\/b><span style=\"font-weight: 400;\"> de la Universidad Pompeu Fabra (Barcelona, Espa\u00f1a), en el marco de su trabajo como investigadora responsable del Fondecyt Regular N\u00b01220508,<\/span><b> \u201cViolencia de g\u00e9nero en el \u00e1mbito de la (ex)pareja: Interseccionalidad, agencias y resistencias<\/b><span style=\"font-weight: 400;\">\u201d.<\/span><\/p>\n<p><span style=\"font-weight: 400;\">Durante su estad\u00eda realizada la semana del 17 de junio del presente, Trujillo colabor\u00f3 estrechamente con la doctora Rod\u00f3-Z\u00e1rate, centr\u00e1ndose en el an\u00e1lisis feminista e interseccional, particularmente, en el contexto de las violencias contra las mujeres basadas en el g\u00e9nero. Asimismo, comparti\u00f3 los avances de su proyecto y se familiariz\u00f3 con las investigaciones en desarrollo por el grupo GRETA.<\/span><\/p>\n<p><span style=\"font-weight: 400;\"><a href=\"https:\/\/www.upla.cl\/noticias\/wp-content\/uploads\/2024\/07\/trujillo3.png\"><img loading=\"lazy\" decoding=\"async\" class=\"size-medium wp-image-174064 alignright\" src=\"https:\/\/www.upla.cl\/noticias\/wp-content\/uploads\/2024\/07\/trujillo3-300x169.png\" alt=\"\" width=\"300\" height=\"169\" srcset=\"https:\/\/upla.cl\/noticias\/wp-content\/uploads\/2024\/07\/trujillo3-300x169.png 300w, https:\/\/upla.cl\/noticias\/wp-content\/uploads\/2024\/07\/trujillo3-1024x576.png 1024w, https:\/\/upla.cl\/noticias\/wp-content\/uploads\/2024\/07\/trujillo3-768x432.png 768w, https:\/\/upla.cl\/noticias\/wp-content\/uploads\/2024\/07\/trujillo3-1536x864.png 1536w, https:\/\/upla.cl\/noticias\/wp-content\/uploads\/2024\/07\/trujillo3.png 1599w\" sizes=\"auto, (max-width: 300px) 100vw, 300px\" \/><\/a>GRETA es reconocido como un equipo interdisciplinario dentro de las ciencias sociales y pol\u00edticas, y est\u00e1 enfocado en investigar el g\u00e9nero y su conexi\u00f3n con diversas formas de desigualdad social, como la etnia, el origen, la orientaci\u00f3n sexual, la edad o la clase, entre otros aspectos. El grupo se encuentra liderado por la docente Mar\u00eda Rod\u00f3-Z\u00e1rate, quien es una referente internacional en estudios feministas e interseccionalidad.<\/span><\/p>\n<p><span style=\"font-weight: 400;\">Cabe destacar que, la acad\u00e9mica de la UPLA, tambi\u00e9n particip\u00f3 en un seminario internacional, en el cual se discutieron diversas tem\u00e1ticas relacionadas con espacios y seguridad desde una perspectiva de g\u00e9nero. En el evento, tuvo la oportunidad de interactuar con la docente <\/span><b>Rachel Pain<\/b><span style=\"font-weight: 400;\">, reconocida por su trabajo en geograf\u00edas feministas e investigadora de la Newcastle University de Reino Unido.<\/span><\/p>\n<p><img loading=\"lazy\" decoding=\"async\" class=\"size-medium wp-image-174062 alignleft\" src=\"https:\/\/www.upla.cl\/noticias\/wp-content\/uploads\/2024\/07\/trujillo1-300x225.png\" alt=\"\" width=\"300\" height=\"225\" srcset=\"https:\/\/upla.cl\/noticias\/wp-content\/uploads\/2024\/07\/trujillo1-300x225.png 300w, https:\/\/upla.cl\/noticias\/wp-content\/uploads\/2024\/07\/trujillo1-1024x768.png 1024w, https:\/\/upla.cl\/noticias\/wp-content\/uploads\/2024\/07\/trujillo1-768x576.png 768w, https:\/\/upla.cl\/noticias\/wp-content\/uploads\/2024\/07\/trujillo1-1536x1152.png 1536w, https:\/\/upla.cl\/noticias\/wp-content\/uploads\/2024\/07\/trujillo1.png 1600w\" sizes=\"auto, (max-width: 300px) 100vw, 300px\" \/><\/p>\n<p><span style=\"font-weight: 400;\">Sobre las experiencias, Trujillo afirm\u00f3 que \u00abcompartir con investigadoras que son referentes internacionales, representa una gran oportunidad de aprendizaje y, adem\u00e1s, establece una instancia para construir lazos acad\u00e9micos que enriquezcan marcos te\u00f3ricos, anal\u00edticos y metodol\u00f3gicos en el campo de los estudios feministas y, en particular, mi trabajo sobre las violencias contra las mujeres basadas en el g\u00e9nero\u201d.\u00a0<\/span><\/p>\n<p><span style=\"font-weight: 400;\">La profesional, consider\u00f3, adem\u00e1s, que estos espacios han sido propicios para compartir los procesos de investigaci\u00f3n que lidera, para ampliar el di\u00e1logo en torno a ellos, para fortalecer los lazos internacionales con el Grupo GRETA, y para consolidar el trabajo conjunto iniciado entre Mar\u00eda Rod\u00f3-Z\u00e1rate y Trujillo.<\/span><\/p>\n","protected":false},"excerpt":{"rendered":"<p>La acad\u00e9mica de la Facultad de Ciencias Sociales e integrante del Observatorio Participaci\u00f3n Social y Territorio, realiz\u00f3 una visita internacional al \u201cResearch Group on Gender and Inequalities (GRETA)\u201d, de la Universidad Pompeu Fabra, en el marco de su trabajo como investigadora.<\/p>\n","protected":false},"author":18,"featured_media":174062,"comment_status":"closed","ping_status":"closed","sticky":false,"template":"","format":"standard","meta":{"footnotes":""},"categories":[51,96,40,76,99,150],"tags":[],"class_list":["post-174065","post","type-post","status-publish","format-standard","has-post-thumbnail","","category-academia","category-academicos","category-destacados","category-facultad-de-ciencias-sociales","category-funcionarios","category-genero"],"_links":{"self":[{"href":"https:\/\/upla.cl\/noticias\/wp-json\/wp\/v2\/posts\/174065","targetHints":{"allow":["GET"]}}],"collection":[{"href":"https:\/\/upla.cl\/noticias\/wp-json\/wp\/v2\/posts"}],"about":[{"href":"https:\/\/upla.cl\/noticias\/wp-json\/wp\/v2\/types\/post"}],"author":[{"embeddable":true,"href":"https:\/\/upla.cl\/noticias\/wp-json\/wp\/v2\/users\/18"}],"replies":[{"embeddable":true,"href":"https:\/\/upla.cl\/noticias\/wp-json\/wp\/v2\/comments?post=174065"}],"version-history":[{"count":0,"href":"https:\/\/upla.cl\/noticias\/wp-json\/wp\/v2\/posts\/174065\/revisions"}],"wp:featuredmedia":[{"embeddable":true,"href":"https:\/\/upla.cl\/noticias\/wp-json\/wp\/v2\/media\/174062"}],"wp:attachment":[{"href":"https:\/\/upla.cl\/noticias\/wp-json\/wp\/v2\/media?parent=174065"}],"wp:term":[{"taxonomy":"category","embeddable":true,"href":"https:\/\/upla.cl\/noticias\/wp-json\/wp\/v2\/categories?post=174065"},{"taxonomy":"post_tag","embeddable":true,"href":"https:\/\/upla.cl\/noticias\/wp-json\/wp\/v2\/tags?post=174065"}],"curies":[{"name":"wp","href":"https:\/\/api.w.org\/{rel}","templated":true}]}}