{"id":174744,"date":"2024-07-29T15:27:47","date_gmt":"2024-07-29T19:27:47","guid":{"rendered":"https:\/\/www.upla.cl\/noticias\/?p=174744"},"modified":"2024-07-29T15:48:12","modified_gmt":"2024-07-29T19:48:12","slug":"facultad-de-ciencias-de-la-educacion-participa-en-jornada-relativa-al-proceso-de-actualizacion-curricular","status":"publish","type":"post","link":"https:\/\/upla.cl\/noticias\/2024\/07\/29\/facultad-de-ciencias-de-la-educacion-participa-en-jornada-relativa-al-proceso-de-actualizacion-curricular\/","title":{"rendered":"Facultad de Ciencias de la Educaci\u00f3n participa en jornada relativa al proceso de actualizaci\u00f3n curricular"},"content":{"rendered":"<p><a href=\"https:\/\/www.upla.cl\/noticias\/wp-content\/uploads\/2024\/07\/actualizacion_curricular_EDU-5-scaled.jpg\"><img loading=\"lazy\" decoding=\"async\" class=\"aligncenter size-large wp-image-174747\" src=\"https:\/\/www.upla.cl\/noticias\/wp-content\/uploads\/2024\/07\/actualizacion_curricular_EDU-5-1024x683.jpg\" alt=\"\" width=\"618\" height=\"412\" srcset=\"https:\/\/upla.cl\/noticias\/wp-content\/uploads\/2024\/07\/actualizacion_curricular_EDU-5-1024x683.jpg 1024w, https:\/\/upla.cl\/noticias\/wp-content\/uploads\/2024\/07\/actualizacion_curricular_EDU-5-300x200.jpg 300w, https:\/\/upla.cl\/noticias\/wp-content\/uploads\/2024\/07\/actualizacion_curricular_EDU-5-768x512.jpg 768w, https:\/\/upla.cl\/noticias\/wp-content\/uploads\/2024\/07\/actualizacion_curricular_EDU-5-1536x1025.jpg 1536w, https:\/\/upla.cl\/noticias\/wp-content\/uploads\/2024\/07\/actualizacion_curricular_EDU-5-2048x1367.jpg 2048w\" sizes=\"auto, (max-width: 618px) 100vw, 618px\" \/><\/a>Para conocer los detalles del <strong>Proceso de Actualizaci\u00f3n Curricular y Consulta P\u00fablica<\/strong>, profesionales del <strong>Ministerio de Educaci\u00f3n<\/strong> realizaron una jornada con autoridades y los acad\u00e9micos y acad\u00e9micas de la <strong>Facultad de Ciencias de la Educaci\u00f3n<\/strong> de la universidad.<\/p>\n<p>La decana, <strong>Dra. Silvia Sarzoza Herrera<\/strong> destac\u00f3 la presencia del equipo de la <strong>Unidad de Curr\u00edculum y Evaluaci\u00f3n (UCE) de la Subsecretaria de Educaci\u00f3n H\u00e9ctor G\u00f3mez, Natalia S\u00e1nchez y Christian Esperidion,<\/strong> ya que la facultad es responsable de la formaci\u00f3n pedag\u00f3gica y tiene un rol fundamental en la formaci\u00f3n de las y los futuros profesionales de la educaci\u00f3n.<\/p>\n<p><a href=\"https:\/\/www.upla.cl\/noticias\/wp-content\/uploads\/2024\/07\/actualizacion_curricular_EDU-2-scaled.jpg\"><img loading=\"lazy\" decoding=\"async\" class=\"alignright size-medium wp-image-174745\" src=\"https:\/\/www.upla.cl\/noticias\/wp-content\/uploads\/2024\/07\/actualizacion_curricular_EDU-2-300x200.jpg\" alt=\"\" width=\"300\" height=\"200\" srcset=\"https:\/\/upla.cl\/noticias\/wp-content\/uploads\/2024\/07\/actualizacion_curricular_EDU-2-300x200.jpg 300w, https:\/\/upla.cl\/noticias\/wp-content\/uploads\/2024\/07\/actualizacion_curricular_EDU-2-1024x683.jpg 1024w, https:\/\/upla.cl\/noticias\/wp-content\/uploads\/2024\/07\/actualizacion_curricular_EDU-2-768x512.jpg 768w, https:\/\/upla.cl\/noticias\/wp-content\/uploads\/2024\/07\/actualizacion_curricular_EDU-2-1536x1025.jpg 1536w, https:\/\/upla.cl\/noticias\/wp-content\/uploads\/2024\/07\/actualizacion_curricular_EDU-2-2048x1367.jpg 2048w\" sizes=\"auto, (max-width: 300px) 100vw, 300px\" \/><\/a>Comenz\u00f3 la exposici\u00f3n el Jefe de Desarrollo Curricular, H\u00e9ctor G\u00f3mez, quien explic\u00f3 que en esta primera etapa se est\u00e1n recogiendo las recomendaciones de ajuste y se levantan alertas para la implementaci\u00f3n y otros aspectos propios del dise\u00f1o, resultando fundamental el aporte de la sociedad en su conjunto, pero en particular de las comunidades educativas, especialmente de las universidades: \u201cLA UCE tiene como funci\u00f3n recoger las necesidades de la sociedad y traducirlas en definiciones curriculares, para as\u00ed saber si las necesidades educativas que van emergiendo y las definiciones curriculares y evaluativas\u201d.<\/p>\n<p><a href=\"https:\/\/www.upla.cl\/noticias\/wp-content\/uploads\/2024\/07\/actualizacion_curricular_EDU-4-scaled.jpg\"><img loading=\"lazy\" decoding=\"async\" class=\"alignright size-medium wp-image-174746\" src=\"https:\/\/www.upla.cl\/noticias\/wp-content\/uploads\/2024\/07\/actualizacion_curricular_EDU-4-300x200.jpg\" alt=\"\" width=\"300\" height=\"200\" srcset=\"https:\/\/upla.cl\/noticias\/wp-content\/uploads\/2024\/07\/actualizacion_curricular_EDU-4-300x200.jpg 300w, https:\/\/upla.cl\/noticias\/wp-content\/uploads\/2024\/07\/actualizacion_curricular_EDU-4-1024x683.jpg 1024w, https:\/\/upla.cl\/noticias\/wp-content\/uploads\/2024\/07\/actualizacion_curricular_EDU-4-768x512.jpg 768w, https:\/\/upla.cl\/noticias\/wp-content\/uploads\/2024\/07\/actualizacion_curricular_EDU-4-1536x1025.jpg 1536w, https:\/\/upla.cl\/noticias\/wp-content\/uploads\/2024\/07\/actualizacion_curricular_EDU-4-2048x1367.jpg 2048w\" sizes=\"auto, (max-width: 300px) 100vw, 300px\" \/><\/a>\u201cAl actualizar las bases se genera una pol\u00edtica de desarrollo curricular. Es decir, esto no significa un nuevo curr\u00edculum, no son nuevas bases curriculares, sino la actualizaci\u00f3n de las bases vigentes. Y con esto damos una se\u00f1al al sistema respecto de que tenemos un tipo de curr\u00edculum que son las bases curriculares que se deben revisar cada cierto per\u00edodo. En este caso la ley sugiere diez a\u00f1os y esto no es menor, porque le estamos diciendo al sistema finalmente que vamos a tener una cierta estabilidad y continuidad en las definiciones curriculares vigentes\u201d, agreg\u00f3 H\u00e9ctor G\u00f3mez.<\/p>\n<p><a href=\"https:\/\/www.upla.cl\/noticias\/wp-content\/uploads\/2024\/07\/actualizacion_curricular_EDU-8-scaled.jpg\"><img loading=\"lazy\" decoding=\"async\" class=\"alignleft size-medium wp-image-174748\" src=\"https:\/\/www.upla.cl\/noticias\/wp-content\/uploads\/2024\/07\/actualizacion_curricular_EDU-8-300x200.jpg\" alt=\"\" width=\"300\" height=\"200\" srcset=\"https:\/\/upla.cl\/noticias\/wp-content\/uploads\/2024\/07\/actualizacion_curricular_EDU-8-300x200.jpg 300w, https:\/\/upla.cl\/noticias\/wp-content\/uploads\/2024\/07\/actualizacion_curricular_EDU-8-1024x683.jpg 1024w, https:\/\/upla.cl\/noticias\/wp-content\/uploads\/2024\/07\/actualizacion_curricular_EDU-8-768x512.jpg 768w, https:\/\/upla.cl\/noticias\/wp-content\/uploads\/2024\/07\/actualizacion_curricular_EDU-8-1536x1025.jpg 1536w, https:\/\/upla.cl\/noticias\/wp-content\/uploads\/2024\/07\/actualizacion_curricular_EDU-8-2048x1367.jpg 2048w\" sizes=\"auto, (max-width: 300px) 100vw, 300px\" \/><\/a>Natalia S\u00e1nchez se refiri\u00f3 a la evidencia levantada a fin de tomar las mejores decisiones en la materia, responsables y rigurosas, aclarando que este proceso de levantamiento de informaci\u00f3n proviene de procesos previos, por ejemplo, la Mesa de Desarrollo Curricular cuyo informe se public\u00f3 en el 2016 y el propio proceso de clases remotas durante la pandemia que implic\u00f3 un proceso de innovaci\u00f3n pedag\u00f3gica, el que fue sucediendo de manera natural, surgiendo estudios cuantitativos y cualitativos respecto a c\u00f3mo se hab\u00eda recibido la priorizaci\u00f3n en este \u201ccurr\u00edculum de emergencia\u201d, entre otros.<\/p>\n<p>La propuesta de actualizaci\u00f3n curricular es un documento p\u00fablico y participativo, finaliz\u00f3 Christian Esperidion: \u201cLos hallazgos y la s\u00edntesis todas las fuentes principales se traducir\u00e1n en prop\u00f3sitos y en la actualizaci\u00f3n propiamente tal. La propuesta de actualizaci\u00f3n est\u00e1 disponible desde el 19 de junio hasta m\u00e1s o menos mediados de agosto y est\u00e1n todos convocados a aportar en el proceso\u201d, finaliz\u00f3.<\/p>\n","protected":false},"excerpt":{"rendered":"<p>Los profesionales de la Unidad de Curr\u00edculum y Evaluaci\u00f3n (UCE) de la Subsecretaria de Educaci\u00f3n H\u00e9ctor G\u00f3mez, Natalia S\u00e1nchez y Christian Esperidion, se reunieron con los acad\u00e9micos y acad\u00e9micas de la facultad. <\/p>\n","protected":false},"author":11,"featured_media":174747,"comment_status":"closed","ping_status":"closed","sticky":false,"template":"","format":"standard","meta":{"footnotes":""},"categories":[96,60,40,69,97,73,91],"tags":[],"class_list":["post-174744","post","type-post","status-publish","format-standard","has-post-thumbnail","","category-academicos","category-campus-san-felipe","category-destacados","category-egresados","category-estudiantes","category-facultad-de-ciencias-de-la-educacion","category-vinculacion-con-el-medio"],"_links":{"self":[{"href":"https:\/\/upla.cl\/noticias\/wp-json\/wp\/v2\/posts\/174744","targetHints":{"allow":["GET"]}}],"collection":[{"href":"https:\/\/upla.cl\/noticias\/wp-json\/wp\/v2\/posts"}],"about":[{"href":"https:\/\/upla.cl\/noticias\/wp-json\/wp\/v2\/types\/post"}],"author":[{"embeddable":true,"href":"https:\/\/upla.cl\/noticias\/wp-json\/wp\/v2\/users\/11"}],"replies":[{"embeddable":true,"href":"https:\/\/upla.cl\/noticias\/wp-json\/wp\/v2\/comments?post=174744"}],"version-history":[{"count":0,"href":"https:\/\/upla.cl\/noticias\/wp-json\/wp\/v2\/posts\/174744\/revisions"}],"wp:featuredmedia":[{"embeddable":true,"href":"https:\/\/upla.cl\/noticias\/wp-json\/wp\/v2\/media\/174747"}],"wp:attachment":[{"href":"https:\/\/upla.cl\/noticias\/wp-json\/wp\/v2\/media?parent=174744"}],"wp:term":[{"taxonomy":"category","embeddable":true,"href":"https:\/\/upla.cl\/noticias\/wp-json\/wp\/v2\/categories?post=174744"},{"taxonomy":"post_tag","embeddable":true,"href":"https:\/\/upla.cl\/noticias\/wp-json\/wp\/v2\/tags?post=174744"}],"curies":[{"name":"wp","href":"https:\/\/api.w.org\/{rel}","templated":true}]}}