{"id":176147,"date":"2024-08-29T16:38:41","date_gmt":"2024-08-29T20:38:41","guid":{"rendered":"https:\/\/www.upla.cl\/noticias\/?p=176147"},"modified":"2024-09-09T12:04:37","modified_gmt":"2024-09-09T15:04:37","slug":"se-inicia-en-la-facultad-de-arte-preuniversitario-musical-upla-2024","status":"publish","type":"post","link":"https:\/\/upla.cl\/noticias\/2024\/08\/29\/se-inicia-en-la-facultad-de-arte-preuniversitario-musical-upla-2024\/","title":{"rendered":"Se inicia en la Facultad de Arte \u201cPreuniversitario Musical UPLA 2024\u201d"},"content":{"rendered":"<p><a href=\"https:\/\/www.upla.cl\/noticias\/wp-content\/uploads\/2024\/08\/PreU-Musica1.jpg\"><img loading=\"lazy\" decoding=\"async\" class=\"alignright  wp-image-176148\" src=\"https:\/\/www.upla.cl\/noticias\/wp-content\/uploads\/2024\/08\/PreU-Musica1-1024x678.jpg\" alt=\"\" width=\"351\" height=\"232\" srcset=\"https:\/\/upla.cl\/noticias\/wp-content\/uploads\/2024\/08\/PreU-Musica1-1024x678.jpg 1024w, https:\/\/upla.cl\/noticias\/wp-content\/uploads\/2024\/08\/PreU-Musica1-300x199.jpg 300w, https:\/\/upla.cl\/noticias\/wp-content\/uploads\/2024\/08\/PreU-Musica1-150x99.jpg 150w, https:\/\/upla.cl\/noticias\/wp-content\/uploads\/2024\/08\/PreU-Musica1-768x509.jpg 768w, https:\/\/upla.cl\/noticias\/wp-content\/uploads\/2024\/08\/PreU-Musica1-1536x1018.jpg 1536w, https:\/\/upla.cl\/noticias\/wp-content\/uploads\/2024\/08\/PreU-Musica1-310x205.jpg 310w, https:\/\/upla.cl\/noticias\/wp-content\/uploads\/2024\/08\/PreU-Musica1.jpg 1920w\" sizes=\"auto, (max-width: 351px) 100vw, 351px\" \/><\/a><strong>20 estudiantes<\/strong> de diferentes establecimientos educacionales <strong>de Valpara\u00edso<\/strong> llegaron a la Facultad de Arte de la UPLA (22 de agosto) para participar del inicio del <strong>\u201cPreuniversitario Musical UPLA 2024\u201d<\/strong>, actividad financiada por el <strong>Fondo de la M\u00fasica<\/strong> y coordinada por el acad\u00e9mico de la carrera de Pedagog\u00eda en Educaci\u00f3n Musical de la UPLA <strong>Juan Sebasti\u00e1n Cayo<\/strong>.<\/p>\n<p>La actividad a realizarse, por segundo a\u00f1o consecutivo, en dependencias de la <strong>Facultad de Arte<\/strong>, proporcionar\u00e1 instrucci\u00f3n musical a j\u00f3venes de diferentes colegios de la comuna, quienes en el transcurso de las jornadas de trabajo <strong>revisar\u00e1n aspectos relacionados al lenguaje musical<\/strong>. Adem\u00e1s, con el objetivo de desarrollar los conceptos te\u00f3ricos, <strong>se abordar\u00e1 el estudio de la guitarra, piano inicial y el canto<\/strong>.<\/p>\n<p>La ceremonia de apertura cont\u00f3 con la <strong>participaci\u00f3n e interpretaci\u00f3n de un n\u00famero musical<\/strong> por parte de los estudiantes de la carrera de <strong>Pedagog\u00eda en Educaci\u00f3n Musical UPLA Oliver Leiva y Esteban D\u00edaz, quienes integran Plastic Wings<\/strong>, d\u00fao tributo a The Beatles. Asimismo, la profesional de la unidad de Admisi\u00f3n Macarena Sanders coment\u00f3 a los asistentes sobre la entrada a la universidad v\u00eda proped\u00e9utico.<\/p>\n<p><a href=\"https:\/\/www.upla.cl\/noticias\/wp-content\/uploads\/2024\/08\/PreU-Musica4.jpg\"><img loading=\"lazy\" decoding=\"async\" class=\"alignright size-medium wp-image-176149\" src=\"https:\/\/www.upla.cl\/noticias\/wp-content\/uploads\/2024\/08\/PreU-Musica4-300x199.jpg\" alt=\"\" width=\"300\" height=\"199\" srcset=\"https:\/\/upla.cl\/noticias\/wp-content\/uploads\/2024\/08\/PreU-Musica4-300x199.jpg 300w, https:\/\/upla.cl\/noticias\/wp-content\/uploads\/2024\/08\/PreU-Musica4-1024x678.jpg 1024w, https:\/\/upla.cl\/noticias\/wp-content\/uploads\/2024\/08\/PreU-Musica4-150x99.jpg 150w, https:\/\/upla.cl\/noticias\/wp-content\/uploads\/2024\/08\/PreU-Musica4-768x509.jpg 768w, https:\/\/upla.cl\/noticias\/wp-content\/uploads\/2024\/08\/PreU-Musica4-1536x1018.jpg 1536w, https:\/\/upla.cl\/noticias\/wp-content\/uploads\/2024\/08\/PreU-Musica4-310x205.jpg 310w, https:\/\/upla.cl\/noticias\/wp-content\/uploads\/2024\/08\/PreU-Musica4.jpg 1920w\" sizes=\"auto, (max-width: 300px) 100vw, 300px\" \/><\/a><strong>Juan Sebasti\u00e1n Cayo<\/strong>, profesor responsable de la iniciativa, explic\u00f3 que esta segunda versi\u00f3n del preuniversitario musical es una instancia que apunta a la <strong>instrucci\u00f3n inicial en m\u00fasica, particularmente para aquellos estudiantes de tercero y cuarto medio<\/strong>, logrando complementar estos estudios con los aprendidos en sus diferentes establecimientos.<\/p>\n<p>\u201cEn este sentido, igualmente, se proyecta como una oportunidad para la inclusi\u00f3n y acceso de la comunidad escolar a recintos acad\u00e9micos, propiciando la disminuci\u00f3n de brechas en la formaci\u00f3n art\u00edstica en el territorio donde se inserta la propuesta. Por otro lado, este a\u00f1os hemos incorporado a estudiantes de la carrera en la realizaci\u00f3n y planificaci\u00f3n de las sesiones, esto tiene como prop\u00f3sito incrementar las instancias de formaci\u00f3n de nuestros alumnos vincul\u00e1ndolos con j\u00f3venes con el inter\u00e9s de profundizar en el \u00e1rea de la m\u00fasica\u201d, explic\u00f3.<\/p>\n<p><a href=\"https:\/\/www.upla.cl\/noticias\/wp-content\/uploads\/2024\/08\/PreU-Musica2.jpg\"><img loading=\"lazy\" decoding=\"async\" class=\"alignright size-medium wp-image-176150\" src=\"https:\/\/www.upla.cl\/noticias\/wp-content\/uploads\/2024\/08\/PreU-Musica2-300x199.jpg\" alt=\"\" width=\"300\" height=\"199\" srcset=\"https:\/\/upla.cl\/noticias\/wp-content\/uploads\/2024\/08\/PreU-Musica2-300x199.jpg 300w, https:\/\/upla.cl\/noticias\/wp-content\/uploads\/2024\/08\/PreU-Musica2-1024x678.jpg 1024w, https:\/\/upla.cl\/noticias\/wp-content\/uploads\/2024\/08\/PreU-Musica2-150x99.jpg 150w, https:\/\/upla.cl\/noticias\/wp-content\/uploads\/2024\/08\/PreU-Musica2-768x509.jpg 768w, https:\/\/upla.cl\/noticias\/wp-content\/uploads\/2024\/08\/PreU-Musica2-1536x1018.jpg 1536w, https:\/\/upla.cl\/noticias\/wp-content\/uploads\/2024\/08\/PreU-Musica2-310x205.jpg 310w, https:\/\/upla.cl\/noticias\/wp-content\/uploads\/2024\/08\/PreU-Musica2.jpg 1920w\" sizes=\"auto, (max-width: 300px) 100vw, 300px\" \/><\/a>Cabe mencionar que el proyecto formativo en cuesti\u00f3n <strong>considera la participaci\u00f3n de los profesores<\/strong> UPLA <strong>Ricardo Lobos, Daniel D\u00edaz, Jos\u00e9 Godoy<\/strong>, asimismo, a las y <strong>los estudiantes Beatriz Mendoza, Manuel Santib\u00e1\u00f1ez, Oliver Leiva y Camilo Espinoza<\/strong>.<\/p>\n<p>Colegios <strong>participantes<\/strong>: <strong>Liceo Mar\u00eda Luisa Bombal, Colegio Arauco Bicentenario, Colegio Bordemar, Colegio Patricio Lynch, Colegio Alborada del Mar, Colegio Divina Maestra, entre otros<\/strong> establecimientos de la zona de Valpara\u00edso.<\/p>\n","protected":false},"excerpt":{"rendered":"<p>Esta segunda versi\u00f3n recibi\u00f3 a 20 estudiantes de establecimientos educacionales de Valpara\u00edso, quienes ser\u00e1n instruidos musicalmente en aspectos relacionados al lenguaje musical, estudio de la guitarra, piano inicial y canto.<\/p>\n","protected":false},"author":21,"featured_media":176148,"comment_status":"closed","ping_status":"closed","sticky":false,"template":"","format":"standard","meta":{"footnotes":""},"categories":[51,96,212,52,40,101,97,71],"tags":[215,289,344,216,222],"class_list":["post-176147","post","type-post","status-publish","format-standard","has-post-thumbnail","","category-academia","category-academicos","category-admision","category-cultura","category-destacados","category-docencia","category-estudiantes","category-facultad-de-arte","tag-facultad-de-arte","tag-musica","tag-preuniversitario","tag-upla","tag-valpo"],"_links":{"self":[{"href":"https:\/\/upla.cl\/noticias\/wp-json\/wp\/v2\/posts\/176147","targetHints":{"allow":["GET"]}}],"collection":[{"href":"https:\/\/upla.cl\/noticias\/wp-json\/wp\/v2\/posts"}],"about":[{"href":"https:\/\/upla.cl\/noticias\/wp-json\/wp\/v2\/types\/post"}],"author":[{"embeddable":true,"href":"https:\/\/upla.cl\/noticias\/wp-json\/wp\/v2\/users\/21"}],"replies":[{"embeddable":true,"href":"https:\/\/upla.cl\/noticias\/wp-json\/wp\/v2\/comments?post=176147"}],"version-history":[{"count":0,"href":"https:\/\/upla.cl\/noticias\/wp-json\/wp\/v2\/posts\/176147\/revisions"}],"wp:featuredmedia":[{"embeddable":true,"href":"https:\/\/upla.cl\/noticias\/wp-json\/wp\/v2\/media\/176148"}],"wp:attachment":[{"href":"https:\/\/upla.cl\/noticias\/wp-json\/wp\/v2\/media?parent=176147"}],"wp:term":[{"taxonomy":"category","embeddable":true,"href":"https:\/\/upla.cl\/noticias\/wp-json\/wp\/v2\/categories?post=176147"},{"taxonomy":"post_tag","embeddable":true,"href":"https:\/\/upla.cl\/noticias\/wp-json\/wp\/v2\/tags?post=176147"}],"curies":[{"name":"wp","href":"https:\/\/api.w.org\/{rel}","templated":true}]}}