{"id":177011,"date":"2024-09-23T18:08:14","date_gmt":"2024-09-23T21:08:14","guid":{"rendered":"https:\/\/www.upla.cl\/noticias\/?p=177011"},"modified":"2025-10-31T00:12:18","modified_gmt":"2025-10-31T03:12:18","slug":"upla-instala-su-primer-senado-universitario","status":"publish","type":"post","link":"https:\/\/upla.cl\/noticias\/2024\/09\/23\/upla-instala-su-primer-senado-universitario\/","title":{"rendered":"UPLA instala su primer Senado Universitario"},"content":{"rendered":"<p><a href=\"https:\/\/www.upla.cl\/noticias\/wp-content\/uploads\/2024\/09\/foto_oficial_senado_upla_2024.jpg\"><img loading=\"lazy\" decoding=\"async\" class=\"aligncenter size-large wp-image-177053\" src=\"https:\/\/www.upla.cl\/noticias\/wp-content\/uploads\/2024\/09\/foto_oficial_senado_upla_2024-1024x563.jpg\" alt=\"\" width=\"618\" height=\"340\" srcset=\"https:\/\/upla.cl\/noticias\/wp-content\/uploads\/2024\/09\/foto_oficial_senado_upla_2024-1024x563.jpg 1024w, https:\/\/upla.cl\/noticias\/wp-content\/uploads\/2024\/09\/foto_oficial_senado_upla_2024-300x165.jpg 300w, https:\/\/upla.cl\/noticias\/wp-content\/uploads\/2024\/09\/foto_oficial_senado_upla_2024-150x83.jpg 150w, https:\/\/upla.cl\/noticias\/wp-content\/uploads\/2024\/09\/foto_oficial_senado_upla_2024-768x422.jpg 768w, https:\/\/upla.cl\/noticias\/wp-content\/uploads\/2024\/09\/foto_oficial_senado_upla_2024-1536x845.jpg 1536w, https:\/\/upla.cl\/noticias\/wp-content\/uploads\/2024\/09\/foto_oficial_senado_upla_2024.jpg 1920w\" sizes=\"auto, (max-width: 618px) 100vw, 618px\" \/><\/a><\/p>\n<p>En solemne ceremonia celebrada en el Aula Dr. F\u00e9lix Morales Pettorino de la Universidad de Playa Ancha, asumi\u00f3 oficialmente el primer Senado de la historia de esta casa de estudios, elegido democr\u00e1ticamente el martes 10 de septiembre, luego de un proceso que congreg\u00f3 a muchas generaciones de docentes, funcionarias, funcionarios y estudiantes, quienes en distintos tiempos, discutieron y plasmaron en documentos, la democratizaci\u00f3n de la instituci\u00f3n.<\/p>\n<p>Los 32 integrantes del nuevo cuerpo colegiado triestamental, subieron uno a uno al escenario para recibir la insignia institucional de manos de la secretaria general y ministra de fe, Mar\u00eda Soledad Hochstetter Santis, en simb\u00f3lico acto con el cual se marca el inicio de sus funciones.<\/p>\n<p>En presencia del rector y presidente del Senado, Carlos Gonz\u00e1lez Morales, as\u00ed como de la comunidad UPLA, los veintid\u00f3s representantes del estamento acad\u00e9mico, los 4 funcionarios de administraci\u00f3n y servicios, y los 6 estudiantes que hoy asumieron como senadores y senadoras, se comprometieron a viva voz a desempe\u00f1ar \u00e9tica y honestamente el cargo, de conformidad con las atribuciones y facultades que les confiere el Estatuto de esta Universidad y dem\u00e1s normas pertinentes.<\/p>\n<p><a href=\"https:\/\/www.upla.cl\/noticias\/wp-content\/uploads\/2024\/09\/senado_universitario_2.jpg\"><img loading=\"lazy\" decoding=\"async\" class=\"alignright size-medium wp-image-177032\" src=\"https:\/\/www.upla.cl\/noticias\/wp-content\/uploads\/2024\/09\/senado_universitario_2-300x200.jpg\" alt=\"\" width=\"300\" height=\"200\" srcset=\"https:\/\/upla.cl\/noticias\/wp-content\/uploads\/2024\/09\/senado_universitario_2-300x200.jpg 300w, https:\/\/upla.cl\/noticias\/wp-content\/uploads\/2024\/09\/senado_universitario_2-1024x683.jpg 1024w, https:\/\/upla.cl\/noticias\/wp-content\/uploads\/2024\/09\/senado_universitario_2-150x100.jpg 150w, https:\/\/upla.cl\/noticias\/wp-content\/uploads\/2024\/09\/senado_universitario_2-768x512.jpg 768w, https:\/\/upla.cl\/noticias\/wp-content\/uploads\/2024\/09\/senado_universitario_2-1536x1025.jpg 1536w, https:\/\/upla.cl\/noticias\/wp-content\/uploads\/2024\/09\/senado_universitario_2.jpg 1920w\" sizes=\"auto, (max-width: 300px) 100vw, 300px\" \/><\/a>Igualmente, se comprometieron\u00a0 a servir fielmente a los intereses de la Universidad y sus integrantes, aportando solidariamente a la construcci\u00f3n de una mejor universidad y sociedad, as\u00ed como a mantener una conducta intachable, c\u00edvica y con pleno respeto a los derechos de todas y todos los integrantes de la comunidad.<\/p>\n<p>Bajo ese mismo respeto,\u00a0 el rector Carlos Gonz\u00e1lez Morales invit\u00f3 al nuevo Senado Universitario a estudiar los marcos regulatorios para no improvisar, porque se abre una gran oportunidad de construir Universidad de un modo diferente.<\/p>\n<p><a href=\"https:\/\/www.upla.cl\/noticias\/wp-content\/uploads\/2024\/09\/rector_senado.jpg\"><img loading=\"lazy\" decoding=\"async\" class=\"alignright size-medium wp-image-177031\" src=\"https:\/\/www.upla.cl\/noticias\/wp-content\/uploads\/2024\/09\/rector_senado-300x200.jpg\" alt=\"\" width=\"300\" height=\"200\" srcset=\"https:\/\/upla.cl\/noticias\/wp-content\/uploads\/2024\/09\/rector_senado-300x200.jpg 300w, https:\/\/upla.cl\/noticias\/wp-content\/uploads\/2024\/09\/rector_senado-1024x683.jpg 1024w, https:\/\/upla.cl\/noticias\/wp-content\/uploads\/2024\/09\/rector_senado-150x100.jpg 150w, https:\/\/upla.cl\/noticias\/wp-content\/uploads\/2024\/09\/rector_senado-768x512.jpg 768w, https:\/\/upla.cl\/noticias\/wp-content\/uploads\/2024\/09\/rector_senado-1536x1025.jpg 1536w, https:\/\/upla.cl\/noticias\/wp-content\/uploads\/2024\/09\/rector_senado.jpg 1920w\" sizes=\"auto, (max-width: 300px) 100vw, 300px\" \/><\/a>\u00abEsto es un momento hist\u00f3rico y por eso el mensaje se enfoca en realizar el trabajo con una humildad que tiene que estar muy bien informada, construida entre todas y todos, donde la participaci\u00f3n debe estar asociada con el respeto, la comunicaci\u00f3n efectiva y con la solidaridad, de manera de representar el sentir de todos y todas. Tenemos que ser muy disciplinados y generosos, todos tenemos algo que aportar, no todos somos iguales, la diferencia es la que nutre las caracter\u00edsticas de una participaci\u00f3n democr\u00e1tica de una instituci\u00f3n inserta en un territorio complejo y diverso, que tiene muchos dolores, y estamos preparados para reconstruirlo\u00bb, sostuvo la m\u00e1xima autoridad.<\/p>\n<p><strong>Protagonistas<\/strong><\/p>\n<p><a href=\"https:\/\/www.upla.cl\/noticias\/wp-content\/uploads\/2024\/09\/antonia_martel.jpg\"><img loading=\"lazy\" decoding=\"async\" class=\"alignright wp-image-177029\" src=\"https:\/\/www.upla.cl\/noticias\/wp-content\/uploads\/2024\/09\/antonia_martel-300x262.jpg\" alt=\"\" width=\"228\" height=\"199\" srcset=\"https:\/\/upla.cl\/noticias\/wp-content\/uploads\/2024\/09\/antonia_martel-300x262.jpg 300w, https:\/\/upla.cl\/noticias\/wp-content\/uploads\/2024\/09\/antonia_martel-1024x894.jpg 1024w, https:\/\/upla.cl\/noticias\/wp-content\/uploads\/2024\/09\/antonia_martel-150x131.jpg 150w, https:\/\/upla.cl\/noticias\/wp-content\/uploads\/2024\/09\/antonia_martel-768x670.jpg 768w, https:\/\/upla.cl\/noticias\/wp-content\/uploads\/2024\/09\/antonia_martel-1536x1341.jpg 1536w, https:\/\/upla.cl\/noticias\/wp-content\/uploads\/2024\/09\/antonia_martel.jpg 1920w\" sizes=\"auto, (max-width: 228px) 100vw, 228px\" \/><\/a>En esta hist\u00f3rica jornada , la <strong>senadora y<\/strong> <strong>estudiante de Pedagog\u00eda en Educaci\u00f3n Diferencial del campus San Felipe, Antonia Martel Guerra<\/strong>, afirm\u00f3 que es esencial la participaci\u00f3n de dicho campus en el \u00f3rgano colegiado. \u00abEstamos marcando un proceso de alzar nuestra voz desde nuestro territorio y lo hacemos contentos y con muchas ganas. Cambi\u00f3 al momento la percepci\u00f3n de los estudiantes respecto de su participaci\u00f3n y eso nos tiene m\u00e1s que satisfechos, contentos y vamos a darlo todo\u00bb.<\/p>\n<p><a href=\"https:\/\/www.upla.cl\/noticias\/wp-content\/uploads\/2024\/09\/silvio_bahamondes.jpg\"><img loading=\"lazy\" decoding=\"async\" class=\"alignleft size-medium wp-image-177040\" src=\"https:\/\/www.upla.cl\/noticias\/wp-content\/uploads\/2024\/09\/silvio_bahamondes-300x200.jpg\" alt=\"\" width=\"300\" height=\"200\" srcset=\"https:\/\/upla.cl\/noticias\/wp-content\/uploads\/2024\/09\/silvio_bahamondes-300x200.jpg 300w, https:\/\/upla.cl\/noticias\/wp-content\/uploads\/2024\/09\/silvio_bahamondes-1024x683.jpg 1024w, https:\/\/upla.cl\/noticias\/wp-content\/uploads\/2024\/09\/silvio_bahamondes-150x100.jpg 150w, https:\/\/upla.cl\/noticias\/wp-content\/uploads\/2024\/09\/silvio_bahamondes-768x512.jpg 768w, https:\/\/upla.cl\/noticias\/wp-content\/uploads\/2024\/09\/silvio_bahamondes-1536x1025.jpg 1536w, https:\/\/upla.cl\/noticias\/wp-content\/uploads\/2024\/09\/silvio_bahamondes.jpg 1920w\" sizes=\"auto, (max-width: 300px) 100vw, 300px\" \/><\/a>En tanto, el <strong>funcionario de la Direcci\u00f3n General de Comunicaciones y de la Facultad de Ciencias Sociales, Silvio Bahamondes Galdames, <\/strong>asume su nuevo rol de senador con mucha madurez y responsabilidad. \u00abEn estos casi 33 a\u00f1os que llevo trabajando en la UPLA y, con la experiencia adquirida en la dirigencia de la AFUPLA, he conocido realidades de muchos compa\u00f1eros de administraci\u00f3n. Me motiv\u00f3 ser parte del senado la posibilidad de transmitir dichas realidades, hacerlas visibles y poder cambiarlas\u00bb.<\/p>\n<p><a href=\"https:\/\/www.upla.cl\/noticias\/wp-content\/uploads\/2024\/09\/paula_magnere.jpg\"><img loading=\"lazy\" decoding=\"async\" class=\"alignright size-medium wp-image-177030\" src=\"https:\/\/www.upla.cl\/noticias\/wp-content\/uploads\/2024\/09\/paula_magnere-300x200.jpg\" alt=\"\" width=\"300\" height=\"200\" srcset=\"https:\/\/upla.cl\/noticias\/wp-content\/uploads\/2024\/09\/paula_magnere-300x200.jpg 300w, https:\/\/upla.cl\/noticias\/wp-content\/uploads\/2024\/09\/paula_magnere-1024x683.jpg 1024w, https:\/\/upla.cl\/noticias\/wp-content\/uploads\/2024\/09\/paula_magnere-150x100.jpg 150w, https:\/\/upla.cl\/noticias\/wp-content\/uploads\/2024\/09\/paula_magnere-768x512.jpg 768w, https:\/\/upla.cl\/noticias\/wp-content\/uploads\/2024\/09\/paula_magnere-1536x1025.jpg 1536w, https:\/\/upla.cl\/noticias\/wp-content\/uploads\/2024\/09\/paula_magnere.jpg 1920w\" sizes=\"auto, (max-width: 300px) 100vw, 300px\" \/><\/a>Formada en esta casa de estudios como <strong>profesora de Educaci\u00f3n F\u00edsica, la acad\u00e9mica de la Facultad de Ciencias de la Actividad F\u00edsica y del Deporte<\/strong>, <strong>Paula<\/strong> <strong>Magn\u00e8re \u00c1valos, <\/strong>asume esta nueva labor como un gran desaf\u00edo. \u00abMe form\u00e9 en esta instituci\u00f3n, la he visto crecer, y me he empapado de su quehacer desde distintas \u00e1reas de la gesti\u00f3n. Entre el 2000 y 2005 estuve en la Comisi\u00f3n de Estatutos, dirigida por el profesor Jorge G\u00f3mez, entonces este anhelo hoy se concreta como un nuevo compromiso, para una nueva gobernanza triestamental, con todos los desaf\u00edos que tenemos como universidad estatal, y afianzarnos a trav\u00e9s del di\u00e1logo. Es un orgullo haber sido electa\u00bb.<\/p>\n<p>Senadoras y senadores abren de esta forma nuevos caminos de triestamentalidad en la UPLA, mediante un \u00f3rgano colegiado que ejercer\u00e1 la funci\u00f3n normativa destinada a regir el desarrollo de nuestra instituci\u00f3n. Su primera labor ser\u00e1 elegir la vicepresidencia, luego elaborar el Reglamento de Funcionamiento, organizar las elecciones del Consejo Superior y acordar las comisiones permanentes.<\/p>\n<div id='gallery-1' class='gallery galleryid-177011 gallery-columns-7 gallery-size-thumbnail'><figure class='gallery-item'>\n\t\t\t<div class='gallery-icon landscape'>\n\t\t\t\t<a href='https:\/\/upla.cl\/noticias\/wp-content\/uploads\/2024\/09\/senado_universitario_3.jpg'><img loading=\"lazy\" decoding=\"async\" width=\"150\" height=\"100\" src=\"https:\/\/upla.cl\/noticias\/wp-content\/uploads\/2024\/09\/senado_universitario_3-150x100.jpg\" class=\"attachment-thumbnail size-thumbnail\" alt=\"\" srcset=\"https:\/\/upla.cl\/noticias\/wp-content\/uploads\/2024\/09\/senado_universitario_3-150x100.jpg 150w, https:\/\/upla.cl\/noticias\/wp-content\/uploads\/2024\/09\/senado_universitario_3-300x200.jpg 300w, https:\/\/upla.cl\/noticias\/wp-content\/uploads\/2024\/09\/senado_universitario_3-1024x683.jpg 1024w, https:\/\/upla.cl\/noticias\/wp-content\/uploads\/2024\/09\/senado_universitario_3-768x512.jpg 768w, https:\/\/upla.cl\/noticias\/wp-content\/uploads\/2024\/09\/senado_universitario_3-1536x1025.jpg 1536w, https:\/\/upla.cl\/noticias\/wp-content\/uploads\/2024\/09\/senado_universitario_3-310x205.jpg 310w, https:\/\/upla.cl\/noticias\/wp-content\/uploads\/2024\/09\/senado_universitario_3.jpg 1920w\" sizes=\"auto, (max-width: 150px) 100vw, 150px\" \/><\/a>\n\t\t\t<\/div><\/figure><figure class='gallery-item'>\n\t\t\t<div class='gallery-icon landscape'>\n\t\t\t\t<a href='https:\/\/upla.cl\/noticias\/wp-content\/uploads\/2024\/09\/senado_universitario_5.jpg'><img loading=\"lazy\" decoding=\"async\" width=\"150\" height=\"100\" src=\"https:\/\/upla.cl\/noticias\/wp-content\/uploads\/2024\/09\/senado_universitario_5-150x100.jpg\" class=\"attachment-thumbnail size-thumbnail\" alt=\"\" srcset=\"https:\/\/upla.cl\/noticias\/wp-content\/uploads\/2024\/09\/senado_universitario_5-150x100.jpg 150w, https:\/\/upla.cl\/noticias\/wp-content\/uploads\/2024\/09\/senado_universitario_5-300x200.jpg 300w, https:\/\/upla.cl\/noticias\/wp-content\/uploads\/2024\/09\/senado_universitario_5-1024x683.jpg 1024w, https:\/\/upla.cl\/noticias\/wp-content\/uploads\/2024\/09\/senado_universitario_5-768x512.jpg 768w, https:\/\/upla.cl\/noticias\/wp-content\/uploads\/2024\/09\/senado_universitario_5-1536x1025.jpg 1536w, https:\/\/upla.cl\/noticias\/wp-content\/uploads\/2024\/09\/senado_universitario_5-310x205.jpg 310w, https:\/\/upla.cl\/noticias\/wp-content\/uploads\/2024\/09\/senado_universitario_5.jpg 1920w\" sizes=\"auto, (max-width: 150px) 100vw, 150px\" \/><\/a>\n\t\t\t<\/div><\/figure><figure class='gallery-item'>\n\t\t\t<div class='gallery-icon landscape'>\n\t\t\t\t<a href='https:\/\/upla.cl\/noticias\/wp-content\/uploads\/2024\/09\/senado_universitario_7.jpg'><img loading=\"lazy\" decoding=\"async\" width=\"150\" height=\"100\" src=\"https:\/\/upla.cl\/noticias\/wp-content\/uploads\/2024\/09\/senado_universitario_7-150x100.jpg\" class=\"attachment-thumbnail size-thumbnail\" alt=\"\" srcset=\"https:\/\/upla.cl\/noticias\/wp-content\/uploads\/2024\/09\/senado_universitario_7-150x100.jpg 150w, https:\/\/upla.cl\/noticias\/wp-content\/uploads\/2024\/09\/senado_universitario_7-300x200.jpg 300w, https:\/\/upla.cl\/noticias\/wp-content\/uploads\/2024\/09\/senado_universitario_7-1024x683.jpg 1024w, https:\/\/upla.cl\/noticias\/wp-content\/uploads\/2024\/09\/senado_universitario_7-768x512.jpg 768w, https:\/\/upla.cl\/noticias\/wp-content\/uploads\/2024\/09\/senado_universitario_7-1536x1025.jpg 1536w, https:\/\/upla.cl\/noticias\/wp-content\/uploads\/2024\/09\/senado_universitario_7-310x205.jpg 310w, https:\/\/upla.cl\/noticias\/wp-content\/uploads\/2024\/09\/senado_universitario_7.jpg 1920w\" sizes=\"auto, (max-width: 150px) 100vw, 150px\" \/><\/a>\n\t\t\t<\/div><\/figure><figure class='gallery-item'>\n\t\t\t<div class='gallery-icon landscape'>\n\t\t\t\t<a href='https:\/\/upla.cl\/noticias\/wp-content\/uploads\/2024\/09\/senado_universitario_6.jpg'><img loading=\"lazy\" decoding=\"async\" width=\"150\" height=\"100\" src=\"https:\/\/upla.cl\/noticias\/wp-content\/uploads\/2024\/09\/senado_universitario_6-150x100.jpg\" class=\"attachment-thumbnail size-thumbnail\" alt=\"\" srcset=\"https:\/\/upla.cl\/noticias\/wp-content\/uploads\/2024\/09\/senado_universitario_6-150x100.jpg 150w, https:\/\/upla.cl\/noticias\/wp-content\/uploads\/2024\/09\/senado_universitario_6-300x200.jpg 300w, https:\/\/upla.cl\/noticias\/wp-content\/uploads\/2024\/09\/senado_universitario_6-1024x683.jpg 1024w, https:\/\/upla.cl\/noticias\/wp-content\/uploads\/2024\/09\/senado_universitario_6-768x512.jpg 768w, https:\/\/upla.cl\/noticias\/wp-content\/uploads\/2024\/09\/senado_universitario_6-1536x1025.jpg 1536w, https:\/\/upla.cl\/noticias\/wp-content\/uploads\/2024\/09\/senado_universitario_6-310x205.jpg 310w, https:\/\/upla.cl\/noticias\/wp-content\/uploads\/2024\/09\/senado_universitario_6.jpg 1920w\" sizes=\"auto, (max-width: 150px) 100vw, 150px\" \/><\/a>\n\t\t\t<\/div><\/figure><figure class='gallery-item'>\n\t\t\t<div class='gallery-icon landscape'>\n\t\t\t\t<a href='https:\/\/upla.cl\/noticias\/wp-content\/uploads\/2024\/09\/senado_universitario_9.jpg'><img loading=\"lazy\" decoding=\"async\" width=\"150\" height=\"100\" src=\"https:\/\/upla.cl\/noticias\/wp-content\/uploads\/2024\/09\/senado_universitario_9-150x100.jpg\" class=\"attachment-thumbnail size-thumbnail\" alt=\"\" srcset=\"https:\/\/upla.cl\/noticias\/wp-content\/uploads\/2024\/09\/senado_universitario_9-150x100.jpg 150w, https:\/\/upla.cl\/noticias\/wp-content\/uploads\/2024\/09\/senado_universitario_9-300x200.jpg 300w, https:\/\/upla.cl\/noticias\/wp-content\/uploads\/2024\/09\/senado_universitario_9-1024x683.jpg 1024w, https:\/\/upla.cl\/noticias\/wp-content\/uploads\/2024\/09\/senado_universitario_9-768x512.jpg 768w, https:\/\/upla.cl\/noticias\/wp-content\/uploads\/2024\/09\/senado_universitario_9-1536x1025.jpg 1536w, https:\/\/upla.cl\/noticias\/wp-content\/uploads\/2024\/09\/senado_universitario_9-310x205.jpg 310w, https:\/\/upla.cl\/noticias\/wp-content\/uploads\/2024\/09\/senado_universitario_9.jpg 1920w\" sizes=\"auto, (max-width: 150px) 100vw, 150px\" \/><\/a>\n\t\t\t<\/div><\/figure><figure class='gallery-item'>\n\t\t\t<div class='gallery-icon landscape'>\n\t\t\t\t<a href='https:\/\/upla.cl\/noticias\/wp-content\/uploads\/2024\/09\/senado_universitario_8.jpg'><img loading=\"lazy\" decoding=\"async\" width=\"150\" height=\"100\" src=\"https:\/\/upla.cl\/noticias\/wp-content\/uploads\/2024\/09\/senado_universitario_8-150x100.jpg\" class=\"attachment-thumbnail size-thumbnail\" alt=\"\" srcset=\"https:\/\/upla.cl\/noticias\/wp-content\/uploads\/2024\/09\/senado_universitario_8-150x100.jpg 150w, https:\/\/upla.cl\/noticias\/wp-content\/uploads\/2024\/09\/senado_universitario_8-300x200.jpg 300w, https:\/\/upla.cl\/noticias\/wp-content\/uploads\/2024\/09\/senado_universitario_8-1024x683.jpg 1024w, https:\/\/upla.cl\/noticias\/wp-content\/uploads\/2024\/09\/senado_universitario_8-768x512.jpg 768w, https:\/\/upla.cl\/noticias\/wp-content\/uploads\/2024\/09\/senado_universitario_8-1536x1025.jpg 1536w, https:\/\/upla.cl\/noticias\/wp-content\/uploads\/2024\/09\/senado_universitario_8-310x205.jpg 310w, https:\/\/upla.cl\/noticias\/wp-content\/uploads\/2024\/09\/senado_universitario_8.jpg 1920w\" sizes=\"auto, (max-width: 150px) 100vw, 150px\" \/><\/a>\n\t\t\t<\/div><\/figure><figure class='gallery-item'>\n\t\t\t<div class='gallery-icon landscape'>\n\t\t\t\t<a href='https:\/\/upla.cl\/noticias\/wp-content\/uploads\/2024\/09\/senado_universitario_4.jpg'><img loading=\"lazy\" decoding=\"async\" width=\"150\" height=\"100\" src=\"https:\/\/upla.cl\/noticias\/wp-content\/uploads\/2024\/09\/senado_universitario_4-150x100.jpg\" class=\"attachment-thumbnail size-thumbnail\" alt=\"\" srcset=\"https:\/\/upla.cl\/noticias\/wp-content\/uploads\/2024\/09\/senado_universitario_4-150x100.jpg 150w, https:\/\/upla.cl\/noticias\/wp-content\/uploads\/2024\/09\/senado_universitario_4-300x200.jpg 300w, https:\/\/upla.cl\/noticias\/wp-content\/uploads\/2024\/09\/senado_universitario_4-1024x683.jpg 1024w, https:\/\/upla.cl\/noticias\/wp-content\/uploads\/2024\/09\/senado_universitario_4-768x512.jpg 768w, https:\/\/upla.cl\/noticias\/wp-content\/uploads\/2024\/09\/senado_universitario_4-1536x1025.jpg 1536w, https:\/\/upla.cl\/noticias\/wp-content\/uploads\/2024\/09\/senado_universitario_4-310x205.jpg 310w, https:\/\/upla.cl\/noticias\/wp-content\/uploads\/2024\/09\/senado_universitario_4.jpg 1920w\" sizes=\"auto, (max-width: 150px) 100vw, 150px\" \/><\/a>\n\t\t\t<\/div><\/figure>\n\t\t<\/div>\n\n\n\t\t<div class=\"clear\"><\/div>\n\t\t<div class=\"toggle tie-sc-close\">\n\t\t\t<h3 class=\"toggle-head\">Senado Universitario UPLA  <i class=\"fa fa-angle-down\" aria-hidden=\"true\"><\/i><\/h3>\n\t\t\t<div class=\"toggle-content\">1. Violeta Acu\u00f1a Collado, acad\u00e9mica de la Facultad de Ciencias de la Educaci\u00f3n (Comisi\u00f3n de Estudio)<\/p>\n<p>2. J\u00e9ssica Alfaro \u00c1lvarez, acad\u00e9mica de la Facultad de Ciencias Sociales.<\/p>\n<p>3. Cristi\u00e1n Ar\u00e1nguiz Salazar, acad\u00e9mico de la Facultad de Ciencias Sociales<\/p>\n<p>4. Francisco B\u00e1ez Urbina, acad\u00e9mico de la Facultad de Ciencias Sociales.<\/p>\n<p>5. Silvio Bahamondes Galdames, funcionario de la Direcci\u00f3n General de Comunicaciones y Facultad de Ciencias Sociales.<\/p>\n<p>6. Marisol Belmonte Soto, acad\u00e9mica de la Facultad de Ingenier\u00eda.<\/p>\n<p>7. Carolina Brown Vega, acad\u00e9mica de la Facultad de Ciencias de la Salud.<\/p>\n<p>8. Cristian Carvajal Muquillaza, acad\u00e9mico de la Facultad de Ciencias Naturales y Exactas.<\/p>\n<p>9. Valeria Castillo Ruz, estudiante de Nutrici\u00f3n y Diet\u00e9tica.<\/p>\n<p>10. Ivette Castro Riquelme, funcionaria de la Direcci\u00f3n de Selecci\u00f3n y Admisi\u00f3n.<\/p>\n<p>11. Maximiliano Concha Abarca, estudiante de Derecho.<\/p>\n<p>12. Luis Espinoza Brito, acad\u00e9mico de la Facultad de Ingenier\u00eda.<\/p>\n<p>13. Maritza Farlora Zapata, acad\u00e9mica de la Facultad de Humanidades.<\/p>\n<p>14. Sandra Gallardo Navarrete, funcionaria de la Direcci\u00f3n General de Postgrado.<\/p>\n<p>15. Maite Henr\u00edquez Pizarro, estudiante de Psicolog\u00eda.<\/p>\n<p>16. Auristela Hormaz\u00e1bal Soto, acad\u00e9mica de la Facultad de Ciencias de la Educaci\u00f3n.<\/p>\n<p>17. Patricio Ib\u00e1\u00f1ez Le\u00f3n, acad\u00e9mico de la Facultad de Ciencias de la Educaci\u00f3n.<\/p>\n<p>18. Paula Magn\u00e8re \u00c1valos, acad\u00e9mica de la Facultad de Ciencias de la Actividad F\u00edsica y del Deporte.<\/p>\n<p>19. Antonia Martel Guerra, estudiante de Pedagog\u00eda en Educaci\u00f3n Diferencial, Campus San Felipe.<\/p>\n<p>20. Ver\u00f3nica Meza Ram\u00edrez, acad\u00e9mica de la Facultad de Ingenier\u00eda.<\/p>\n<p>21. Mar\u00eda de los \u00c1ngeles Miranda Bustamante, acad\u00e9mica de la Facultad de Ciencias Sociales<\/p>\n<p>22. Ver\u00f3nica Past\u00e9n Valenzuela, acad\u00e9mica de la Facultad de Ciencias de la Educaci\u00f3n.<\/p>\n<p>23. Mar\u00eda Ang\u00e9lica P\u00e9rez Escobar, funcionaria de la Direcci\u00f3n General de Comunicaciones.<\/p>\n<p>24. Eugenia Ram\u00edrez Tapia, estudiante de Pedagog\u00eda en Historia y Geograf\u00eda.<\/p>\n<p>25. Fabiana Rodr\u00edguez-Pastene Vicencio, acad\u00e9mica de la Facultad Ciencias Sociales.<\/p>\n<p>26. Braulio Rojas Castro, acad\u00e9mico de la Facultad de Arte.<\/p>\n<p>27. Valentina Rojas Past\u00e9n, estudiante de Traducci\u00f3n e Interpretaci\u00f3n Ingl\u00e9s-Espa\u00f1ol.<\/p>\n<p>28. Alberto Teichelmann Shuttleton, acad\u00e9mico de la Facultad de Arte.<\/p>\n<p>29. Macarena Trujillo Cristoffanini, acad\u00e9mica de la Facultad de Ciencias Sociales.<\/p>\n<p>30. Boris Valdenegro Egozcue, acad\u00e9mico de la Facultad de Ciencias Sociales.<\/p>\n<p>31. Fabiola Vera Madrid, acad\u00e9mica de la Facultad de Ciencias de la Salud.<\/p>\n<p>32. Paulina Zavala Olivares, acad\u00e9mica de la Facultad de Ciencias de la Salud. \n\t\t\t<\/div>\n\t\t<\/div>\n\t\n","protected":false},"excerpt":{"rendered":"<p>Los 32 integrantes del nuevo cuerpo colegiado triestamental, subieron uno a uno al escenario para recibir la insignia institucional de manos de la secretaria general y ministra de fe, Mar\u00eda Soledad Hochstetter Santis, en simb\u00f3lico acto con el cual se marca el inicio de sus funciones.<\/p>\n","protected":false},"author":10,"featured_media":177041,"comment_status":"closed","ping_status":"closed","sticky":false,"template":"","format":"standard","meta":{"footnotes":""},"categories":[40,51,96,60,97,99,98,725,665,397],"tags":[],"class_list":["post-177011","post","type-post","status-publish","format-standard","has-post-thumbnail","","category-destacados","category-academia","category-academicos","category-campus-san-felipe","category-estudiantes","category-funcionarios","category-gestion","category-pedagogia-en-educacion-fisica","category-pedagogia-en-ingles","category-senado-universitario"],"_links":{"self":[{"href":"https:\/\/upla.cl\/noticias\/wp-json\/wp\/v2\/posts\/177011","targetHints":{"allow":["GET"]}}],"collection":[{"href":"https:\/\/upla.cl\/noticias\/wp-json\/wp\/v2\/posts"}],"about":[{"href":"https:\/\/upla.cl\/noticias\/wp-json\/wp\/v2\/types\/post"}],"author":[{"embeddable":true,"href":"https:\/\/upla.cl\/noticias\/wp-json\/wp\/v2\/users\/10"}],"replies":[{"embeddable":true,"href":"https:\/\/upla.cl\/noticias\/wp-json\/wp\/v2\/comments?post=177011"}],"version-history":[{"count":0,"href":"https:\/\/upla.cl\/noticias\/wp-json\/wp\/v2\/posts\/177011\/revisions"}],"wp:featuredmedia":[{"embeddable":true,"href":"https:\/\/upla.cl\/noticias\/wp-json\/wp\/v2\/media\/177041"}],"wp:attachment":[{"href":"https:\/\/upla.cl\/noticias\/wp-json\/wp\/v2\/media?parent=177011"}],"wp:term":[{"taxonomy":"category","embeddable":true,"href":"https:\/\/upla.cl\/noticias\/wp-json\/wp\/v2\/categories?post=177011"},{"taxonomy":"post_tag","embeddable":true,"href":"https:\/\/upla.cl\/noticias\/wp-json\/wp\/v2\/tags?post=177011"}],"curies":[{"name":"wp","href":"https:\/\/api.w.org\/{rel}","templated":true}]}}