{"id":177173,"date":"2024-09-26T16:37:45","date_gmt":"2024-09-26T19:37:45","guid":{"rendered":"https:\/\/www.upla.cl\/noticias\/?p=177173"},"modified":"2024-09-26T16:37:45","modified_gmt":"2024-09-26T19:37:45","slug":"kinesiologia-celebro-30-anos-y-se-proyecta-para-las-proximas-tres-decadas","status":"publish","type":"post","link":"https:\/\/upla.cl\/noticias\/2024\/09\/26\/kinesiologia-celebro-30-anos-y-se-proyecta-para-las-proximas-tres-decadas\/","title":{"rendered":"Kinesiolog\u00eda celebr\u00f3 30 a\u00f1os y se proyecta para las pr\u00f3ximas tres d\u00e9cadas"},"content":{"rendered":"<p><a href=\"https:\/\/www.upla.cl\/noticias\/wp-content\/uploads\/2024\/09\/Rector-Carlos-Gonzalez.jpeg\"><img loading=\"lazy\" decoding=\"async\" class=\"alignright wp-image-177210 size-medium\" src=\"https:\/\/www.upla.cl\/noticias\/wp-content\/uploads\/2024\/09\/Rector-Carlos-Gonzalez-300x200.jpeg\" alt=\"Kinesiolog\u00eda celebr\u00f3 30 a\u00f1os y se proyecta para las pr\u00f3ximas tres d\u00e9cadas\" width=\"300\" height=\"200\" srcset=\"https:\/\/upla.cl\/noticias\/wp-content\/uploads\/2024\/09\/Rector-Carlos-Gonzalez-300x200.jpeg 300w, https:\/\/upla.cl\/noticias\/wp-content\/uploads\/2024\/09\/Rector-Carlos-Gonzalez-1024x684.jpeg 1024w, https:\/\/upla.cl\/noticias\/wp-content\/uploads\/2024\/09\/Rector-Carlos-Gonzalez-150x100.jpeg 150w, https:\/\/upla.cl\/noticias\/wp-content\/uploads\/2024\/09\/Rector-Carlos-Gonzalez-768x513.jpeg 768w, https:\/\/upla.cl\/noticias\/wp-content\/uploads\/2024\/09\/Rector-Carlos-Gonzalez-1536x1025.jpeg 1536w, https:\/\/upla.cl\/noticias\/wp-content\/uploads\/2024\/09\/Rector-Carlos-Gonzalez.jpeg 1600w\" sizes=\"auto, (max-width: 300px) 100vw, 300px\" \/><\/a>Con la presencia de las m\u00e1ximas autoridades universitarias, la comunidad acad\u00e9mica y estudiantil de la carrera de <a href=\"https:\/\/www.upla.cl\/admision\/carreras-profesionales\/facultad-de-ciencias-de-la-salud\/kinesiologia\/\"><strong>Kinesiolog\u00eda<\/strong><\/a> de la <strong>Universidad de Playa Ancha<\/strong>, celebr\u00f3 sus primeros 30 a\u00f1os de existencia.<\/p>\n<p>La cita se realiz\u00f3 en el <strong>Aula Dr. F\u00e9lix Morales Pettorino<\/strong>, en el marco de una jornada cargada de recuerdos, emociones y rencuentros, que navegaron espont\u00e1neamente entre saludos protocolares, reconocimientos a docentes y exposiciones de egresados. Estos \u00faltimos compartieron generosamente sus experiencias laborales, tras la formaci\u00f3n profesional que recibieron de esta casa de estudios, a la que hoy regresaron con agradecimiento y alegr\u00eda.<\/p>\n<p>El <strong>rector Carlos Gonz\u00e1lez Morales<\/strong> salud\u00f3 a los directivos, equipo acad\u00e9mico encargado de la formaci\u00f3n de los futuros profesionales, a los estudiantes y a todos quienes conforman esta \u00abcomunidad kin\u00e9sika\u00bb. Con entusiasmo y emoci\u00f3n, mencion\u00f3 al profesor <strong>Eduardo Mateluna<\/strong> (all\u00ed presente), un pionero de la carrera, quien conform\u00f3 el primer equipo de acad\u00e9micos que se har\u00eda cargo de la formaci\u00f3n de los estudiantes.<\/p>\n<p>\u201cHan pasado tres d\u00e9cadas y esta carrera a\u00fan mantiene un nivel de calidad excepcional. La mayor\u00eda de los centros de atenci\u00f3n en kinesiolog\u00eda cuenta con profesionales egresados de nuestras aulas. Muchos de ellos y ellas se desempe\u00f1an en cargos directivos y con un alto compromiso con su desarrollo, con la actualizaci\u00f3n profesional y la investigaci\u00f3n, lo cual nos prestigia como instituci\u00f3n. Saludo tambi\u00e9n a los actuales estudiantes por haber escogido nuestra universidad, porque aqu\u00ed encontrar\u00e1n una excelente fuente de inspiraci\u00f3n para su desarrollo vocacional y profesional\u201d, dijo el rector Gonz\u00e1lez.<\/p>\n<p><a href=\"https:\/\/www.upla.cl\/noticias\/wp-content\/uploads\/2024\/09\/Decana-Luzmarina-Silva-2.jpeg\"><img loading=\"lazy\" decoding=\"async\" class=\"alignright size-medium wp-image-177211\" src=\"https:\/\/www.upla.cl\/noticias\/wp-content\/uploads\/2024\/09\/Decana-Luzmarina-Silva-2-300x200.jpeg\" alt=\"\" width=\"300\" height=\"200\" srcset=\"https:\/\/upla.cl\/noticias\/wp-content\/uploads\/2024\/09\/Decana-Luzmarina-Silva-2-300x200.jpeg 300w, https:\/\/upla.cl\/noticias\/wp-content\/uploads\/2024\/09\/Decana-Luzmarina-Silva-2-1024x684.jpeg 1024w, https:\/\/upla.cl\/noticias\/wp-content\/uploads\/2024\/09\/Decana-Luzmarina-Silva-2-150x100.jpeg 150w, https:\/\/upla.cl\/noticias\/wp-content\/uploads\/2024\/09\/Decana-Luzmarina-Silva-2-768x513.jpeg 768w, https:\/\/upla.cl\/noticias\/wp-content\/uploads\/2024\/09\/Decana-Luzmarina-Silva-2-1536x1025.jpeg 1536w, https:\/\/upla.cl\/noticias\/wp-content\/uploads\/2024\/09\/Decana-Luzmarina-Silva-2.jpeg 1600w\" sizes=\"auto, (max-width: 300px) 100vw, 300px\" \/><\/a>Tambi\u00e9n salud\u00f3 a los presentes, la <strong>decana de la <a href=\"https:\/\/upla.cl\/facultad\/cienciassalud\/\">Facultad de Ciencias de la Salud,<\/a> Dra. Luzmarina Silva Concha<\/strong>, quien destac\u00f3 que, desde su creaci\u00f3n, esta carrera ha sido pionera en la promoci\u00f3n de la salud y el bienestar, formando profesionales que se han destacado en el \u00e1mbito nacional e internacional. Especial momento se vivi\u00f3 cuando tambi\u00e9n record\u00f3 y agradeci\u00f3 la labor de los docentes <strong>Eduardo Mateluna<\/strong>, adem\u00e1s de las profesoras <strong>Elizabeth Dassori, Leviant Rojas, y Yerka Giadrocich,<\/strong> quienes \u2013dijo- con su dedicaci\u00f3n y sabidur\u00eda han moldeado las vidas y carreras de cientos de kinesi\u00f3logos. Con el mismo \u00e9nfasis salud\u00f3 a los estudiantes, cuyo esfuerzo y energ\u00eda -dijo- son el motor que impulsa a la comunidad, y tambi\u00e9n a los egresados, cuyo trabajo y compromiso con la salud, son un ejemplo de la verdadera esencia de la kinesiolog\u00eda.<\/p>\n<p>\u201cHoy, al celebrar estos 30 a\u00f1os, tambi\u00e9n miramos hacia el futuro. La salud es un campo en constante evoluci\u00f3n, y es nuestro deber estar a la vanguardia, la investigaci\u00f3n, la innovaci\u00f3n y el trabajo interdisciplinaro ser\u00e1 clave para enfrentar los retos que se avecinan. Felicitaciones a todos por ser parte de esta historia. \u00a1Brindemos por los pr\u00f3ximos 30 a\u00f1os de Kinesiolog\u00eda en la UPLA!\u201d, afirm\u00f3 la decana.<\/p>\n<p><strong>Exposiciones<\/strong><\/p>\n<p><a href=\"https:\/\/www.upla.cl\/noticias\/wp-content\/uploads\/2024\/09\/Expositor-1.jpeg\"><img loading=\"lazy\" decoding=\"async\" class=\"alignleft size-medium wp-image-177212\" src=\"https:\/\/www.upla.cl\/noticias\/wp-content\/uploads\/2024\/09\/Expositor-1-300x200.jpeg\" alt=\"\" width=\"300\" height=\"200\" srcset=\"https:\/\/upla.cl\/noticias\/wp-content\/uploads\/2024\/09\/Expositor-1-300x200.jpeg 300w, https:\/\/upla.cl\/noticias\/wp-content\/uploads\/2024\/09\/Expositor-1-1024x684.jpeg 1024w, https:\/\/upla.cl\/noticias\/wp-content\/uploads\/2024\/09\/Expositor-1-150x100.jpeg 150w, https:\/\/upla.cl\/noticias\/wp-content\/uploads\/2024\/09\/Expositor-1-768x513.jpeg 768w, https:\/\/upla.cl\/noticias\/wp-content\/uploads\/2024\/09\/Expositor-1-1536x1025.jpeg 1536w, https:\/\/upla.cl\/noticias\/wp-content\/uploads\/2024\/09\/Expositor-1.jpeg 1600w\" sizes=\"auto, (max-width: 300px) 100vw, 300px\" \/><\/a>En las exposiciones participaron cuatro destacados kinesi\u00f3logos: <strong>Antonio L\u00f3pez Fuenzalida,<\/strong> generaci\u00f3n 1996, -acad\u00e9mico de pregrado de la Universidad de Playa Ancha y Andr\u00e9s Bello; <strong>Norman Marfull Salazar<\/strong>, generaci\u00f3n 1997, miembro honorario de la Sociedad colombiana de ortopedia maxil; <strong>V\u00edctor Burgos Pe\u00f1ailillo,<\/strong> generaci\u00f3n 1998, director del hospital Santo Tom\u00e1s de Limache; y <strong>H\u00e9ctor Ignacio Castellucci,<\/strong> generaci\u00f3n 2001, -profesor titular de la <strong>Facultad de Medicina<\/strong> de la <strong>Universidad de Valpara\u00edso<\/strong> y consultor en ergonom\u00eda en Ergocare, Chile; todos ellos exestudiantes de nuestra casa de estudios, quienes compartieron su experiencia profesional, el desarrollo de sus distintas \u00e1reas de inter\u00e9s, y tambi\u00e9n la forma en que su paso por la <strong>Universidad de Playa Ancha<\/strong> los marc\u00f3.<\/p>\n<p>\u201cEs uno quien debe marcar la ruta, porque no siempre est\u00e1 hecha, y eso implica asumir desaf\u00edos, con disciplina y energ\u00eda. En esto, la universidad tambi\u00e9n nos marca y nos gu\u00eda, porque entrega las herramientas y orienta el camino\u201d, dijo <strong>V\u00edctor Burgos<\/strong> a los estudiantes presentes.<\/p>\n<p><a href=\"https:\/\/www.upla.cl\/noticias\/wp-content\/uploads\/2024\/09\/Expositor-4.jpeg\"><img loading=\"lazy\" decoding=\"async\" class=\"alignleft size-medium wp-image-177213\" src=\"https:\/\/www.upla.cl\/noticias\/wp-content\/uploads\/2024\/09\/Expositor-4-300x216.jpeg\" alt=\"\" width=\"300\" height=\"216\" srcset=\"https:\/\/upla.cl\/noticias\/wp-content\/uploads\/2024\/09\/Expositor-4-300x216.jpeg 300w, https:\/\/upla.cl\/noticias\/wp-content\/uploads\/2024\/09\/Expositor-4-1024x739.jpeg 1024w, https:\/\/upla.cl\/noticias\/wp-content\/uploads\/2024\/09\/Expositor-4-150x108.jpeg 150w, https:\/\/upla.cl\/noticias\/wp-content\/uploads\/2024\/09\/Expositor-4-768x554.jpeg 768w, https:\/\/upla.cl\/noticias\/wp-content\/uploads\/2024\/09\/Expositor-4-1536x1108.jpeg 1536w, https:\/\/upla.cl\/noticias\/wp-content\/uploads\/2024\/09\/Expositor-4.jpeg 1600w\" sizes=\"auto, (max-width: 300px) 100vw, 300px\" \/><\/a>Posteriormente, las y los estudiantes de la carrera, <strong>Benjam\u00edn Fuentes Salinas, Antonella Figueroa Alvarado, Ricardo Padilla Gola, Crist\u00f3bal Ponce Ferreira y Javiera Rivera \u00dabeda,<\/strong> presentaron el tema <strong>\u201ckinesiolog\u00eda en movimiento: experiencias, vivencias y aprendizajes en el camino de formaci\u00f3n profesional\u201d<\/strong>, exposici\u00f3n que fue atentamente seguida por los presentes.<\/p>\n<p>La jornada tambi\u00e9n cont\u00f3 con una nota musical, que estuvo a cargo de <strong>Danilo Mu\u00f1oz Silva,<\/strong> estudiante de la generaci\u00f3n 2016, quien interpret\u00f3 distintas piezas del folclor chileno.<\/p>\n<p><strong>Reconocimientos<\/strong><\/p>\n<p><a href=\"https:\/\/www.upla.cl\/noticias\/wp-content\/uploads\/2024\/09\/Eduardo-Mateluna-2.jpeg\"><img loading=\"lazy\" decoding=\"async\" class=\"alignleft size-medium wp-image-177214\" src=\"https:\/\/www.upla.cl\/noticias\/wp-content\/uploads\/2024\/09\/Eduardo-Mateluna-2-300x200.jpeg\" alt=\"\" width=\"300\" height=\"200\" srcset=\"https:\/\/upla.cl\/noticias\/wp-content\/uploads\/2024\/09\/Eduardo-Mateluna-2-300x200.jpeg 300w, https:\/\/upla.cl\/noticias\/wp-content\/uploads\/2024\/09\/Eduardo-Mateluna-2-1024x684.jpeg 1024w, https:\/\/upla.cl\/noticias\/wp-content\/uploads\/2024\/09\/Eduardo-Mateluna-2-150x100.jpeg 150w, https:\/\/upla.cl\/noticias\/wp-content\/uploads\/2024\/09\/Eduardo-Mateluna-2-768x513.jpeg 768w, https:\/\/upla.cl\/noticias\/wp-content\/uploads\/2024\/09\/Eduardo-Mateluna-2-1536x1025.jpeg 1536w, https:\/\/upla.cl\/noticias\/wp-content\/uploads\/2024\/09\/Eduardo-Mateluna-2.jpeg 1600w\" sizes=\"auto, (max-width: 300px) 100vw, 300px\" \/><\/a>Sin duda, el momento m\u00e1s emotivo de esta jornada fue el reconocimiento a la trayectoria de cuatro acad\u00e9micos, quienes han dejado una huella invaluable en cada generaci\u00f3n. Por ello, se leyeron semblanzas de quienes han marcado la carrera. Ellos son: <strong>Eduardo Mateluna Aura; Yerka Giadrosich Rubilar, Elizabeth Dasori Balhmann; y Leviant Rojas Serrano<\/strong> (solo los dos primeros estuvieron presentes).<\/p>\n<p>Durante esta jornada, tambi\u00e9n se reconoci\u00f3 a aquellos profesionales-docentes que han contribuido en forma significativa en la carrera de kinesiolog\u00eda, cuyo impacto trasciende las aulas. Entreg\u00f3 la distinci\u00f3n la <strong>directora de carrera de kinesiolog\u00eda, Carla Sanguinetti Carvajal,<\/strong> ellos son: <strong>Roxana Tapia Allende<\/strong> (sobre quien la profesora Pamela Marcone ley\u00f3 una sentida semblanza), <strong>Juan Pablo Alarc\u00f3n Cort\u00e9s; V\u00edctor Burgos Pe\u00f1ailillo; Cristian Cort\u00e9s Quinchavil; Carmen Luz Flores Ram\u00edrez; Marco Antonio Higueras Contreras; Antonio L\u00f3pez Fuenzalida; Pamela Marcone Dapelo; Eduardo Mateluna Valls; Ver\u00f3nica Ojeda C\u00e1rdenas; Carolina Rojas Espejo; Carolyn Sanhueza Cort\u00e9s; Christian Tapia Araya<\/strong>. En la cita tambi\u00e9n se destac\u00f3 a los siguientes docentes quienes, por razones de fuerza mayor, no pudieron estar presentes. Ellos son: <strong>Joselyn Godoy Brice\u00f1o; Ang\u00e9lica Guti\u00e9rrez D\u00edaz; y Rodrigo L\u00f3pez Garc\u00eda.<\/strong><\/p>\n<p><a href=\"https:\/\/www.upla.cl\/noticias\/wp-content\/uploads\/2024\/09\/Yerka-2.jpeg\"><img loading=\"lazy\" decoding=\"async\" class=\"alignleft size-medium wp-image-177215\" src=\"https:\/\/www.upla.cl\/noticias\/wp-content\/uploads\/2024\/09\/Yerka-2-300x200.jpeg\" alt=\"\" width=\"300\" height=\"200\" srcset=\"https:\/\/upla.cl\/noticias\/wp-content\/uploads\/2024\/09\/Yerka-2-300x200.jpeg 300w, https:\/\/upla.cl\/noticias\/wp-content\/uploads\/2024\/09\/Yerka-2-1024x684.jpeg 1024w, https:\/\/upla.cl\/noticias\/wp-content\/uploads\/2024\/09\/Yerka-2-150x100.jpeg 150w, https:\/\/upla.cl\/noticias\/wp-content\/uploads\/2024\/09\/Yerka-2-768x513.jpeg 768w, https:\/\/upla.cl\/noticias\/wp-content\/uploads\/2024\/09\/Yerka-2-1536x1025.jpeg 1536w, https:\/\/upla.cl\/noticias\/wp-content\/uploads\/2024\/09\/Yerka-2.jpeg 1600w\" sizes=\"auto, (max-width: 300px) 100vw, 300px\" \/><\/a>En la ocasi\u00f3n, la profesora Tapia, quien integr\u00f3 la primera generaci\u00f3n de estudiantes, se mostr\u00f3 visiblemente emocionada y sorprendida por la semblanza que recibi\u00f3. Tras titularse, pas\u00f3 a ser profesora; en 2009 fue jefa de carrera, en 2010, asumi\u00f3 la Direcci\u00f3n del Departamento de Kinesiolog\u00eda y, actualmente, se desempe\u00f1a como Secretaria Acad\u00e9mica de la facultad.<\/p>\n<p>\u00abMe siento muy emocionada por estar en la celebraci\u00f3n de estos 30 a\u00f1os, por el cari\u00f1o y amor que se tiene a la profesi\u00f3n, que don Eduardo (Mateluna) nos inculc\u00f3 como el creador de la carrera, lo cual\u00a0 ha permanecido en el tiempo, independiente a que cambien los planes de estudio. Siempre est\u00e1 el esp\u00edritu de una vocaci\u00f3n de servicio absoluto, de considerar siempre al usuario en primer lugar y velar porque nuestras prestaciones sean de calidad y atender a la persona en forma integral\u00bb, sostuvo Roxana Tapia. Junto con ello, dijo sentirse muy agradecida y orgullosa de ver que la carrera se ha ido desarrollando y no dud\u00f3 en afirmar que el gran desaf\u00edo para los pr\u00f3ximos a\u00f1os es avanzar\u00a0 un paso mas: \u00abEl desaf\u00edo es ser la mejor carrera de la regi\u00f3n y ojal\u00e1 lograr su internacionalizaci\u00f3n\u00bb.<\/p>\n<p><strong>Conclusiones<\/strong><\/p>\n<p><a href=\"https:\/\/www.upla.cl\/noticias\/wp-content\/uploads\/2024\/09\/Estudiantes.jpeg\"><img loading=\"lazy\" decoding=\"async\" class=\"alignleft size-medium wp-image-177216\" src=\"https:\/\/www.upla.cl\/noticias\/wp-content\/uploads\/2024\/09\/Estudiantes-300x191.jpeg\" alt=\"\" width=\"300\" height=\"191\" srcset=\"https:\/\/upla.cl\/noticias\/wp-content\/uploads\/2024\/09\/Estudiantes-300x191.jpeg 300w, https:\/\/upla.cl\/noticias\/wp-content\/uploads\/2024\/09\/Estudiantes-1024x652.jpeg 1024w, https:\/\/upla.cl\/noticias\/wp-content\/uploads\/2024\/09\/Estudiantes-150x96.jpeg 150w, https:\/\/upla.cl\/noticias\/wp-content\/uploads\/2024\/09\/Estudiantes-768x489.jpeg 768w, https:\/\/upla.cl\/noticias\/wp-content\/uploads\/2024\/09\/Estudiantes-1536x978.jpeg 1536w, https:\/\/upla.cl\/noticias\/wp-content\/uploads\/2024\/09\/Estudiantes.jpeg 1600w\" sizes=\"auto, (max-width: 300px) 100vw, 300px\" \/><\/a>Las conclusiones y reflexiones de esta jornada de aniversario las comparti\u00f3 la directora Carla Sanguinetti, quien precis\u00f3 que \u00e9ste es un momento de reflexi\u00f3n y agradecimiento por todo el camino recorrido. Subray\u00f3 que la carrera destaca por la formaci\u00f3n integral de estudiantes y que, m\u00e1s que una disciplina, la Kinesiolog\u00eda es un vocaci\u00f3n que requiere dedicaci\u00f3n, empat\u00eda y un profundo deseo de contribuir al bienestar de las personas.<\/p>\n<p>La directora precis\u00f3 que gracias a la colaboraci\u00f3n con la <strong>Facultad de Ciencias de la Actividad F\u00edsica<\/strong>, se sembraron las bases que permitieron a la carrera, crecer y evolucionar, la cual hoy, bajo el alero de la Facultad de Ciencias de la Salud, contin\u00faa adelante, fortaleciendo su compromiso con la excelencia y la innovaci\u00f3n.<\/p>\n<p>\u201cSigamos trabajando juntos para continuar elevando el prestigio de nuestra carrera y para formar profesionales que, con integridad y dedicaci\u00f3n, transformen vidas y comunidades. En estos 30 a\u00f1os hemos forjado un legado que perdurar\u00e1, y estoy convencida de que lo mejor est\u00e1 por venir \u00a1Feliz aniversario, Kinesiolog\u00eda de la Universidad de Playa Ancha! Sigamos adelante con fuerza y pasi\u00f3n!, concluy\u00f3 Carla Sanguinetti.<\/p>\n<div id='gallery-1' class='gallery galleryid-177173 gallery-columns-3 gallery-size-medium'><figure class='gallery-item'>\n\t\t\t<div class='gallery-icon landscape'>\n\t\t\t\t<a href='https:\/\/upla.cl\/noticias\/wp-content\/uploads\/2024\/09\/Eduardo-Mateluna-3.jpeg'><img loading=\"lazy\" decoding=\"async\" width=\"300\" height=\"200\" src=\"https:\/\/upla.cl\/noticias\/wp-content\/uploads\/2024\/09\/Eduardo-Mateluna-3-300x200.jpeg\" class=\"attachment-medium size-medium\" alt=\"\" srcset=\"https:\/\/upla.cl\/noticias\/wp-content\/uploads\/2024\/09\/Eduardo-Mateluna-3-300x200.jpeg 300w, https:\/\/upla.cl\/noticias\/wp-content\/uploads\/2024\/09\/Eduardo-Mateluna-3-1024x684.jpeg 1024w, https:\/\/upla.cl\/noticias\/wp-content\/uploads\/2024\/09\/Eduardo-Mateluna-3-150x100.jpeg 150w, https:\/\/upla.cl\/noticias\/wp-content\/uploads\/2024\/09\/Eduardo-Mateluna-3-768x513.jpeg 768w, https:\/\/upla.cl\/noticias\/wp-content\/uploads\/2024\/09\/Eduardo-Mateluna-3-1536x1025.jpeg 1536w, https:\/\/upla.cl\/noticias\/wp-content\/uploads\/2024\/09\/Eduardo-Mateluna-3.jpeg 1600w\" sizes=\"auto, (max-width: 300px) 100vw, 300px\" \/><\/a>\n\t\t\t<\/div><\/figure><figure class='gallery-item'>\n\t\t\t<div class='gallery-icon landscape'>\n\t\t\t\t<a href='https:\/\/upla.cl\/noticias\/wp-content\/uploads\/2024\/09\/Eduardo-Mateluna.jpeg'><img loading=\"lazy\" decoding=\"async\" width=\"300\" height=\"218\" src=\"https:\/\/upla.cl\/noticias\/wp-content\/uploads\/2024\/09\/Eduardo-Mateluna-300x218.jpeg\" class=\"attachment-medium size-medium\" alt=\"\" srcset=\"https:\/\/upla.cl\/noticias\/wp-content\/uploads\/2024\/09\/Eduardo-Mateluna-300x218.jpeg 300w, https:\/\/upla.cl\/noticias\/wp-content\/uploads\/2024\/09\/Eduardo-Mateluna-1024x746.jpeg 1024w, https:\/\/upla.cl\/noticias\/wp-content\/uploads\/2024\/09\/Eduardo-Mateluna-150x109.jpeg 150w, https:\/\/upla.cl\/noticias\/wp-content\/uploads\/2024\/09\/Eduardo-Mateluna-768x559.jpeg 768w, https:\/\/upla.cl\/noticias\/wp-content\/uploads\/2024\/09\/Eduardo-Mateluna-1536x1118.jpeg 1536w, https:\/\/upla.cl\/noticias\/wp-content\/uploads\/2024\/09\/Eduardo-Mateluna.jpeg 1600w\" sizes=\"auto, (max-width: 300px) 100vw, 300px\" \/><\/a>\n\t\t\t<\/div><\/figure><figure class='gallery-item'>\n\t\t\t<div class='gallery-icon landscape'>\n\t\t\t\t<a href='https:\/\/upla.cl\/noticias\/wp-content\/uploads\/2024\/09\/Estudiantes-1.jpeg'><img loading=\"lazy\" decoding=\"async\" width=\"300\" height=\"191\" src=\"https:\/\/upla.cl\/noticias\/wp-content\/uploads\/2024\/09\/Estudiantes-1-300x191.jpeg\" class=\"attachment-medium size-medium\" alt=\"\" srcset=\"https:\/\/upla.cl\/noticias\/wp-content\/uploads\/2024\/09\/Estudiantes-1-300x191.jpeg 300w, https:\/\/upla.cl\/noticias\/wp-content\/uploads\/2024\/09\/Estudiantes-1-1024x652.jpeg 1024w, https:\/\/upla.cl\/noticias\/wp-content\/uploads\/2024\/09\/Estudiantes-1-150x96.jpeg 150w, https:\/\/upla.cl\/noticias\/wp-content\/uploads\/2024\/09\/Estudiantes-1-768x489.jpeg 768w, https:\/\/upla.cl\/noticias\/wp-content\/uploads\/2024\/09\/Estudiantes-1-1536x978.jpeg 1536w, https:\/\/upla.cl\/noticias\/wp-content\/uploads\/2024\/09\/Estudiantes-1.jpeg 1600w\" sizes=\"auto, (max-width: 300px) 100vw, 300px\" \/><\/a>\n\t\t\t<\/div><\/figure><figure class='gallery-item'>\n\t\t\t<div class='gallery-icon landscape'>\n\t\t\t\t<a href='https:\/\/upla.cl\/noticias\/wp-content\/uploads\/2024\/09\/Expositor-1-1.jpeg'><img loading=\"lazy\" decoding=\"async\" width=\"300\" height=\"200\" src=\"https:\/\/upla.cl\/noticias\/wp-content\/uploads\/2024\/09\/Expositor-1-1-300x200.jpeg\" class=\"attachment-medium size-medium\" alt=\"\" srcset=\"https:\/\/upla.cl\/noticias\/wp-content\/uploads\/2024\/09\/Expositor-1-1-300x200.jpeg 300w, https:\/\/upla.cl\/noticias\/wp-content\/uploads\/2024\/09\/Expositor-1-1-1024x684.jpeg 1024w, https:\/\/upla.cl\/noticias\/wp-content\/uploads\/2024\/09\/Expositor-1-1-150x100.jpeg 150w, https:\/\/upla.cl\/noticias\/wp-content\/uploads\/2024\/09\/Expositor-1-1-768x513.jpeg 768w, https:\/\/upla.cl\/noticias\/wp-content\/uploads\/2024\/09\/Expositor-1-1-1536x1025.jpeg 1536w, https:\/\/upla.cl\/noticias\/wp-content\/uploads\/2024\/09\/Expositor-1-1.jpeg 1600w\" sizes=\"auto, (max-width: 300px) 100vw, 300px\" \/><\/a>\n\t\t\t<\/div><\/figure><figure class='gallery-item'>\n\t\t\t<div class='gallery-icon landscape'>\n\t\t\t\t<a href='https:\/\/upla.cl\/noticias\/wp-content\/uploads\/2024\/09\/Expositor-2.jpeg'><img loading=\"lazy\" decoding=\"async\" width=\"300\" height=\"226\" src=\"https:\/\/upla.cl\/noticias\/wp-content\/uploads\/2024\/09\/Expositor-2-300x226.jpeg\" class=\"attachment-medium size-medium\" alt=\"\" srcset=\"https:\/\/upla.cl\/noticias\/wp-content\/uploads\/2024\/09\/Expositor-2-300x226.jpeg 300w, https:\/\/upla.cl\/noticias\/wp-content\/uploads\/2024\/09\/Expositor-2-1024x771.jpeg 1024w, https:\/\/upla.cl\/noticias\/wp-content\/uploads\/2024\/09\/Expositor-2-150x113.jpeg 150w, https:\/\/upla.cl\/noticias\/wp-content\/uploads\/2024\/09\/Expositor-2-768x578.jpeg 768w, https:\/\/upla.cl\/noticias\/wp-content\/uploads\/2024\/09\/Expositor-2-1536x1157.jpeg 1536w, https:\/\/upla.cl\/noticias\/wp-content\/uploads\/2024\/09\/Expositor-2.jpeg 1600w\" sizes=\"auto, (max-width: 300px) 100vw, 300px\" \/><\/a>\n\t\t\t<\/div><\/figure><figure class='gallery-item'>\n\t\t\t<div class='gallery-icon landscape'>\n\t\t\t\t<a href='https:\/\/upla.cl\/noticias\/wp-content\/uploads\/2024\/09\/Expositor-3.jpeg'><img loading=\"lazy\" decoding=\"async\" width=\"300\" height=\"209\" src=\"https:\/\/upla.cl\/noticias\/wp-content\/uploads\/2024\/09\/Expositor-3-300x209.jpeg\" class=\"attachment-medium size-medium\" alt=\"\" srcset=\"https:\/\/upla.cl\/noticias\/wp-content\/uploads\/2024\/09\/Expositor-3-300x209.jpeg 300w, https:\/\/upla.cl\/noticias\/wp-content\/uploads\/2024\/09\/Expositor-3-1024x712.jpeg 1024w, https:\/\/upla.cl\/noticias\/wp-content\/uploads\/2024\/09\/Expositor-3-150x104.jpeg 150w, https:\/\/upla.cl\/noticias\/wp-content\/uploads\/2024\/09\/Expositor-3-768x534.jpeg 768w, https:\/\/upla.cl\/noticias\/wp-content\/uploads\/2024\/09\/Expositor-3-1536x1068.jpeg 1536w, https:\/\/upla.cl\/noticias\/wp-content\/uploads\/2024\/09\/Expositor-3.jpeg 1600w\" sizes=\"auto, (max-width: 300px) 100vw, 300px\" \/><\/a>\n\t\t\t<\/div><\/figure><figure class='gallery-item'>\n\t\t\t<div class='gallery-icon landscape'>\n\t\t\t\t<a href='https:\/\/upla.cl\/noticias\/wp-content\/uploads\/2024\/09\/Expositor-4-1.jpeg'><img loading=\"lazy\" decoding=\"async\" width=\"300\" height=\"216\" src=\"https:\/\/upla.cl\/noticias\/wp-content\/uploads\/2024\/09\/Expositor-4-1-300x216.jpeg\" class=\"attachment-medium size-medium\" alt=\"\" srcset=\"https:\/\/upla.cl\/noticias\/wp-content\/uploads\/2024\/09\/Expositor-4-1-300x216.jpeg 300w, https:\/\/upla.cl\/noticias\/wp-content\/uploads\/2024\/09\/Expositor-4-1-1024x739.jpeg 1024w, https:\/\/upla.cl\/noticias\/wp-content\/uploads\/2024\/09\/Expositor-4-1-150x108.jpeg 150w, https:\/\/upla.cl\/noticias\/wp-content\/uploads\/2024\/09\/Expositor-4-1-768x554.jpeg 768w, https:\/\/upla.cl\/noticias\/wp-content\/uploads\/2024\/09\/Expositor-4-1-1536x1108.jpeg 1536w, https:\/\/upla.cl\/noticias\/wp-content\/uploads\/2024\/09\/Expositor-4-1.jpeg 1600w\" sizes=\"auto, (max-width: 300px) 100vw, 300px\" \/><\/a>\n\t\t\t<\/div><\/figure><figure class='gallery-item'>\n\t\t\t<div class='gallery-icon landscape'>\n\t\t\t\t<a href='https:\/\/upla.cl\/noticias\/wp-content\/uploads\/2024\/09\/Reconocimiento-1.jpeg'><img loading=\"lazy\" decoding=\"async\" width=\"300\" height=\"200\" src=\"https:\/\/upla.cl\/noticias\/wp-content\/uploads\/2024\/09\/Reconocimiento-1-300x200.jpeg\" class=\"attachment-medium size-medium\" alt=\"\" srcset=\"https:\/\/upla.cl\/noticias\/wp-content\/uploads\/2024\/09\/Reconocimiento-1-300x200.jpeg 300w, https:\/\/upla.cl\/noticias\/wp-content\/uploads\/2024\/09\/Reconocimiento-1-1024x684.jpeg 1024w, https:\/\/upla.cl\/noticias\/wp-content\/uploads\/2024\/09\/Reconocimiento-1-150x100.jpeg 150w, https:\/\/upla.cl\/noticias\/wp-content\/uploads\/2024\/09\/Reconocimiento-1-768x513.jpeg 768w, https:\/\/upla.cl\/noticias\/wp-content\/uploads\/2024\/09\/Reconocimiento-1-1536x1025.jpeg 1536w, https:\/\/upla.cl\/noticias\/wp-content\/uploads\/2024\/09\/Reconocimiento-1.jpeg 1600w\" sizes=\"auto, (max-width: 300px) 100vw, 300px\" \/><\/a>\n\t\t\t<\/div><\/figure><figure class='gallery-item'>\n\t\t\t<div class='gallery-icon landscape'>\n\t\t\t\t<a href='https:\/\/upla.cl\/noticias\/wp-content\/uploads\/2024\/09\/Reconocimiento-2.jpeg'><img loading=\"lazy\" decoding=\"async\" width=\"300\" height=\"200\" src=\"https:\/\/upla.cl\/noticias\/wp-content\/uploads\/2024\/09\/Reconocimiento-2-300x200.jpeg\" class=\"attachment-medium size-medium\" alt=\"\" srcset=\"https:\/\/upla.cl\/noticias\/wp-content\/uploads\/2024\/09\/Reconocimiento-2-300x200.jpeg 300w, https:\/\/upla.cl\/noticias\/wp-content\/uploads\/2024\/09\/Reconocimiento-2-1024x684.jpeg 1024w, https:\/\/upla.cl\/noticias\/wp-content\/uploads\/2024\/09\/Reconocimiento-2-150x100.jpeg 150w, https:\/\/upla.cl\/noticias\/wp-content\/uploads\/2024\/09\/Reconocimiento-2-768x513.jpeg 768w, https:\/\/upla.cl\/noticias\/wp-content\/uploads\/2024\/09\/Reconocimiento-2-1536x1025.jpeg 1536w, https:\/\/upla.cl\/noticias\/wp-content\/uploads\/2024\/09\/Reconocimiento-2.jpeg 1600w\" sizes=\"auto, (max-width: 300px) 100vw, 300px\" \/><\/a>\n\t\t\t<\/div><\/figure><figure class='gallery-item'>\n\t\t\t<div class='gallery-icon landscape'>\n\t\t\t\t<a href='https:\/\/upla.cl\/noticias\/wp-content\/uploads\/2024\/09\/Roxana-Tapia.jpeg'><img loading=\"lazy\" decoding=\"async\" width=\"300\" height=\"200\" src=\"https:\/\/upla.cl\/noticias\/wp-content\/uploads\/2024\/09\/Roxana-Tapia-300x200.jpeg\" class=\"attachment-medium size-medium\" alt=\"\" srcset=\"https:\/\/upla.cl\/noticias\/wp-content\/uploads\/2024\/09\/Roxana-Tapia-300x200.jpeg 300w, https:\/\/upla.cl\/noticias\/wp-content\/uploads\/2024\/09\/Roxana-Tapia-1024x684.jpeg 1024w, https:\/\/upla.cl\/noticias\/wp-content\/uploads\/2024\/09\/Roxana-Tapia-150x100.jpeg 150w, https:\/\/upla.cl\/noticias\/wp-content\/uploads\/2024\/09\/Roxana-Tapia-768x513.jpeg 768w, https:\/\/upla.cl\/noticias\/wp-content\/uploads\/2024\/09\/Roxana-Tapia-1536x1025.jpeg 1536w, https:\/\/upla.cl\/noticias\/wp-content\/uploads\/2024\/09\/Roxana-Tapia.jpeg 1600w\" sizes=\"auto, (max-width: 300px) 100vw, 300px\" \/><\/a>\n\t\t\t<\/div><\/figure><figure class='gallery-item'>\n\t\t\t<div class='gallery-icon landscape'>\n\t\t\t\t<a href='https:\/\/upla.cl\/noticias\/wp-content\/uploads\/2024\/09\/Yerka-2-1.jpeg'><img loading=\"lazy\" decoding=\"async\" width=\"300\" height=\"200\" src=\"https:\/\/upla.cl\/noticias\/wp-content\/uploads\/2024\/09\/Yerka-2-1-300x200.jpeg\" class=\"attachment-medium size-medium\" alt=\"\" srcset=\"https:\/\/upla.cl\/noticias\/wp-content\/uploads\/2024\/09\/Yerka-2-1-300x200.jpeg 300w, https:\/\/upla.cl\/noticias\/wp-content\/uploads\/2024\/09\/Yerka-2-1-1024x684.jpeg 1024w, https:\/\/upla.cl\/noticias\/wp-content\/uploads\/2024\/09\/Yerka-2-1-150x100.jpeg 150w, https:\/\/upla.cl\/noticias\/wp-content\/uploads\/2024\/09\/Yerka-2-1-768x513.jpeg 768w, https:\/\/upla.cl\/noticias\/wp-content\/uploads\/2024\/09\/Yerka-2-1-1536x1025.jpeg 1536w, https:\/\/upla.cl\/noticias\/wp-content\/uploads\/2024\/09\/Yerka-2-1.jpeg 1600w\" sizes=\"auto, (max-width: 300px) 100vw, 300px\" \/><\/a>\n\t\t\t<\/div><\/figure><figure class='gallery-item'>\n\t\t\t<div class='gallery-icon landscape'>\n\t\t\t\t<a href='https:\/\/upla.cl\/noticias\/wp-content\/uploads\/2024\/09\/Yerka.jpeg'><img loading=\"lazy\" decoding=\"async\" width=\"300\" height=\"200\" src=\"https:\/\/upla.cl\/noticias\/wp-content\/uploads\/2024\/09\/Yerka-300x200.jpeg\" class=\"attachment-medium size-medium\" alt=\"\" srcset=\"https:\/\/upla.cl\/noticias\/wp-content\/uploads\/2024\/09\/Yerka-300x200.jpeg 300w, https:\/\/upla.cl\/noticias\/wp-content\/uploads\/2024\/09\/Yerka-1024x684.jpeg 1024w, https:\/\/upla.cl\/noticias\/wp-content\/uploads\/2024\/09\/Yerka-150x100.jpeg 150w, https:\/\/upla.cl\/noticias\/wp-content\/uploads\/2024\/09\/Yerka-768x513.jpeg 768w, https:\/\/upla.cl\/noticias\/wp-content\/uploads\/2024\/09\/Yerka-1536x1025.jpeg 1536w, https:\/\/upla.cl\/noticias\/wp-content\/uploads\/2024\/09\/Yerka.jpeg 1600w\" sizes=\"auto, (max-width: 300px) 100vw, 300px\" \/><\/a>\n\t\t\t<\/div><\/figure>\n\t\t<\/div>\n\n","protected":false},"excerpt":{"rendered":"<p>El momento m\u00e1s emotivo de la jornada, fue el reconocimiento que la carrera realiz\u00f3 a su fundador, Eduardo Mateluna, y a diversos profesores que formaron y tambi\u00e9n a quienes hoy integran el cuerpo docente.<\/p>\n","protected":false},"author":3,"featured_media":177229,"comment_status":"closed","ping_status":"closed","sticky":false,"template":"","format":"standard","meta":{"footnotes":""},"categories":[51,96,40,101,69,97,74],"tags":[],"class_list":["post-177173","post","type-post","status-publish","format-standard","has-post-thumbnail","","category-academia","category-academicos","category-destacados","category-docencia","category-egresados","category-estudiantes","category-facultad-de-ciencias-de-la-salud"],"_links":{"self":[{"href":"https:\/\/upla.cl\/noticias\/wp-json\/wp\/v2\/posts\/177173","targetHints":{"allow":["GET"]}}],"collection":[{"href":"https:\/\/upla.cl\/noticias\/wp-json\/wp\/v2\/posts"}],"about":[{"href":"https:\/\/upla.cl\/noticias\/wp-json\/wp\/v2\/types\/post"}],"author":[{"embeddable":true,"href":"https:\/\/upla.cl\/noticias\/wp-json\/wp\/v2\/users\/3"}],"replies":[{"embeddable":true,"href":"https:\/\/upla.cl\/noticias\/wp-json\/wp\/v2\/comments?post=177173"}],"version-history":[{"count":0,"href":"https:\/\/upla.cl\/noticias\/wp-json\/wp\/v2\/posts\/177173\/revisions"}],"wp:featuredmedia":[{"embeddable":true,"href":"https:\/\/upla.cl\/noticias\/wp-json\/wp\/v2\/media\/177229"}],"wp:attachment":[{"href":"https:\/\/upla.cl\/noticias\/wp-json\/wp\/v2\/media?parent=177173"}],"wp:term":[{"taxonomy":"category","embeddable":true,"href":"https:\/\/upla.cl\/noticias\/wp-json\/wp\/v2\/categories?post=177173"},{"taxonomy":"post_tag","embeddable":true,"href":"https:\/\/upla.cl\/noticias\/wp-json\/wp\/v2\/tags?post=177173"}],"curies":[{"name":"wp","href":"https:\/\/api.w.org\/{rel}","templated":true}]}}