{"id":177174,"date":"2024-09-26T15:50:52","date_gmt":"2024-09-26T18:50:52","guid":{"rendered":"https:\/\/www.upla.cl\/noticias\/?p=177174"},"modified":"2024-09-26T15:50:52","modified_gmt":"2024-09-26T18:50:52","slug":"primer-ano-de-educacion-basica-realiza-emotiva-ceremonia-de-investidura","status":"publish","type":"post","link":"https:\/\/upla.cl\/noticias\/2024\/09\/26\/primer-ano-de-educacion-basica-realiza-emotiva-ceremonia-de-investidura\/","title":{"rendered":"Primer A\u00f1o de Educaci\u00f3n B\u00e1sica realiza emotiva Ceremonia de Investidura"},"content":{"rendered":"<p><a href=\"https:\/\/www.upla.cl\/noticias\/wp-content\/uploads\/2024\/09\/Investidura_EBA_Primer_Ano_2024-10.jpg\"><img loading=\"lazy\" decoding=\"async\" class=\"aligncenter size-large wp-image-177191\" src=\"https:\/\/www.upla.cl\/noticias\/wp-content\/uploads\/2024\/09\/Investidura_EBA_Primer_Ano_2024-10-1024x678.jpg\" alt=\"\" width=\"618\" height=\"409\" srcset=\"https:\/\/upla.cl\/noticias\/wp-content\/uploads\/2024\/09\/Investidura_EBA_Primer_Ano_2024-10-1024x678.jpg 1024w, https:\/\/upla.cl\/noticias\/wp-content\/uploads\/2024\/09\/Investidura_EBA_Primer_Ano_2024-10-300x199.jpg 300w, https:\/\/upla.cl\/noticias\/wp-content\/uploads\/2024\/09\/Investidura_EBA_Primer_Ano_2024-10-150x99.jpg 150w, https:\/\/upla.cl\/noticias\/wp-content\/uploads\/2024\/09\/Investidura_EBA_Primer_Ano_2024-10-768x509.jpg 768w, https:\/\/upla.cl\/noticias\/wp-content\/uploads\/2024\/09\/Investidura_EBA_Primer_Ano_2024-10-1536x1017.jpg 1536w, https:\/\/upla.cl\/noticias\/wp-content\/uploads\/2024\/09\/Investidura_EBA_Primer_Ano_2024-10-2048x1356.jpg 2048w, https:\/\/upla.cl\/noticias\/wp-content\/uploads\/2024\/09\/Investidura_EBA_Primer_Ano_2024-10-310x205.jpg 310w\" sizes=\"auto, (max-width: 618px) 100vw, 618px\" \/><\/a>Cuarenta estudiantes de <strong>primer a\u00f1o de la carrera de Pedagog\u00eda en Educaci\u00f3n B\u00e1sica<\/strong>, perteneciente a la <strong>Facultad de Ciencias de la Educaci\u00f3n,<\/strong> fueron investidos con el delantal profesional que llevar\u00e1n por los a\u00f1os que dure su formaci\u00f3n y que ser\u00e1 un elemento diferenciador durante su desempe\u00f1o.<\/p>\n<p>En esta ceremonia tambi\u00e9n son part\u00edcipes la familia de los y las estudiantes, quienes los acompa\u00f1an en el escenario en esta investidura.<\/p>\n<p><a href=\"https:\/\/www.upla.cl\/noticias\/wp-content\/uploads\/2024\/09\/Investidura_EBA_Primer_Ano_2024-12-rotated.jpg\"><img loading=\"lazy\" decoding=\"async\" class=\"alignright size-medium wp-image-177180\" src=\"https:\/\/www.upla.cl\/noticias\/wp-content\/uploads\/2024\/09\/Investidura_EBA_Primer_Ano_2024-12-199x300.jpg\" alt=\"\" width=\"199\" height=\"300\" srcset=\"https:\/\/upla.cl\/noticias\/wp-content\/uploads\/2024\/09\/Investidura_EBA_Primer_Ano_2024-12-199x300.jpg 199w, https:\/\/upla.cl\/noticias\/wp-content\/uploads\/2024\/09\/Investidura_EBA_Primer_Ano_2024-12-678x1024.jpg 678w, https:\/\/upla.cl\/noticias\/wp-content\/uploads\/2024\/09\/Investidura_EBA_Primer_Ano_2024-12-99x150.jpg 99w, https:\/\/upla.cl\/noticias\/wp-content\/uploads\/2024\/09\/Investidura_EBA_Primer_Ano_2024-12-768x1160.jpg 768w, https:\/\/upla.cl\/noticias\/wp-content\/uploads\/2024\/09\/Investidura_EBA_Primer_Ano_2024-12-1017x1536.jpg 1017w, https:\/\/upla.cl\/noticias\/wp-content\/uploads\/2024\/09\/Investidura_EBA_Primer_Ano_2024-12-1356x2048.jpg 1356w, https:\/\/upla.cl\/noticias\/wp-content\/uploads\/2024\/09\/Investidura_EBA_Primer_Ano_2024-12-rotated.jpg 1632w\" sizes=\"auto, (max-width: 199px) 100vw, 199px\" \/><\/a>En la actividad estuvieron presentes acad\u00e9micos y acad\u00e9micas de la facultad, encabezados por la <strong>Dra. Marta Casta\u00f1eda Meneses, Directora del Departamento de Pedagog\u00eda<\/strong>, quien en sus palabras a los estudiantes de primer a\u00f1o, relev\u00f3 que \u00abSer profesor de Educaci\u00f3n B\u00e1sica es hacer conscientemente una opci\u00f3n por la infancia, una opci\u00f3n por la ni\u00f1ez y por sus necesidades formativas, necesidades que no s\u00f3lo son de conocimiento, sino que se entrelazan con las de afecto y contenci\u00f3n.\u00bb<\/p>\n<p>De igual manera, la <strong>Directora de la carrera Dra. Marcela Sep\u00falveda Riveros,<\/strong> manifiest\u00f3 en sus palabras que \u201cEl equipo directivo y cuerpo acad\u00e9mico desean que cada etapa de la vida universitaria la vivan intensamente, con alegr\u00eda , con el entusiasmo de aprender, que cada una de sus experiencias naveguen hacia la construcci\u00f3n de una identidad profesional que desarrolle proyectos para evaluar la pertinencia de los cambios e innovaciones; identidad profesional, que es clave incluso, para el \u00e9xito de pol\u00edticas educativas\u201d,<\/p>\n<p><a href=\"https:\/\/www.upla.cl\/noticias\/wp-content\/uploads\/2024\/09\/Investidura_EBA_Primer_Ano_2024-11-rotated.jpg\"><img loading=\"lazy\" decoding=\"async\" class=\"alignright size-medium wp-image-177179\" src=\"https:\/\/www.upla.cl\/noticias\/wp-content\/uploads\/2024\/09\/Investidura_EBA_Primer_Ano_2024-11-199x300.jpg\" alt=\"\" width=\"199\" height=\"300\" srcset=\"https:\/\/upla.cl\/noticias\/wp-content\/uploads\/2024\/09\/Investidura_EBA_Primer_Ano_2024-11-199x300.jpg 199w, https:\/\/upla.cl\/noticias\/wp-content\/uploads\/2024\/09\/Investidura_EBA_Primer_Ano_2024-11-678x1024.jpg 678w, https:\/\/upla.cl\/noticias\/wp-content\/uploads\/2024\/09\/Investidura_EBA_Primer_Ano_2024-11-99x150.jpg 99w, https:\/\/upla.cl\/noticias\/wp-content\/uploads\/2024\/09\/Investidura_EBA_Primer_Ano_2024-11-768x1160.jpg 768w, https:\/\/upla.cl\/noticias\/wp-content\/uploads\/2024\/09\/Investidura_EBA_Primer_Ano_2024-11-1017x1536.jpg 1017w, https:\/\/upla.cl\/noticias\/wp-content\/uploads\/2024\/09\/Investidura_EBA_Primer_Ano_2024-11-1356x2048.jpg 1356w, https:\/\/upla.cl\/noticias\/wp-content\/uploads\/2024\/09\/Investidura_EBA_Primer_Ano_2024-11-rotated.jpg 1632w\" sizes=\"auto, (max-width: 199px) 100vw, 199px\" \/><\/a>En la ocasi\u00f3n,\u00a0 tambi\u00e9n, fueron acompa\u00f1ados con unas palabras de bienvenida a la formaci\u00f3n docente de la <strong>presidenta del Centro de Estudiantes Paulette Espinosa Osorio<\/strong> y en el escenario por los <strong>profesores supervisores Mg. Catalina Gajardo Rodr\u00edguez, Mg. Mar\u00eda Isabel Carriel y Dr. Sebasti\u00e1n Lepe Segovia.<\/strong><\/p>\n<p>El mensaje de la ceremonia de investidura es reconocer la importancia del rol que desempe\u00f1ar\u00e1n como profesores en formaci\u00f3n al analizar el sistema escolar desde dimensiones socio-afectivas y organizativas que lo conforman.<\/p>\n<p>&nbsp;<\/p>\n<p>&nbsp;<\/p>\n<div id='gallery-1' class='gallery galleryid-177174 gallery-columns-3 gallery-size-medium'><figure class='gallery-item'>\n\t\t\t<div class='gallery-icon landscape'>\n\t\t\t\t<a href='https:\/\/upla.cl\/noticias\/wp-content\/uploads\/2024\/09\/Investidura_EBA_Primer_Ano_2024-9.jpg'><img loading=\"lazy\" decoding=\"async\" width=\"300\" height=\"199\" src=\"https:\/\/upla.cl\/noticias\/wp-content\/uploads\/2024\/09\/Investidura_EBA_Primer_Ano_2024-9-300x199.jpg\" class=\"attachment-medium size-medium\" alt=\"\" srcset=\"https:\/\/upla.cl\/noticias\/wp-content\/uploads\/2024\/09\/Investidura_EBA_Primer_Ano_2024-9-300x199.jpg 300w, https:\/\/upla.cl\/noticias\/wp-content\/uploads\/2024\/09\/Investidura_EBA_Primer_Ano_2024-9-1024x678.jpg 1024w, https:\/\/upla.cl\/noticias\/wp-content\/uploads\/2024\/09\/Investidura_EBA_Primer_Ano_2024-9-150x99.jpg 150w, https:\/\/upla.cl\/noticias\/wp-content\/uploads\/2024\/09\/Investidura_EBA_Primer_Ano_2024-9-768x509.jpg 768w, https:\/\/upla.cl\/noticias\/wp-content\/uploads\/2024\/09\/Investidura_EBA_Primer_Ano_2024-9-1536x1017.jpg 1536w, https:\/\/upla.cl\/noticias\/wp-content\/uploads\/2024\/09\/Investidura_EBA_Primer_Ano_2024-9-2048x1356.jpg 2048w, https:\/\/upla.cl\/noticias\/wp-content\/uploads\/2024\/09\/Investidura_EBA_Primer_Ano_2024-9-310x205.jpg 310w\" sizes=\"auto, (max-width: 300px) 100vw, 300px\" \/><\/a>\n\t\t\t<\/div><\/figure><figure class='gallery-item'>\n\t\t\t<div class='gallery-icon landscape'>\n\t\t\t\t<a href='https:\/\/upla.cl\/noticias\/wp-content\/uploads\/2024\/09\/Investidura_EBA_Primer_Ano_2024-8.jpg'><img loading=\"lazy\" decoding=\"async\" width=\"300\" height=\"199\" src=\"https:\/\/upla.cl\/noticias\/wp-content\/uploads\/2024\/09\/Investidura_EBA_Primer_Ano_2024-8-300x199.jpg\" class=\"attachment-medium size-medium\" alt=\"\" srcset=\"https:\/\/upla.cl\/noticias\/wp-content\/uploads\/2024\/09\/Investidura_EBA_Primer_Ano_2024-8-300x199.jpg 300w, https:\/\/upla.cl\/noticias\/wp-content\/uploads\/2024\/09\/Investidura_EBA_Primer_Ano_2024-8-1024x678.jpg 1024w, https:\/\/upla.cl\/noticias\/wp-content\/uploads\/2024\/09\/Investidura_EBA_Primer_Ano_2024-8-150x99.jpg 150w, https:\/\/upla.cl\/noticias\/wp-content\/uploads\/2024\/09\/Investidura_EBA_Primer_Ano_2024-8-768x509.jpg 768w, https:\/\/upla.cl\/noticias\/wp-content\/uploads\/2024\/09\/Investidura_EBA_Primer_Ano_2024-8-1536x1017.jpg 1536w, https:\/\/upla.cl\/noticias\/wp-content\/uploads\/2024\/09\/Investidura_EBA_Primer_Ano_2024-8-2048x1356.jpg 2048w, https:\/\/upla.cl\/noticias\/wp-content\/uploads\/2024\/09\/Investidura_EBA_Primer_Ano_2024-8-310x205.jpg 310w\" sizes=\"auto, (max-width: 300px) 100vw, 300px\" \/><\/a>\n\t\t\t<\/div><\/figure><figure class='gallery-item'>\n\t\t\t<div class='gallery-icon landscape'>\n\t\t\t\t<a href='https:\/\/upla.cl\/noticias\/wp-content\/uploads\/2024\/09\/Investidura_EBA_Primer_Ano_2024-7.jpg'><img loading=\"lazy\" decoding=\"async\" width=\"300\" height=\"199\" src=\"https:\/\/upla.cl\/noticias\/wp-content\/uploads\/2024\/09\/Investidura_EBA_Primer_Ano_2024-7-300x199.jpg\" class=\"attachment-medium size-medium\" alt=\"\" srcset=\"https:\/\/upla.cl\/noticias\/wp-content\/uploads\/2024\/09\/Investidura_EBA_Primer_Ano_2024-7-300x199.jpg 300w, https:\/\/upla.cl\/noticias\/wp-content\/uploads\/2024\/09\/Investidura_EBA_Primer_Ano_2024-7-1024x678.jpg 1024w, https:\/\/upla.cl\/noticias\/wp-content\/uploads\/2024\/09\/Investidura_EBA_Primer_Ano_2024-7-150x99.jpg 150w, https:\/\/upla.cl\/noticias\/wp-content\/uploads\/2024\/09\/Investidura_EBA_Primer_Ano_2024-7-768x509.jpg 768w, https:\/\/upla.cl\/noticias\/wp-content\/uploads\/2024\/09\/Investidura_EBA_Primer_Ano_2024-7-1536x1017.jpg 1536w, https:\/\/upla.cl\/noticias\/wp-content\/uploads\/2024\/09\/Investidura_EBA_Primer_Ano_2024-7-2048x1356.jpg 2048w, https:\/\/upla.cl\/noticias\/wp-content\/uploads\/2024\/09\/Investidura_EBA_Primer_Ano_2024-7-310x205.jpg 310w\" sizes=\"auto, (max-width: 300px) 100vw, 300px\" \/><\/a>\n\t\t\t<\/div><\/figure><figure class='gallery-item'>\n\t\t\t<div class='gallery-icon landscape'>\n\t\t\t\t<a href='https:\/\/upla.cl\/noticias\/wp-content\/uploads\/2024\/09\/Investidura_EBA_Primer_Ano_2024-6.jpg'><img loading=\"lazy\" decoding=\"async\" width=\"300\" height=\"199\" src=\"https:\/\/upla.cl\/noticias\/wp-content\/uploads\/2024\/09\/Investidura_EBA_Primer_Ano_2024-6-300x199.jpg\" class=\"attachment-medium size-medium\" alt=\"\" srcset=\"https:\/\/upla.cl\/noticias\/wp-content\/uploads\/2024\/09\/Investidura_EBA_Primer_Ano_2024-6-300x199.jpg 300w, https:\/\/upla.cl\/noticias\/wp-content\/uploads\/2024\/09\/Investidura_EBA_Primer_Ano_2024-6-1024x678.jpg 1024w, https:\/\/upla.cl\/noticias\/wp-content\/uploads\/2024\/09\/Investidura_EBA_Primer_Ano_2024-6-150x99.jpg 150w, https:\/\/upla.cl\/noticias\/wp-content\/uploads\/2024\/09\/Investidura_EBA_Primer_Ano_2024-6-768x509.jpg 768w, https:\/\/upla.cl\/noticias\/wp-content\/uploads\/2024\/09\/Investidura_EBA_Primer_Ano_2024-6-1536x1017.jpg 1536w, https:\/\/upla.cl\/noticias\/wp-content\/uploads\/2024\/09\/Investidura_EBA_Primer_Ano_2024-6-2048x1356.jpg 2048w, https:\/\/upla.cl\/noticias\/wp-content\/uploads\/2024\/09\/Investidura_EBA_Primer_Ano_2024-6-310x205.jpg 310w\" sizes=\"auto, (max-width: 300px) 100vw, 300px\" \/><\/a>\n\t\t\t<\/div><\/figure><figure class='gallery-item'>\n\t\t\t<div class='gallery-icon landscape'>\n\t\t\t\t<a href='https:\/\/upla.cl\/noticias\/wp-content\/uploads\/2024\/09\/Investidura_EBA_Primer_Ano_2024-1.jpg'><img loading=\"lazy\" decoding=\"async\" width=\"300\" height=\"199\" src=\"https:\/\/upla.cl\/noticias\/wp-content\/uploads\/2024\/09\/Investidura_EBA_Primer_Ano_2024-1-300x199.jpg\" class=\"attachment-medium size-medium\" alt=\"\" srcset=\"https:\/\/upla.cl\/noticias\/wp-content\/uploads\/2024\/09\/Investidura_EBA_Primer_Ano_2024-1-300x199.jpg 300w, https:\/\/upla.cl\/noticias\/wp-content\/uploads\/2024\/09\/Investidura_EBA_Primer_Ano_2024-1-1024x678.jpg 1024w, https:\/\/upla.cl\/noticias\/wp-content\/uploads\/2024\/09\/Investidura_EBA_Primer_Ano_2024-1-150x99.jpg 150w, https:\/\/upla.cl\/noticias\/wp-content\/uploads\/2024\/09\/Investidura_EBA_Primer_Ano_2024-1-768x509.jpg 768w, https:\/\/upla.cl\/noticias\/wp-content\/uploads\/2024\/09\/Investidura_EBA_Primer_Ano_2024-1-1536x1017.jpg 1536w, https:\/\/upla.cl\/noticias\/wp-content\/uploads\/2024\/09\/Investidura_EBA_Primer_Ano_2024-1-2048x1356.jpg 2048w, https:\/\/upla.cl\/noticias\/wp-content\/uploads\/2024\/09\/Investidura_EBA_Primer_Ano_2024-1-310x205.jpg 310w\" sizes=\"auto, (max-width: 300px) 100vw, 300px\" \/><\/a>\n\t\t\t<\/div><\/figure><figure class='gallery-item'>\n\t\t\t<div class='gallery-icon landscape'>\n\t\t\t\t<a href='https:\/\/upla.cl\/noticias\/wp-content\/uploads\/2024\/09\/Investidura_EBA_Primer_Ano_2024-2.jpg'><img loading=\"lazy\" decoding=\"async\" width=\"300\" height=\"199\" src=\"https:\/\/upla.cl\/noticias\/wp-content\/uploads\/2024\/09\/Investidura_EBA_Primer_Ano_2024-2-300x199.jpg\" class=\"attachment-medium size-medium\" alt=\"\" srcset=\"https:\/\/upla.cl\/noticias\/wp-content\/uploads\/2024\/09\/Investidura_EBA_Primer_Ano_2024-2-300x199.jpg 300w, https:\/\/upla.cl\/noticias\/wp-content\/uploads\/2024\/09\/Investidura_EBA_Primer_Ano_2024-2-1024x678.jpg 1024w, https:\/\/upla.cl\/noticias\/wp-content\/uploads\/2024\/09\/Investidura_EBA_Primer_Ano_2024-2-150x99.jpg 150w, https:\/\/upla.cl\/noticias\/wp-content\/uploads\/2024\/09\/Investidura_EBA_Primer_Ano_2024-2-768x509.jpg 768w, https:\/\/upla.cl\/noticias\/wp-content\/uploads\/2024\/09\/Investidura_EBA_Primer_Ano_2024-2-1536x1017.jpg 1536w, https:\/\/upla.cl\/noticias\/wp-content\/uploads\/2024\/09\/Investidura_EBA_Primer_Ano_2024-2-2048x1356.jpg 2048w, https:\/\/upla.cl\/noticias\/wp-content\/uploads\/2024\/09\/Investidura_EBA_Primer_Ano_2024-2-310x205.jpg 310w\" sizes=\"auto, (max-width: 300px) 100vw, 300px\" \/><\/a>\n\t\t\t<\/div><\/figure><figure class='gallery-item'>\n\t\t\t<div class='gallery-icon landscape'>\n\t\t\t\t<a href='https:\/\/upla.cl\/noticias\/wp-content\/uploads\/2024\/09\/Investidura_EBA_Primer_Ano_2024-3.jpg'><img loading=\"lazy\" decoding=\"async\" width=\"300\" height=\"199\" src=\"https:\/\/upla.cl\/noticias\/wp-content\/uploads\/2024\/09\/Investidura_EBA_Primer_Ano_2024-3-300x199.jpg\" class=\"attachment-medium size-medium\" alt=\"\" srcset=\"https:\/\/upla.cl\/noticias\/wp-content\/uploads\/2024\/09\/Investidura_EBA_Primer_Ano_2024-3-300x199.jpg 300w, https:\/\/upla.cl\/noticias\/wp-content\/uploads\/2024\/09\/Investidura_EBA_Primer_Ano_2024-3-1024x678.jpg 1024w, https:\/\/upla.cl\/noticias\/wp-content\/uploads\/2024\/09\/Investidura_EBA_Primer_Ano_2024-3-150x99.jpg 150w, https:\/\/upla.cl\/noticias\/wp-content\/uploads\/2024\/09\/Investidura_EBA_Primer_Ano_2024-3-768x509.jpg 768w, https:\/\/upla.cl\/noticias\/wp-content\/uploads\/2024\/09\/Investidura_EBA_Primer_Ano_2024-3-1536x1017.jpg 1536w, https:\/\/upla.cl\/noticias\/wp-content\/uploads\/2024\/09\/Investidura_EBA_Primer_Ano_2024-3-2048x1356.jpg 2048w, https:\/\/upla.cl\/noticias\/wp-content\/uploads\/2024\/09\/Investidura_EBA_Primer_Ano_2024-3-310x205.jpg 310w\" sizes=\"auto, (max-width: 300px) 100vw, 300px\" \/><\/a>\n\t\t\t<\/div><\/figure><figure class='gallery-item'>\n\t\t\t<div class='gallery-icon landscape'>\n\t\t\t\t<a href='https:\/\/upla.cl\/noticias\/wp-content\/uploads\/2024\/09\/Investidura_EBA_Primer_Ano_2024-4.jpg'><img loading=\"lazy\" decoding=\"async\" width=\"300\" height=\"199\" src=\"https:\/\/upla.cl\/noticias\/wp-content\/uploads\/2024\/09\/Investidura_EBA_Primer_Ano_2024-4-300x199.jpg\" class=\"attachment-medium size-medium\" alt=\"\" srcset=\"https:\/\/upla.cl\/noticias\/wp-content\/uploads\/2024\/09\/Investidura_EBA_Primer_Ano_2024-4-300x199.jpg 300w, https:\/\/upla.cl\/noticias\/wp-content\/uploads\/2024\/09\/Investidura_EBA_Primer_Ano_2024-4-1024x678.jpg 1024w, https:\/\/upla.cl\/noticias\/wp-content\/uploads\/2024\/09\/Investidura_EBA_Primer_Ano_2024-4-150x99.jpg 150w, https:\/\/upla.cl\/noticias\/wp-content\/uploads\/2024\/09\/Investidura_EBA_Primer_Ano_2024-4-768x509.jpg 768w, https:\/\/upla.cl\/noticias\/wp-content\/uploads\/2024\/09\/Investidura_EBA_Primer_Ano_2024-4-1536x1017.jpg 1536w, https:\/\/upla.cl\/noticias\/wp-content\/uploads\/2024\/09\/Investidura_EBA_Primer_Ano_2024-4-2048x1356.jpg 2048w, https:\/\/upla.cl\/noticias\/wp-content\/uploads\/2024\/09\/Investidura_EBA_Primer_Ano_2024-4-310x205.jpg 310w\" sizes=\"auto, (max-width: 300px) 100vw, 300px\" \/><\/a>\n\t\t\t<\/div><\/figure><figure class='gallery-item'>\n\t\t\t<div class='gallery-icon landscape'>\n\t\t\t\t<a href='https:\/\/upla.cl\/noticias\/wp-content\/uploads\/2024\/09\/Investidura_EBA_Primer_Ano_2024-5.jpg'><img loading=\"lazy\" decoding=\"async\" width=\"300\" height=\"199\" src=\"https:\/\/upla.cl\/noticias\/wp-content\/uploads\/2024\/09\/Investidura_EBA_Primer_Ano_2024-5-300x199.jpg\" class=\"attachment-medium size-medium\" alt=\"\" srcset=\"https:\/\/upla.cl\/noticias\/wp-content\/uploads\/2024\/09\/Investidura_EBA_Primer_Ano_2024-5-300x199.jpg 300w, https:\/\/upla.cl\/noticias\/wp-content\/uploads\/2024\/09\/Investidura_EBA_Primer_Ano_2024-5-1024x678.jpg 1024w, https:\/\/upla.cl\/noticias\/wp-content\/uploads\/2024\/09\/Investidura_EBA_Primer_Ano_2024-5-150x99.jpg 150w, https:\/\/upla.cl\/noticias\/wp-content\/uploads\/2024\/09\/Investidura_EBA_Primer_Ano_2024-5-768x509.jpg 768w, https:\/\/upla.cl\/noticias\/wp-content\/uploads\/2024\/09\/Investidura_EBA_Primer_Ano_2024-5-1536x1017.jpg 1536w, https:\/\/upla.cl\/noticias\/wp-content\/uploads\/2024\/09\/Investidura_EBA_Primer_Ano_2024-5-2048x1356.jpg 2048w, https:\/\/upla.cl\/noticias\/wp-content\/uploads\/2024\/09\/Investidura_EBA_Primer_Ano_2024-5-310x205.jpg 310w\" sizes=\"auto, (max-width: 300px) 100vw, 300px\" \/><\/a>\n\t\t\t<\/div><\/figure>\n\t\t<\/div>\n\n","protected":false},"excerpt":{"rendered":"<p>Los 40 estudiantes recibieron de parte de sus madres, padres o personas significativas el delantal profesional que vestir\u00e1n en el desarrollo de sus pr\u00e1cticas  y de su formaci\u00f3n profesional.<\/p>\n","protected":false},"author":11,"featured_media":177191,"comment_status":"closed","ping_status":"closed","sticky":false,"template":"","format":"standard","meta":{"footnotes":""},"categories":[96,40,69,97,73,91],"tags":[],"class_list":["post-177174","post","type-post","status-publish","format-standard","has-post-thumbnail","","category-academicos","category-destacados","category-egresados","category-estudiantes","category-facultad-de-ciencias-de-la-educacion","category-vinculacion-con-el-medio"],"_links":{"self":[{"href":"https:\/\/upla.cl\/noticias\/wp-json\/wp\/v2\/posts\/177174","targetHints":{"allow":["GET"]}}],"collection":[{"href":"https:\/\/upla.cl\/noticias\/wp-json\/wp\/v2\/posts"}],"about":[{"href":"https:\/\/upla.cl\/noticias\/wp-json\/wp\/v2\/types\/post"}],"author":[{"embeddable":true,"href":"https:\/\/upla.cl\/noticias\/wp-json\/wp\/v2\/users\/11"}],"replies":[{"embeddable":true,"href":"https:\/\/upla.cl\/noticias\/wp-json\/wp\/v2\/comments?post=177174"}],"version-history":[{"count":0,"href":"https:\/\/upla.cl\/noticias\/wp-json\/wp\/v2\/posts\/177174\/revisions"}],"wp:featuredmedia":[{"embeddable":true,"href":"https:\/\/upla.cl\/noticias\/wp-json\/wp\/v2\/media\/177191"}],"wp:attachment":[{"href":"https:\/\/upla.cl\/noticias\/wp-json\/wp\/v2\/media?parent=177174"}],"wp:term":[{"taxonomy":"category","embeddable":true,"href":"https:\/\/upla.cl\/noticias\/wp-json\/wp\/v2\/categories?post=177174"},{"taxonomy":"post_tag","embeddable":true,"href":"https:\/\/upla.cl\/noticias\/wp-json\/wp\/v2\/tags?post=177174"}],"curies":[{"name":"wp","href":"https:\/\/api.w.org\/{rel}","templated":true}]}}