{"id":177279,"date":"2024-09-27T12:32:48","date_gmt":"2024-09-27T15:32:48","guid":{"rendered":"https:\/\/www.upla.cl\/noticias\/?p=177279"},"modified":"2024-09-27T12:32:48","modified_gmt":"2024-09-27T15:32:48","slug":"con-feria-vocacional-el-itec-upla-celebrara-sus-30-anos-y-presentara-oferta-academica-2025","status":"publish","type":"post","link":"https:\/\/upla.cl\/noticias\/2024\/09\/27\/con-feria-vocacional-el-itec-upla-celebrara-sus-30-anos-y-presentara-oferta-academica-2025\/","title":{"rendered":"Con feria vocacional el ITEC UPLA celebrar\u00e1 sus 30 a\u00f1os y presentar\u00e1 oferta acad\u00e9mica 2025"},"content":{"rendered":"<p><a href=\"https:\/\/www.upla.cl\/noticias\/wp-content\/uploads\/2024\/09\/Afiche-Feria-Vocacional_Itec-1.jpeg\"><img loading=\"lazy\" decoding=\"async\" class=\"alignleft wp-image-177280 size-medium\" src=\"https:\/\/www.upla.cl\/noticias\/wp-content\/uploads\/2024\/09\/Afiche-Feria-Vocacional_Itec-1-300x300.jpeg\" alt=\"Con feria vocacional el ITEC UPLA celebrar\u00e1 sus 30 a\u00f1os\" width=\"300\" height=\"300\" \/><\/a>Con la instalaci\u00f3n de nueve m\u00f3dulos informativos y cinco conversatorios, el <a href=\"https:\/\/www.upla.cl\/institutotecnologico\/\"><strong>Instituto Tecnol\u00f3gico de la Universidad de Playa Ancha<\/strong><\/a>, realizar\u00e1 su <strong>Primera Feria Vocacional, <\/strong>con la presentaci\u00f3n de la oferta de carreras t\u00e9cnicas para el proceso de admisi\u00f3n 2025<strong>,<\/strong> actividad que se realizar\u00e1 en el marco de la celebraci\u00f3n de sus 30 a\u00f1os.<\/p>\n<p>La cita se desarrollar\u00e1 en el Auditorio del Edificio de Independencia, el <strong>jueves 3 de octubre, entre las 18.00 y 20.00 horas,<\/strong> ocasi\u00f3n en la que participar\u00e1n representantes de las distintas carreras t\u00e9cnicas\u00a0 y unidades de la Universidad.<\/p>\n<p>De acuerdo a lo que precis\u00f3 <strong>Miguel Sagredo Gallardo, secretario acad\u00e9mico del ITEC<\/strong>, el objetivo de esta actividad es celebrar las tres d\u00e9cadas de existencia de este espacio formativo, a trav\u00e9s de la entrega de informaci\u00f3n y promoci\u00f3n de sus distintas carreras que se ofertar\u00e1n para el pr\u00f3ximo a\u00f1o, en Valpara\u00edso.<\/p>\n<p>\u201cEstos 30 a\u00f1os de existencia dan cuenta de nuestra constante revisi\u00f3n para actualizar nuestra oferta de carreras, lo que nos permite responder adecuadamente a las distintas demandas del entorno, lo que implica adecuarnos y ser, m\u00e1s que nada, flexibles a la hora de promover las competencias de nuestros estudiantes\u201d, afirm\u00f3 Sagredo.<\/p>\n<p><a href=\"https:\/\/www.upla.cl\/noticias\/wp-content\/uploads\/2024\/09\/Carreras-feria-Vocacional_2.jpeg\"><img loading=\"lazy\" decoding=\"async\" class=\"alignleft size-medium wp-image-177281\" src=\"https:\/\/www.upla.cl\/noticias\/wp-content\/uploads\/2024\/09\/Carreras-feria-Vocacional_2-300x300.jpeg\" alt=\"\" width=\"300\" height=\"300\" srcset=\"https:\/\/upla.cl\/noticias\/wp-content\/uploads\/2024\/09\/Carreras-feria-Vocacional_2-300x300.jpeg 300w, https:\/\/upla.cl\/noticias\/wp-content\/uploads\/2024\/09\/Carreras-feria-Vocacional_2-1024x1024.jpeg 1024w, https:\/\/upla.cl\/noticias\/wp-content\/uploads\/2024\/09\/Carreras-feria-Vocacional_2-150x150.jpeg 150w, https:\/\/upla.cl\/noticias\/wp-content\/uploads\/2024\/09\/Carreras-feria-Vocacional_2-768x768.jpeg 768w, https:\/\/upla.cl\/noticias\/wp-content\/uploads\/2024\/09\/Carreras-feria-Vocacional_2.jpeg 1280w\" sizes=\"auto, (max-width: 300px) 100vw, 300px\" \/><\/a>En esta ocasi\u00f3n, las carreras que contar\u00e1n con m\u00f3dulos informativos son: <strong><a href=\"https:\/\/www.upla.cl\/institutotecnologico\/tecnico-en-contabilidad-general\/\">T\u00e9cnico en Contabilidad General<\/a>, <a href=\"https:\/\/www.upla.cl\/institutotecnologico\/tecnico-en-educacion-parvularia\/\">T\u00e9cnico en Educaci\u00f3n Parvularia<\/a>, <a href=\"https:\/\/www.upla.cl\/institutotecnologico\/tecnico-en-interpretacion-de-lengua-de-senas\/\">T\u00e9cnico en Interpretaci\u00f3n en Lengua de Se\u00f1as,<\/a> <a href=\"https:\/\/www.upla.cl\/institutotecnologico\/administracion-logistica\/\">T\u00e9cnico en Administraci\u00f3n Log\u00edstica<\/a>, y <a href=\"https:\/\/www.upla.cl\/institutotecnologico\/administracion-de-recursos-humanos\/\">T\u00e9cnico en Administraci\u00f3n de Recursos Humanos<\/a><\/strong>. A ellos se suman representantes de la <strong>Direcci\u00f3n General de Desarrollo Estudiantil (DGDE), Direcci\u00f3n de Admisi\u00f3n, y Unidad de Acompa\u00f1amiento Estudiantil.<\/strong><\/p>\n<p>Los y las estudiantes que confirmaron su asistencia a esta <strong>Primera Feria Vocacional del ITEC UPLA<\/strong> pertenecen a distintos establecimiento educacionales de Valpara\u00edso y Vi\u00f1a del Mar, quienes, adem\u00e1s, podr\u00e1 disfrutar de la presentaci\u00f3n musical del elenco art\u00edstico Guit\u00e1rregas y la Tuna de la Facultad de Artes.<\/p>\n<p>El Instituto Tecnol\u00f3gico Universidad de Playa Ancha, cuenta con m\u00e1s de 50 carreras en oferta desde su inicio en 1994. Hoy imparte ocho en el campus San Felipe y cinco en Valpara\u00edso. A esta \u00faltima se suma la carrera T\u00e9cnico en Interpretaci\u00f3n de Lengua de Se\u00f1as, modalidad virtual; adem\u00e1s de T\u00e9cnico en Soporte Tecnol\u00f3gico, que se imparte en el Complejo Penitenciario de Valpara\u00edso; y la carrera t\u00e9cnica de Traducci\u00f3n Espa\u00f1ol Mapuzungun que se dicta en colaboraci\u00f3n con la <a href=\"https:\/\/upla.cl\/facultad\/humanidades\/\">Facultad de Humanidades<\/a>.<\/p>\n","protected":false},"excerpt":{"rendered":"<p>La cita se desarrollar\u00e1 en el Auditorio del Edificio de Independencia, el jueves 3 de octubre, entre las 18.00 y 20.00 horas, ocasi\u00f3n en la que participar\u00e1n representantes de las distintas carreras t\u00e9cnicas\u00a0 y unidades de la Universidad.<\/p>\n","protected":false},"author":3,"featured_media":0,"comment_status":"closed","ping_status":"closed","sticky":false,"template":"","format":"standard","meta":{"footnotes":""},"categories":[212,40,97,77,83],"tags":[],"class_list":["post-177279","post","type-post","status-publish","format-standard","","category-admision","category-destacados","category-estudiantes","category-facultad-de-humanidades","category-instituto-tecnologico"],"_links":{"self":[{"href":"https:\/\/upla.cl\/noticias\/wp-json\/wp\/v2\/posts\/177279","targetHints":{"allow":["GET"]}}],"collection":[{"href":"https:\/\/upla.cl\/noticias\/wp-json\/wp\/v2\/posts"}],"about":[{"href":"https:\/\/upla.cl\/noticias\/wp-json\/wp\/v2\/types\/post"}],"author":[{"embeddable":true,"href":"https:\/\/upla.cl\/noticias\/wp-json\/wp\/v2\/users\/3"}],"replies":[{"embeddable":true,"href":"https:\/\/upla.cl\/noticias\/wp-json\/wp\/v2\/comments?post=177279"}],"version-history":[{"count":0,"href":"https:\/\/upla.cl\/noticias\/wp-json\/wp\/v2\/posts\/177279\/revisions"}],"wp:attachment":[{"href":"https:\/\/upla.cl\/noticias\/wp-json\/wp\/v2\/media?parent=177279"}],"wp:term":[{"taxonomy":"category","embeddable":true,"href":"https:\/\/upla.cl\/noticias\/wp-json\/wp\/v2\/categories?post=177279"},{"taxonomy":"post_tag","embeddable":true,"href":"https:\/\/upla.cl\/noticias\/wp-json\/wp\/v2\/tags?post=177279"}],"curies":[{"name":"wp","href":"https:\/\/api.w.org\/{rel}","templated":true}]}}