{"id":177554,"date":"2024-10-03T17:38:03","date_gmt":"2024-10-03T20:38:03","guid":{"rendered":"https:\/\/www.upla.cl\/noticias\/?p=177554"},"modified":"2024-10-08T15:35:12","modified_gmt":"2024-10-08T18:35:12","slug":"upla-abre-sus-puertas-conoce-su-oferta-academica-y-vive-la-experiencia-universitaria","status":"publish","type":"post","link":"https:\/\/upla.cl\/noticias\/2024\/10\/03\/upla-abre-sus-puertas-conoce-su-oferta-academica-y-vive-la-experiencia-universitaria\/","title":{"rendered":"UPLA abre sus puertas: Conoce su oferta acad\u00e9mica y vive la experiencia universitaria"},"content":{"rendered":"<p><a href=\"https:\/\/www.upla.cl\/noticias\/wp-content\/uploads\/2024\/10\/puertas_abiertas_upla_valpo1.jpg\"><img loading=\"lazy\" decoding=\"async\" class=\"alignright wp-image-177561\" src=\"https:\/\/www.upla.cl\/noticias\/wp-content\/uploads\/2024\/10\/puertas_abiertas_upla_valpo1-1024x1024.jpg\" alt=\"UPLA abre sus puertas: Conoce su oferta acad\u00e9mica y vive la experiencia universitaria\" width=\"350\" height=\"350\" \/><\/a>El gimnasio principal de la <a href=\"https:\/\/www.upla.cl\/admision\/\"><strong>Universidad de Playa Ancha<\/strong><\/a> ser\u00e1 el punto de encuentro del tradicional <strong>Puertas Abiertas<\/strong>, que se desarrollar\u00e1 este martes 8 octubre, entre las 10:00 y 13:00 horas. Ah\u00ed se desplegar\u00e1n docentes y estudiantes de las <strong>36 carreras de pregrado profesionales<\/strong> m\u00e1s las <strong>5 disciplinas t\u00e9cnicas<\/strong>, que imparte el Instituto Tecnol\u00f3gico.<\/p>\n<p>Ser\u00e1 una oportunidad para que escolares y egresados de ense\u00f1anza media puedan conocer in situ la oferta acad\u00e9mica de la UPLA, junto con los beneficios que ofrece esta instituci\u00f3n p\u00fablica y acreditada con un marcado sello social.<\/p>\n<p>Para ello, se ha considerado el cierre perimetral de la calle que est\u00e1 entre el Parque Alejo Barrios y la Casa Central, con la finalidad de generar un circuito que permita a las delegaciones visitantes recorrer los stands que se dispondr\u00e1n ah\u00ed como: <a href=\"https:\/\/www.upla.cl\/desarrolloestudiantil\/\">Desarrollo Estudiantil<\/a> (becas y beneficios), Relaciones Internacionales (pasant\u00edas e intercambios), <a href=\"https:\/\/upla.cl\/generoydiversidad\/\">Equidad e Igualdad de G\u00e9nero<\/a>, <a href=\"https:\/\/upla.cl\/vinculacion\/\">Vinculaci\u00f3n con el Medio<\/a>, <a href=\"https:\/\/www.upla.cl\/desarrolloestudiantil\/deportes-y-recreacion\/\">Deportes y Recreaci\u00f3n<\/a>, entre otros.<\/p>\n<p>De esta manera, se espera que quienes nos visiten reciban orientaci\u00f3n vocacional, informaci\u00f3n integral de la UPLA y vean lo que hacemos desde la docencia (en la carrera de su inter\u00e9s) y tambi\u00e9n en el plano de las actividades extraprogram\u00e1ticas vinculadas al deporte, la m\u00fasica y el arte.<\/p>\n<p>\u201cLa importancia de asistir al Puertas Abiertas radica en que es una instancia para conocer tanto la oferta acad\u00e9mica de la Universidad Playa Ancha como la posibilidad de desarrollo integral de los y las estudiantes. \u00bfPor qu\u00e9? Porque cuando nosotros pensamos en universidad, siempre pensamos en estudios, pero es mucho m\u00e1s que eso.<\/p>\n<p>Durante todo el a\u00f1o la Direcci\u00f3n de Admisi\u00f3n se encarga de difundir la oferta de la Universidad de Playa Ancha, tanto en los establecimientos educacionales como entre egresados y egresadas. Es muy importante que los y las estudiantes conozcan las v\u00edas de ingreso que tiene la universidad, porque no es exclusivamente a trav\u00e9s de la prueba PAES, hay distintas formas de ingreso. En esta instancia de Puertas Abiertas van a tener la posibilidad de conocer la carrera desde otro punto de vista, desde actividades pr\u00e1cticas, actividades en donde ellos van a poder participar, ser parte activa en cada una de ellas\u201d, enfatiz\u00f3 la <strong>directora de Selecci\u00f3n y Admisi\u00f3n de Alumnos de la Universidad de Playa Ancha, Claudia Valenzuela Mateluna<\/strong>.<\/p>\n<ul>\n<li>Revisa nuestra oferta acad\u00e9mica en: <a title=\"Admisi\u00f3n UPLA\" href=\"https:\/\/www.upla.cl\/admision\" target=\"_blank\" rel=\"noopener\">www.upla.cl\/admision<\/a><\/li>\n<\/ul>\n<h5><strong>Programaci\u00f3n del Puertas Abiertas UPLA 2024<\/strong><\/h5>\n<p>En este mapa interactivo se registran las actividades que las carreras estar\u00e1n realizando en los siguientes espacios:<\/p>\n<div style=\"width: 100%;\">\n<div style=\"position: relative; padding-bottom: 66.48%; padding-top: 0; height: 0;\"><iframe loading=\"lazy\" style=\"position: absolute; top: 0; left: 0; width: 100%; height: 100%;\" title=\"CAMPUS PLAYA ANCHA - Puertas abiertas 2024\" src=\"https:\/\/view.genially.com\/66f1b5ffe448266ec86d60e8\" width=\"1280\" height=\"851\" frameborder=\"0\" scrolling=\"yes\" allowfullscreen=\"allowfullscreen\"><\/iframe><\/div>\n<\/div>\n","protected":false},"excerpt":{"rendered":"<p>El gimnasio principal ser\u00e1 el punto de encuentro del evento, que se desarrollar\u00e1 este martes 8 octubre, entre las 10:00 y 13:00 horas, y en el que se desplegar\u00e1n docentes y estudiantes de las 36 carreras de pregrado profesionales m\u00e1s las 5 disciplinas t\u00e9cnicas, que imparte el Instituto Tecnol\u00f3gico.<\/p>\n","protected":false},"author":2,"featured_media":0,"comment_status":"closed","ping_status":"closed","sticky":false,"template":"","format":"standard","meta":{"footnotes":""},"categories":[40,51,212,201,101,97,71,72,73,74,75,76,77,78,150,83,136,90,91],"tags":[],"class_list":["post-177554","post","type-post","status-publish","format-standard","","category-destacados","category-academia","category-admision","category-desarrollo-estudiantil","category-docencia","category-estudiantes","category-facultad-de-arte","category-facultad-de-ciencias-actividad-fisica-y-deporte","category-facultad-de-ciencias-de-la-educacion","category-facultad-de-ciencias-de-la-salud","category-facultad-de-ciencias-naturales-y-exactas","category-facultad-de-ciencias-sociales","category-facultad-de-humanidades","category-facultad-de-ingenieria","category-genero","category-instituto-tecnologico","category-pace-upla","category-uae","category-vinculacion-con-el-medio"],"_links":{"self":[{"href":"https:\/\/upla.cl\/noticias\/wp-json\/wp\/v2\/posts\/177554","targetHints":{"allow":["GET"]}}],"collection":[{"href":"https:\/\/upla.cl\/noticias\/wp-json\/wp\/v2\/posts"}],"about":[{"href":"https:\/\/upla.cl\/noticias\/wp-json\/wp\/v2\/types\/post"}],"author":[{"embeddable":true,"href":"https:\/\/upla.cl\/noticias\/wp-json\/wp\/v2\/users\/2"}],"replies":[{"embeddable":true,"href":"https:\/\/upla.cl\/noticias\/wp-json\/wp\/v2\/comments?post=177554"}],"version-history":[{"count":0,"href":"https:\/\/upla.cl\/noticias\/wp-json\/wp\/v2\/posts\/177554\/revisions"}],"wp:attachment":[{"href":"https:\/\/upla.cl\/noticias\/wp-json\/wp\/v2\/media?parent=177554"}],"wp:term":[{"taxonomy":"category","embeddable":true,"href":"https:\/\/upla.cl\/noticias\/wp-json\/wp\/v2\/categories?post=177554"},{"taxonomy":"post_tag","embeddable":true,"href":"https:\/\/upla.cl\/noticias\/wp-json\/wp\/v2\/tags?post=177554"}],"curies":[{"name":"wp","href":"https:\/\/api.w.org\/{rel}","templated":true}]}}