{"id":177698,"date":"2024-10-07T13:38:32","date_gmt":"2024-10-07T16:38:32","guid":{"rendered":"https:\/\/www.upla.cl\/noticias\/?p=177698"},"modified":"2024-10-07T13:39:20","modified_gmt":"2024-10-07T16:39:20","slug":"jovenes-inician-su-vinculacion-con-la-ingenieria-en-el-propedeutico-de-la-upla","status":"publish","type":"post","link":"https:\/\/upla.cl\/noticias\/2024\/10\/07\/jovenes-inician-su-vinculacion-con-la-ingenieria-en-el-propedeutico-de-la-upla\/","title":{"rendered":"J\u00f3venes inician su vinculaci\u00f3n con la Ingenier\u00eda en el Proped\u00e9utico de la UPLA"},"content":{"rendered":"<p><a href=\"https:\/\/www.upla.cl\/noticias\/wp-content\/uploads\/2024\/10\/propedeuticos_facultadingenieriaupla1.jpg\"><img loading=\"lazy\" decoding=\"async\" class=\"alignright wp-image-177700\" src=\"https:\/\/www.upla.cl\/noticias\/wp-content\/uploads\/2024\/10\/propedeuticos_facultadingenieriaupla1-1024x576.jpg\" alt=\"J\u00f3venes inician su vinculaci\u00f3n con la Ingenier\u00eda en el Proped\u00e9utico de la UPLA\" width=\"350\" height=\"197\" srcset=\"https:\/\/upla.cl\/noticias\/wp-content\/uploads\/2024\/10\/propedeuticos_facultadingenieriaupla1-1024x576.jpg 1024w, https:\/\/upla.cl\/noticias\/wp-content\/uploads\/2024\/10\/propedeuticos_facultadingenieriaupla1-300x169.jpg 300w, https:\/\/upla.cl\/noticias\/wp-content\/uploads\/2024\/10\/propedeuticos_facultadingenieriaupla1-150x84.jpg 150w, https:\/\/upla.cl\/noticias\/wp-content\/uploads\/2024\/10\/propedeuticos_facultadingenieriaupla1-768x432.jpg 768w, https:\/\/upla.cl\/noticias\/wp-content\/uploads\/2024\/10\/propedeuticos_facultadingenieriaupla1.jpg 1280w\" sizes=\"auto, (max-width: 350px) 100vw, 350px\" \/><\/a>Todos los mi\u00e9rcoles por la tarde y hasta el 13 de noviembre tendr\u00e1n clases h\u00edbridas, m\u00e1s de cincuenta escolares que se inscribieron en el <strong>programa de Proped\u00e9utico de Ingenier\u00eda<\/strong>, que impulsa la <a href=\"http:\/\/www.upla.cl\/admision\/\">Direcci\u00f3n de Selecci\u00f3n y Admisi\u00f3n de Alumnos<\/a> de la Universidad de Playa Ancha.<\/p>\n<p>La bienvenida se hizo en dependencias de la Facultad de Ingenier\u00eda de la UPLA y cont\u00f3 con la presencia del <strong>decano Dr. Franklin Johnson Parejas<\/strong>; de la coordinadora de este Proped\u00e9utico, <strong>Dra. Estela Tapia Venegas<\/strong>, de quienes dirigen las carreras de <a href=\"https:\/\/www.upla.cl\/admision\/carreras-profesionales\/facultad-de-ingenieria\/ingenieria-comercial\/\">Ingenier\u00eda Comercial<\/a>, <a href=\"https:\/\/www.upla.cl\/admision\/carreras-profesionales\/facultad-de-ingenieria\/ingenieria-civil-ambiental\/\">Ingenier\u00eda Civil Ambiental<\/a>, <a href=\"https:\/\/www.upla.cl\/admision\/carreras-profesionales\/facultad-de-ingenieria\/ingenieria-civil-industrial\/\">Ingenier\u00eda Civil Industrial<\/a> e <a href=\"https:\/\/www.upla.cl\/admision\/carreras-profesionales\/facultad-de-ingenieria\/ingenieria-civil-informatica\/\">Ingenier\u00eda Civil Inform\u00e1tica<\/a>; e integrantes del equipo de Admisi\u00f3n, liderado por <strong>Claudia Valenzuela Mateluna<\/strong>.<\/p>\n<p>El <strong>decano Johnson<\/strong> aprovech\u00f3 la instancia para contarles de sus carreras e historia. Posteriormente, el equipo de Admisi\u00f3n abord\u00f3 aspectos relacionados con la rendici\u00f3n de la Prueba de Acceso a la Educaci\u00f3n Superior (PAES) y los beneficios de la instituci\u00f3n.<\/p>\n<h5><strong>Proped\u00e9utico de Ingenier\u00eda<\/strong><\/h5>\n<p><a href=\"https:\/\/www.upla.cl\/noticias\/wp-content\/uploads\/2024\/10\/propedeuticos_facultadingenieriaupla.jpg\"><img loading=\"lazy\" decoding=\"async\" class=\"alignright wp-image-177699\" src=\"https:\/\/www.upla.cl\/noticias\/wp-content\/uploads\/2024\/10\/propedeuticos_facultadingenieriaupla-1024x612.jpg\" alt=\"J\u00f3venes inician su vinculaci\u00f3n con la Ingenier\u00eda en el Proped\u00e9utico de la UPLA\" width=\"352\" height=\"210\" srcset=\"https:\/\/upla.cl\/noticias\/wp-content\/uploads\/2024\/10\/propedeuticos_facultadingenieriaupla-1024x612.jpg 1024w, https:\/\/upla.cl\/noticias\/wp-content\/uploads\/2024\/10\/propedeuticos_facultadingenieriaupla-300x179.jpg 300w, https:\/\/upla.cl\/noticias\/wp-content\/uploads\/2024\/10\/propedeuticos_facultadingenieriaupla-150x90.jpg 150w, https:\/\/upla.cl\/noticias\/wp-content\/uploads\/2024\/10\/propedeuticos_facultadingenieriaupla-768x459.jpg 768w, https:\/\/upla.cl\/noticias\/wp-content\/uploads\/2024\/10\/propedeuticos_facultadingenieriaupla.jpg 1280w\" sizes=\"auto, (max-width: 352px) 100vw, 352px\" \/><\/a>La idea, explic\u00f3 la <strong>Dra. Estela Tapia<\/strong>, es que quienes cursan este programa se interioricen sobre la Ingenier\u00eda y las distintas \u00e1reas de la disciplina que se ofertan en la Facultad.<\/p>\n<p>Este programa en particular, agreg\u00f3, les permitir\u00e1 a quienes se inscribieron conocer los \u00e1mbitos m\u00e1s representativos de las carreras que se imparten en la Facultad de Ingenier\u00eda y adicionalmente, una vez que lo aprueben, tendr\u00e1n la posibilidad de asegurar un cupo para matricularse en la carrera de su preferencia, sin importar el puntaje que obtengan en la PAES. Sin embargo, se recomienda rendir la prueba para postular a los beneficios estatales como la gratuidad, entre otros.<\/p>\n<p>\u201cDentro de los contenidos que se abordar\u00e1n estar\u00e1n m\u00f3dulos relacionados con Ingenier\u00eda Civil Ambiental para que conozcan conceptos de contaminaci\u00f3n, huella h\u00eddrica y de carbono, c\u00f3mo se relaciona la contaminaci\u00f3n con la legislaci\u00f3n ambiental chilena, y tambi\u00e9n de energ\u00eda. Tambi\u00e9n van a aprender acerca de aspectos vinculados a Ingenier\u00eda Comercial como Econom\u00eda; desde el \u00e1rea de Ingenier\u00eda Civil Industrial: Administraci\u00f3n y desde Ingenier\u00eda Civil Inform\u00e1tica e Ingenier\u00eda Inform\u00e1tica de San Felipe van a tener un m\u00f3dulo de elaboraci\u00f3n de p\u00e1ginas web y programaci\u00f3n. Para finalizar las clases con temas de Admisi\u00f3n\u201d, detall\u00f3 la<strong> coordinadora del Proped\u00e9utico de Ingenier\u00eda.<\/strong><\/p>\n","protected":false},"excerpt":{"rendered":"<p>Cerca de 50 estudiantes se inscribieron en el programa, que coordina la acad\u00e9mica del Departamento de Ciencias de la Ingenier\u00eda para la Sostenibilidad, Dra. Estela Tapia Venegas. <\/p>\n","protected":false},"author":2,"featured_media":177699,"comment_status":"closed","ping_status":"closed","sticky":false,"template":"","format":"standard","meta":{"footnotes":""},"categories":[40,51,212,101,78,98,91],"tags":[],"class_list":["post-177698","post","type-post","status-publish","format-standard","has-post-thumbnail","","category-destacados","category-academia","category-admision","category-docencia","category-facultad-de-ingenieria","category-gestion","category-vinculacion-con-el-medio"],"_links":{"self":[{"href":"https:\/\/upla.cl\/noticias\/wp-json\/wp\/v2\/posts\/177698","targetHints":{"allow":["GET"]}}],"collection":[{"href":"https:\/\/upla.cl\/noticias\/wp-json\/wp\/v2\/posts"}],"about":[{"href":"https:\/\/upla.cl\/noticias\/wp-json\/wp\/v2\/types\/post"}],"author":[{"embeddable":true,"href":"https:\/\/upla.cl\/noticias\/wp-json\/wp\/v2\/users\/2"}],"replies":[{"embeddable":true,"href":"https:\/\/upla.cl\/noticias\/wp-json\/wp\/v2\/comments?post=177698"}],"version-history":[{"count":0,"href":"https:\/\/upla.cl\/noticias\/wp-json\/wp\/v2\/posts\/177698\/revisions"}],"wp:featuredmedia":[{"embeddable":true,"href":"https:\/\/upla.cl\/noticias\/wp-json\/wp\/v2\/media\/177699"}],"wp:attachment":[{"href":"https:\/\/upla.cl\/noticias\/wp-json\/wp\/v2\/media?parent=177698"}],"wp:term":[{"taxonomy":"category","embeddable":true,"href":"https:\/\/upla.cl\/noticias\/wp-json\/wp\/v2\/categories?post=177698"},{"taxonomy":"post_tag","embeddable":true,"href":"https:\/\/upla.cl\/noticias\/wp-json\/wp\/v2\/tags?post=177698"}],"curies":[{"name":"wp","href":"https:\/\/api.w.org\/{rel}","templated":true}]}}