{"id":178407,"date":"2024-10-10T08:41:47","date_gmt":"2024-10-10T11:41:47","guid":{"rendered":"https:\/\/www.upla.cl\/noticias\/?p=178407"},"modified":"2024-10-22T17:14:12","modified_gmt":"2024-10-22T20:14:12","slug":"estudiantes-de-cinco-universidades-participaron-en-semilleros-de-investigacion-upla","status":"publish","type":"post","link":"https:\/\/upla.cl\/noticias\/2024\/10\/10\/estudiantes-de-cinco-universidades-participaron-en-semilleros-de-investigacion-upla\/","title":{"rendered":"Estudiantes de cinco universidades participaron en Semilleros de Investigaci\u00f3n UPLA"},"content":{"rendered":"<p><a href=\"https:\/\/www.upla.cl\/noticias\/wp-content\/uploads\/2024\/10\/6to_semilleros_investigacion_upla9.jpg\"><img loading=\"lazy\" decoding=\"async\" class=\"alignright wp-image-178419\" src=\"https:\/\/www.upla.cl\/noticias\/wp-content\/uploads\/2024\/10\/6to_semilleros_investigacion_upla9.jpg\" alt=\"Estudiantes de cinco universidades participaron en 6to Semilleros de Investigaci\u00f3n en la UPLA\" width=\"350\" height=\"233\" srcset=\"https:\/\/upla.cl\/noticias\/wp-content\/uploads\/2024\/10\/6to_semilleros_investigacion_upla9.jpg 1920w, https:\/\/upla.cl\/noticias\/wp-content\/uploads\/2024\/10\/6to_semilleros_investigacion_upla9-300x200.jpg 300w, https:\/\/upla.cl\/noticias\/wp-content\/uploads\/2024\/10\/6to_semilleros_investigacion_upla9-1024x683.jpg 1024w, https:\/\/upla.cl\/noticias\/wp-content\/uploads\/2024\/10\/6to_semilleros_investigacion_upla9-150x100.jpg 150w, https:\/\/upla.cl\/noticias\/wp-content\/uploads\/2024\/10\/6to_semilleros_investigacion_upla9-768x512.jpg 768w, https:\/\/upla.cl\/noticias\/wp-content\/uploads\/2024\/10\/6to_semilleros_investigacion_upla9-1536x1024.jpg 1536w, https:\/\/upla.cl\/noticias\/wp-content\/uploads\/2024\/10\/6to_semilleros_investigacion_upla9-310x205.jpg 310w\" sizes=\"auto, (max-width: 350px) 100vw, 350px\" \/><\/a>Durante dos d\u00edas, j\u00f3venes investigadores de las universidades de Atacama, de Antofagasta, de Los Lagos, Austral de Chile y de Playa Ancha participaron activamente en el <a href=\"https:\/\/www.upla.cl\/noticias\/2024\/09\/02\/upla-sera-sede-de-6to-encuentro-nacional-de-semilleros-de-investigacion\/\"><strong>6to Encuentro Nacional \u201cSembrando Futuro: \u00a1Abriendo Caminos en la Investigaci\u00f3n!<\/strong><\/a><\/p>\n<p>Dicho evento, realizado en la Universidad de Playa Ancha los d\u00edas 3 y 4 de octubre, form\u00f3 parte de la <strong>Red de Semilleros de Investigaci\u00f3n<\/strong>, que integran docentes de la <a href=\"https:\/\/semillerodeinvestigacion.ulagos.cl\/\" target=\"_blank\" rel=\"noopener\">U. de Los Lagos<\/a>,<a href=\"http:\/\/www.uda.cl\" target=\"_blank\" rel=\"noopener\"> U. de Atacama<\/a>, <a href=\"https:\/\/www.uantof.cl\/\" target=\"_blank\" rel=\"noopener\">U. de Antofagasta<\/a> y de la <a href=\"http:\/\/www.upla.cl\">UPLA<\/a>; y cuya organizaci\u00f3n recay\u00f3 en los tres N\u00facleos de Investigaci\u00f3n de la <a href=\"https:\/\/upla.cl\/facultad\/humanidades\/\">Facultad de Humanidades<\/a> bajo la coordinaci\u00f3n general del acad\u00e9mico <strong>Dr. Juan Pablo \u00c1lvarez<\/strong>, con el apoyo de la Vicerrector\u00eda de Investigaci\u00f3n, Postgrado e Innovaci\u00f3n de nuestra instituci\u00f3n y de la <a href=\"https:\/\/oei.int\/oficinas\/chile\" target=\"_blank\" rel=\"noopener\">Organizaci\u00f3n de Estados Iberoamericanos (OEI)<\/a>.<\/p>\n<p>Las autoridades acad\u00e9micas valoraron la instancia de aprendizaje, creatividad y crecimiento acad\u00e9mico que promueve la creaci\u00f3n de conocimiento para la generaci\u00f3n de soluciones innovadoras y aportar al desarrollo de nuestra sociedad.<\/p>\n<p><a href=\"https:\/\/www.upla.cl\/noticias\/wp-content\/uploads\/2024\/10\/6to_semilleros_investigacion_upla3.jpg\"><img loading=\"lazy\" decoding=\"async\" class=\"alignright wp-image-178413\" src=\"https:\/\/www.upla.cl\/noticias\/wp-content\/uploads\/2024\/10\/6to_semilleros_investigacion_upla3.jpg\" alt=\"Estudiantes de cinco universidades participaron en 6to Semilleros de Investigaci\u00f3n en la UPLA\" width=\"350\" height=\"233\" srcset=\"https:\/\/upla.cl\/noticias\/wp-content\/uploads\/2024\/10\/6to_semilleros_investigacion_upla3.jpg 1920w, https:\/\/upla.cl\/noticias\/wp-content\/uploads\/2024\/10\/6to_semilleros_investigacion_upla3-300x200.jpg 300w, https:\/\/upla.cl\/noticias\/wp-content\/uploads\/2024\/10\/6to_semilleros_investigacion_upla3-1024x683.jpg 1024w, https:\/\/upla.cl\/noticias\/wp-content\/uploads\/2024\/10\/6to_semilleros_investigacion_upla3-150x100.jpg 150w, https:\/\/upla.cl\/noticias\/wp-content\/uploads\/2024\/10\/6to_semilleros_investigacion_upla3-768x512.jpg 768w, https:\/\/upla.cl\/noticias\/wp-content\/uploads\/2024\/10\/6to_semilleros_investigacion_upla3-1536x1024.jpg 1536w, https:\/\/upla.cl\/noticias\/wp-content\/uploads\/2024\/10\/6to_semilleros_investigacion_upla3-310x205.jpg 310w\" sizes=\"auto, (max-width: 350px) 100vw, 350px\" \/><\/a>En la jornada inaugural la <strong>vicerrectora de Investigaci\u00f3n, Postgrado e Innovaci\u00f3n de la UPLA, Dra. Carolina Santelices Werchez<\/strong>, inst\u00f3 a los y las j\u00f3venes a contribuir \u201cfrente a desaf\u00edos de complejidad y celeridad recientes como el cambio clim\u00e1tico, la inteligencia artificial generativa, el envejecimiento de la poblaci\u00f3n las pandemias modernas, las crisis de convivencia social y de la democracia, entre otros; en los que conviven oportunidades y amenazas que ustedes, en calidad de futuros profesionales, sabr\u00e1n enfrentar, reconociendo la igualdad de todas las personas en dignidad y en derechos, en el respeto a las diferencias y en la valoraci\u00f3n de cada integrante de sus respectivas comunidades\u201d.<\/p>\n<p>La <strong>Dra. Patricia Gonz\u00e1lez San Mart\u00edn, decana de la Facultad de Humanidades de la UPLA<\/strong>, manifest\u00f3 su orgullo por haberse hecho cargo de la organizaci\u00f3n de esta sexta versi\u00f3n de los Semilleros de Investigaci\u00f3n, y agradeci\u00f3 las gestiones del Dr. Juan Pablo \u00c1lvarez para el \u00e9xito del encuentro.<\/p>\n<p>\u201cPara la Facultad de Humanidades, es particularmente relevante este acontecimiento, sobre todo porque en la Universidad de Playa Ancha hemos reencaminado la investigaci\u00f3n. Tenemos una nueva pol\u00edtica de investigaci\u00f3n que pone en foco las distintas dimensiones y niveles de desarrollo de la investigaci\u00f3n, en el cual se pone en valor, muy tempranamente, la investigaci\u00f3n asociada al proceso formativo. De esta manera, se reconocen las capacidades cr\u00edticas, de innovaci\u00f3n y creativas de pensamiento, de quienes se est\u00e1n formando, por tanto esperamos que de esa novedad, de esa creatividad, aparezcan las soluciones que necesitamos\u201d, asever\u00f3 la autoridad universitaria.<\/p>\n<p><a href=\"https:\/\/www.upla.cl\/noticias\/wp-content\/uploads\/2024\/10\/6to_semilleros_investigacion_upla7.jpg\"><img loading=\"lazy\" decoding=\"async\" class=\"alignright wp-image-178417\" src=\"https:\/\/www.upla.cl\/noticias\/wp-content\/uploads\/2024\/10\/6to_semilleros_investigacion_upla7.jpg\" alt=\"Estudiantes de cinco universidades participaron en 6to Semilleros de Investigaci\u00f3n en la UPLA\" width=\"350\" height=\"233\" srcset=\"https:\/\/upla.cl\/noticias\/wp-content\/uploads\/2024\/10\/6to_semilleros_investigacion_upla7.jpg 1920w, https:\/\/upla.cl\/noticias\/wp-content\/uploads\/2024\/10\/6to_semilleros_investigacion_upla7-300x200.jpg 300w, https:\/\/upla.cl\/noticias\/wp-content\/uploads\/2024\/10\/6to_semilleros_investigacion_upla7-1024x683.jpg 1024w, https:\/\/upla.cl\/noticias\/wp-content\/uploads\/2024\/10\/6to_semilleros_investigacion_upla7-150x100.jpg 150w, https:\/\/upla.cl\/noticias\/wp-content\/uploads\/2024\/10\/6to_semilleros_investigacion_upla7-768x512.jpg 768w, https:\/\/upla.cl\/noticias\/wp-content\/uploads\/2024\/10\/6to_semilleros_investigacion_upla7-1536x1024.jpg 1536w, https:\/\/upla.cl\/noticias\/wp-content\/uploads\/2024\/10\/6to_semilleros_investigacion_upla7-310x205.jpg 310w\" sizes=\"auto, (max-width: 350px) 100vw, 350px\" \/><\/a>La instancia permiti\u00f3, tambi\u00e9n, conocer los resultados del quinto encuentro, realizado en octubre de 2023 en la Universidad de Los Lagos, los que se sistematizaron en un libro (<a href=\"https:\/\/oei.int\/oficinas\/chile\/publicaciones\/red-de-semilleros-de-investigacion-hacia-una-cultura-de-investigacion-formativa-en-educacion-superior\" target=\"_blank\" rel=\"noopener\"><strong>descargar aqu\u00ed<\/strong><\/a>), que fue presentado por el <strong>Dr. Francisco G\u00e1rate Vergara, coordinador de Educaci\u00f3n de la Organizaci\u00f3n de Estados Iberoamericanos (OEI)<\/strong>.<\/p>\n<p><span style=\"font-weight: 400;\">\u201cComo Organizaci\u00f3n de Estados Iberoamericanos que trabaja la educaci\u00f3n, la ciencia y la cultura es sumamente importante estos espacios de conocimiento, porque le dan naturalidad, espontaneidad, pero tambi\u00e9n le dan rigor y, como su palabra lo dice <\/span><span style=\"font-weight: 400;\">\u201cel semillero hace germinar nuevos conocimientos\u201d.\u00a0<\/span><span style=\"font-weight: 400;\">Que est\u00e9n ac\u00e1 estudiantes de regiones, permite de alguna manera descentralizar el conocimiento que muchas veces se encuentra anclado solamente en Santiago.\u00a0<\/span><\/p>\n<p><span style=\"font-weight: 400;\">Presentar este libro es sumamente importante no solo porque es un libro que protagonizan estudiantes de distintas universidades sino que tambi\u00e9n por disponerlo en una plataforma iberoamericana, que hace entender que Chile genera conocimiento y sus estudiantes tambi\u00e9n lo hacen.\u00a0<\/span><span style=\"font-weight: 400;\">Por lo tanto, (mediante la difusi\u00f3n de este texto) se abre un camino para que la ciencia sea p\u00fablica y se difunda y se divulgue\u201d, enfatiz\u00f3 el <strong>Dr. G\u00e1rate<\/strong>. <\/span><\/p>\n<p>Posteriormente, el <strong>Dr. Pablo Camus Galleguillos, decano de la Facultad de Educaci\u00f3n de la Universidad de Antofagasta<\/strong>, quien se refiri\u00f3 al desarrollo de los semilleros de investigaci\u00f3n en Am\u00e9rica Latina, como una estrategia clave para fomentar la cultura investigativa.<\/p>\n<p>Finalmente, destacar que la s\u00e9ptima versi\u00f3n de los Semilleros de Investigaci\u00f3n ser\u00e1n organizados por la Universidad Los Lagos.<\/p>\n<h5><strong>Ponencias y p\u00f3ster<\/strong><\/h5>\n<p><a href=\"https:\/\/www.upla.cl\/noticias\/wp-content\/uploads\/2024\/10\/6to_semilleros_investigacion_upla16.jpg\"><img loading=\"lazy\" decoding=\"async\" class=\"alignright wp-image-178426\" src=\"https:\/\/www.upla.cl\/noticias\/wp-content\/uploads\/2024\/10\/6to_semilleros_investigacion_upla16.jpg\" alt=\"Estudiantes de cinco universidades participaron en 6to Semilleros de Investigaci\u00f3n en la UPLA\" width=\"350\" height=\"233\" srcset=\"https:\/\/upla.cl\/noticias\/wp-content\/uploads\/2024\/10\/6to_semilleros_investigacion_upla16.jpg 1920w, https:\/\/upla.cl\/noticias\/wp-content\/uploads\/2024\/10\/6to_semilleros_investigacion_upla16-300x200.jpg 300w, https:\/\/upla.cl\/noticias\/wp-content\/uploads\/2024\/10\/6to_semilleros_investigacion_upla16-1024x683.jpg 1024w, https:\/\/upla.cl\/noticias\/wp-content\/uploads\/2024\/10\/6to_semilleros_investigacion_upla16-150x100.jpg 150w, https:\/\/upla.cl\/noticias\/wp-content\/uploads\/2024\/10\/6to_semilleros_investigacion_upla16-768x512.jpg 768w, https:\/\/upla.cl\/noticias\/wp-content\/uploads\/2024\/10\/6to_semilleros_investigacion_upla16-1536x1024.jpg 1536w, https:\/\/upla.cl\/noticias\/wp-content\/uploads\/2024\/10\/6to_semilleros_investigacion_upla16-310x205.jpg 310w\" sizes=\"auto, (max-width: 350px) 100vw, 350px\" \/><\/a>Los d\u00edas 3 y 4 de octubre, fueron 21 ponencias las que se presentaron en salas de la Escuela de Postgrado, mientras que en dependencias de la Casa Central, representantes de las universidades de Los Lagos, Austral de Chile y de Antofagasta dieron a conocer sus investigaciones en siete p\u00f3sters.<\/p>\n<p>Por la tarde, los y las asistentes tuvieron una salida pedag\u00f3gica por la ciudad de Valpara\u00edso, a cargo de la carrera de <a href=\"https:\/\/www.upla.cl\/admision\/carreras-profesionales\/facultad-de-humanidades\/administracion-turistica-multilingue\/\">Administraci\u00f3n Tur\u00edstica Multiling\u00fce<\/a> de la Universidad de Playa Ancha.<\/p>\n<p>Te invitamos a conocer las impresiones del organizador del evento, el Dr. Juan Pablo \u00c1lvarez y de Mg. Macarena G\u00e1rnica Alarc\u00f3n, Presidenta de la Red de Semilleros de Investigaci\u00f3n.<\/p>\n<blockquote class=\"instagram-media\" style=\"background: #FFF; border: 0; border-radius: 3px; box-shadow: 0 0 1px 0 rgba(0,0,0,0.5),0 1px 10px 0 rgba(0,0,0,0.15); margin: 1px; max-width: 540px; min-width: 326px; padding: 0; width: calc(100% - 2px);\" data-instgrm-permalink=\"https:\/\/www.instagram.com\/reel\/DA02l10PYuy\/?utm_source=ig_embed&amp;utm_campaign=loading\" data-instgrm-version=\"14\">\n<div style=\"padding: 16px;\">\n<p>&nbsp;<\/p>\n<div style=\"display: flex; flex-direction: row; align-items: center;\">\n<div style=\"background-color: #f4f4f4; border-radius: 50%; flex-grow: 0; height: 40px; margin-right: 14px; width: 40px;\"><\/div>\n<div style=\"display: flex; flex-direction: column; flex-grow: 1; justify-content: center;\">\n<div style=\"background-color: #f4f4f4; border-radius: 4px; flex-grow: 0; height: 14px; margin-bottom: 6px; width: 100px;\"><\/div>\n<div style=\"background-color: #f4f4f4; border-radius: 4px; flex-grow: 0; height: 14px; width: 60px;\"><\/div>\n<\/div>\n<\/div>\n<div style=\"padding: 19% 0;\"><\/div>\n<div style=\"display: block; height: 50px; margin: 0 auto 12px; width: 50px;\"><\/div>\n<div style=\"padding-top: 8px;\">\n<div style=\"color: #3897f0; font-family: Arial,sans-serif; font-size: 14px; font-style: normal; font-weight: 550; line-height: 18px;\">Ver esta publicaci\u00f3n en Instagram<\/div>\n<\/div>\n<div style=\"padding: 12.5% 0;\"><\/div>\n<div style=\"display: flex; flex-direction: row; margin-bottom: 14px; align-items: center;\">\n<div>\n<div style=\"background-color: #f4f4f4; border-radius: 50%; height: 12.5px; width: 12.5px; transform: translateX(0px) translateY(7px);\"><\/div>\n<div style=\"background-color: #f4f4f4; height: 12.5px; transform: rotate(-45deg) translateX(3px) translateY(1px); width: 12.5px; flex-grow: 0; margin-right: 14px; margin-left: 2px;\"><\/div>\n<div style=\"background-color: #f4f4f4; border-radius: 50%; height: 12.5px; width: 12.5px; transform: translateX(9px) translateY(-18px);\"><\/div>\n<\/div>\n<div style=\"margin-left: 8px;\">\n<div style=\"background-color: #f4f4f4; border-radius: 50%; flex-grow: 0; height: 20px; width: 20px;\"><\/div>\n<div style=\"width: 0; height: 0; border-top: 2px solid transparent; border-left: 6px solid #f4f4f4; border-bottom: 2px solid transparent; transform: translateX(16px) translateY(-4px) rotate(30deg);\"><\/div>\n<\/div>\n<div style=\"margin-left: auto;\">\n<div style=\"width: 0px; border-top: 8px solid #F4F4F4; border-right: 8px solid transparent; transform: translateY(16px);\"><\/div>\n<div style=\"background-color: #f4f4f4; flex-grow: 0; height: 12px; width: 16px; transform: translateY(-4px);\"><\/div>\n<div style=\"width: 0; height: 0; border-top: 8px solid #F4F4F4; border-left: 8px solid transparent; transform: translateY(-4px) translateX(8px);\"><\/div>\n<\/div>\n<\/div>\n<div style=\"display: flex; flex-direction: column; flex-grow: 1; justify-content: center; margin-bottom: 24px;\">\n<div style=\"background-color: #f4f4f4; border-radius: 4px; flex-grow: 0; height: 14px; margin-bottom: 6px; width: 224px;\"><\/div>\n<div style=\"background-color: #f4f4f4; border-radius: 4px; flex-grow: 0; height: 14px; width: 144px;\"><\/div>\n<\/div>\n<p>&nbsp;<\/p>\n<p style=\"color: #c9c8cd; font-family: Arial,sans-serif; font-size: 14px; line-height: 17px; margin-bottom: 0; margin-top: 8px; overflow: hidden; padding: 8px 0 7px; text-align: center; text-overflow: ellipsis; white-space: nowrap;\"><a style=\"color: #c9c8cd; font-family: Arial,sans-serif; font-size: 14px; font-style: normal; font-weight: normal; line-height: 17px; text-decoration: none;\" href=\"https:\/\/www.instagram.com\/reel\/DA02l10PYuy\/?utm_source=ig_embed&amp;utm_campaign=loading\" target=\"_blank\" rel=\"noopener\">Una publicaci\u00f3n compartida por Universidad de Playa Ancha (@upla_comunica)<\/a><\/p>\n<\/div>\n<\/blockquote>\n<p><script async src=\"\/\/www.instagram.com\/embed.js\"><\/script><\/p>\n<div id='gallery-1' class='gallery galleryid-178407 gallery-columns-4 gallery-size-medium'><figure class='gallery-item'>\n\t\t\t<div class='gallery-icon landscape'>\n\t\t\t\t<a href=\"https:\/\/upla.cl\/noticias\/wp-content\/uploads\/2024\/10\/6to_semilleros_investigacion_upla1.jpg\"><img loading=\"lazy\" decoding=\"async\" width=\"300\" height=\"200\" src=\"https:\/\/upla.cl\/noticias\/wp-content\/uploads\/2024\/10\/6to_semilleros_investigacion_upla1-300x200.jpg\" class=\"attachment-medium size-medium\" alt=\"Estudiantes de cinco universidades participaron en 6to Semilleros de Investigaci\u00f3n en la UPLA\" srcset=\"https:\/\/upla.cl\/noticias\/wp-content\/uploads\/2024\/10\/6to_semilleros_investigacion_upla1-300x200.jpg 300w, https:\/\/upla.cl\/noticias\/wp-content\/uploads\/2024\/10\/6to_semilleros_investigacion_upla1-1024x683.jpg 1024w, https:\/\/upla.cl\/noticias\/wp-content\/uploads\/2024\/10\/6to_semilleros_investigacion_upla1-150x100.jpg 150w, https:\/\/upla.cl\/noticias\/wp-content\/uploads\/2024\/10\/6to_semilleros_investigacion_upla1-768x512.jpg 768w, https:\/\/upla.cl\/noticias\/wp-content\/uploads\/2024\/10\/6to_semilleros_investigacion_upla1-1536x1024.jpg 1536w, https:\/\/upla.cl\/noticias\/wp-content\/uploads\/2024\/10\/6to_semilleros_investigacion_upla1.jpg 1920w\" sizes=\"auto, (max-width: 300px) 100vw, 300px\" \/><\/a>\n\t\t\t<\/div><\/figure><figure class='gallery-item'>\n\t\t\t<div class='gallery-icon landscape'>\n\t\t\t\t<a href=\"https:\/\/upla.cl\/noticias\/wp-content\/uploads\/2024\/10\/6to_semilleros_investigacion_upla2.jpg\"><img loading=\"lazy\" decoding=\"async\" width=\"300\" height=\"200\" src=\"https:\/\/upla.cl\/noticias\/wp-content\/uploads\/2024\/10\/6to_semilleros_investigacion_upla2-300x200.jpg\" class=\"attachment-medium size-medium\" alt=\"Estudiantes de cinco universidades participaron en 6to Semilleros de Investigaci\u00f3n en la UPLA\" srcset=\"https:\/\/upla.cl\/noticias\/wp-content\/uploads\/2024\/10\/6to_semilleros_investigacion_upla2-300x200.jpg 300w, https:\/\/upla.cl\/noticias\/wp-content\/uploads\/2024\/10\/6to_semilleros_investigacion_upla2-1024x683.jpg 1024w, https:\/\/upla.cl\/noticias\/wp-content\/uploads\/2024\/10\/6to_semilleros_investigacion_upla2-150x100.jpg 150w, https:\/\/upla.cl\/noticias\/wp-content\/uploads\/2024\/10\/6to_semilleros_investigacion_upla2-768x512.jpg 768w, https:\/\/upla.cl\/noticias\/wp-content\/uploads\/2024\/10\/6to_semilleros_investigacion_upla2-1536x1024.jpg 1536w, https:\/\/upla.cl\/noticias\/wp-content\/uploads\/2024\/10\/6to_semilleros_investigacion_upla2.jpg 1920w\" sizes=\"auto, (max-width: 300px) 100vw, 300px\" \/><\/a>\n\t\t\t<\/div><\/figure><figure class='gallery-item'>\n\t\t\t<div class='gallery-icon landscape'>\n\t\t\t\t<a href=\"https:\/\/upla.cl\/noticias\/wp-content\/uploads\/2024\/10\/6to_semilleros_investigacion_upla3.jpg\"><img loading=\"lazy\" decoding=\"async\" width=\"300\" height=\"200\" src=\"https:\/\/upla.cl\/noticias\/wp-content\/uploads\/2024\/10\/6to_semilleros_investigacion_upla3-300x200.jpg\" class=\"attachment-medium size-medium\" alt=\"Estudiantes de cinco universidades participaron en 6to Semilleros de Investigaci\u00f3n en la UPLA\" srcset=\"https:\/\/upla.cl\/noticias\/wp-content\/uploads\/2024\/10\/6to_semilleros_investigacion_upla3-300x200.jpg 300w, https:\/\/upla.cl\/noticias\/wp-content\/uploads\/2024\/10\/6to_semilleros_investigacion_upla3-1024x683.jpg 1024w, https:\/\/upla.cl\/noticias\/wp-content\/uploads\/2024\/10\/6to_semilleros_investigacion_upla3-150x100.jpg 150w, https:\/\/upla.cl\/noticias\/wp-content\/uploads\/2024\/10\/6to_semilleros_investigacion_upla3-768x512.jpg 768w, https:\/\/upla.cl\/noticias\/wp-content\/uploads\/2024\/10\/6to_semilleros_investigacion_upla3-1536x1024.jpg 1536w, https:\/\/upla.cl\/noticias\/wp-content\/uploads\/2024\/10\/6to_semilleros_investigacion_upla3.jpg 1920w\" sizes=\"auto, (max-width: 300px) 100vw, 300px\" \/><\/a>\n\t\t\t<\/div><\/figure><figure class='gallery-item'>\n\t\t\t<div class='gallery-icon landscape'>\n\t\t\t\t<a href=\"https:\/\/upla.cl\/noticias\/wp-content\/uploads\/2024\/10\/6to_semilleros_investigacion_upla4.jpg\"><img loading=\"lazy\" decoding=\"async\" width=\"300\" height=\"200\" src=\"https:\/\/upla.cl\/noticias\/wp-content\/uploads\/2024\/10\/6to_semilleros_investigacion_upla4-300x200.jpg\" class=\"attachment-medium size-medium\" alt=\"Estudiantes de cinco universidades participaron en 6to Semilleros de Investigaci\u00f3n en la UPLA\" srcset=\"https:\/\/upla.cl\/noticias\/wp-content\/uploads\/2024\/10\/6to_semilleros_investigacion_upla4-300x200.jpg 300w, https:\/\/upla.cl\/noticias\/wp-content\/uploads\/2024\/10\/6to_semilleros_investigacion_upla4-1024x683.jpg 1024w, https:\/\/upla.cl\/noticias\/wp-content\/uploads\/2024\/10\/6to_semilleros_investigacion_upla4-150x100.jpg 150w, https:\/\/upla.cl\/noticias\/wp-content\/uploads\/2024\/10\/6to_semilleros_investigacion_upla4-768x512.jpg 768w, https:\/\/upla.cl\/noticias\/wp-content\/uploads\/2024\/10\/6to_semilleros_investigacion_upla4-1536x1024.jpg 1536w, https:\/\/upla.cl\/noticias\/wp-content\/uploads\/2024\/10\/6to_semilleros_investigacion_upla4.jpg 1920w\" sizes=\"auto, (max-width: 300px) 100vw, 300px\" \/><\/a>\n\t\t\t<\/div><\/figure><figure class='gallery-item'>\n\t\t\t<div class='gallery-icon landscape'>\n\t\t\t\t<a href=\"https:\/\/upla.cl\/noticias\/wp-content\/uploads\/2024\/10\/6to_semilleros_investigacion_upla5.jpg\"><img loading=\"lazy\" decoding=\"async\" width=\"300\" height=\"200\" src=\"https:\/\/upla.cl\/noticias\/wp-content\/uploads\/2024\/10\/6to_semilleros_investigacion_upla5-300x200.jpg\" class=\"attachment-medium size-medium\" alt=\"Estudiantes de cinco universidades participaron en 6to Semilleros de Investigaci\u00f3n en la UPLA\" srcset=\"https:\/\/upla.cl\/noticias\/wp-content\/uploads\/2024\/10\/6to_semilleros_investigacion_upla5-300x200.jpg 300w, https:\/\/upla.cl\/noticias\/wp-content\/uploads\/2024\/10\/6to_semilleros_investigacion_upla5-1024x683.jpg 1024w, https:\/\/upla.cl\/noticias\/wp-content\/uploads\/2024\/10\/6to_semilleros_investigacion_upla5-150x100.jpg 150w, https:\/\/upla.cl\/noticias\/wp-content\/uploads\/2024\/10\/6to_semilleros_investigacion_upla5-768x512.jpg 768w, https:\/\/upla.cl\/noticias\/wp-content\/uploads\/2024\/10\/6to_semilleros_investigacion_upla5-1536x1024.jpg 1536w, https:\/\/upla.cl\/noticias\/wp-content\/uploads\/2024\/10\/6to_semilleros_investigacion_upla5.jpg 1920w\" sizes=\"auto, (max-width: 300px) 100vw, 300px\" \/><\/a>\n\t\t\t<\/div><\/figure><figure class='gallery-item'>\n\t\t\t<div class='gallery-icon landscape'>\n\t\t\t\t<a href=\"https:\/\/upla.cl\/noticias\/wp-content\/uploads\/2024\/10\/6to_semilleros_investigacion_upla6.jpg\"><img loading=\"lazy\" decoding=\"async\" width=\"300\" height=\"200\" src=\"https:\/\/upla.cl\/noticias\/wp-content\/uploads\/2024\/10\/6to_semilleros_investigacion_upla6-300x200.jpg\" class=\"attachment-medium size-medium\" alt=\"Estudiantes de cinco universidades participaron en 6to Semilleros de Investigaci\u00f3n en la UPLA\" srcset=\"https:\/\/upla.cl\/noticias\/wp-content\/uploads\/2024\/10\/6to_semilleros_investigacion_upla6-300x200.jpg 300w, https:\/\/upla.cl\/noticias\/wp-content\/uploads\/2024\/10\/6to_semilleros_investigacion_upla6-1024x683.jpg 1024w, https:\/\/upla.cl\/noticias\/wp-content\/uploads\/2024\/10\/6to_semilleros_investigacion_upla6-150x100.jpg 150w, https:\/\/upla.cl\/noticias\/wp-content\/uploads\/2024\/10\/6to_semilleros_investigacion_upla6-768x512.jpg 768w, https:\/\/upla.cl\/noticias\/wp-content\/uploads\/2024\/10\/6to_semilleros_investigacion_upla6-1536x1024.jpg 1536w, https:\/\/upla.cl\/noticias\/wp-content\/uploads\/2024\/10\/6to_semilleros_investigacion_upla6.jpg 1920w\" sizes=\"auto, (max-width: 300px) 100vw, 300px\" \/><\/a>\n\t\t\t<\/div><\/figure><figure class='gallery-item'>\n\t\t\t<div class='gallery-icon landscape'>\n\t\t\t\t<a href=\"https:\/\/upla.cl\/noticias\/wp-content\/uploads\/2024\/10\/6to_semilleros_investigacion_upla7.jpg\"><img loading=\"lazy\" decoding=\"async\" width=\"300\" height=\"200\" src=\"https:\/\/upla.cl\/noticias\/wp-content\/uploads\/2024\/10\/6to_semilleros_investigacion_upla7-300x200.jpg\" class=\"attachment-medium size-medium\" alt=\"Estudiantes de cinco universidades participaron en 6to Semilleros de Investigaci\u00f3n en la UPLA\" srcset=\"https:\/\/upla.cl\/noticias\/wp-content\/uploads\/2024\/10\/6to_semilleros_investigacion_upla7-300x200.jpg 300w, https:\/\/upla.cl\/noticias\/wp-content\/uploads\/2024\/10\/6to_semilleros_investigacion_upla7-1024x683.jpg 1024w, https:\/\/upla.cl\/noticias\/wp-content\/uploads\/2024\/10\/6to_semilleros_investigacion_upla7-150x100.jpg 150w, https:\/\/upla.cl\/noticias\/wp-content\/uploads\/2024\/10\/6to_semilleros_investigacion_upla7-768x512.jpg 768w, https:\/\/upla.cl\/noticias\/wp-content\/uploads\/2024\/10\/6to_semilleros_investigacion_upla7-1536x1024.jpg 1536w, https:\/\/upla.cl\/noticias\/wp-content\/uploads\/2024\/10\/6to_semilleros_investigacion_upla7.jpg 1920w\" sizes=\"auto, (max-width: 300px) 100vw, 300px\" \/><\/a>\n\t\t\t<\/div><\/figure><figure class='gallery-item'>\n\t\t\t<div class='gallery-icon landscape'>\n\t\t\t\t<a href=\"https:\/\/upla.cl\/noticias\/wp-content\/uploads\/2024\/10\/6to_semilleros_investigacion_upla8.jpg\"><img loading=\"lazy\" decoding=\"async\" width=\"300\" height=\"200\" src=\"https:\/\/upla.cl\/noticias\/wp-content\/uploads\/2024\/10\/6to_semilleros_investigacion_upla8-300x200.jpg\" class=\"attachment-medium size-medium\" alt=\"Estudiantes de cinco universidades participaron en 6to Semilleros de Investigaci\u00f3n en la UPLA\" srcset=\"https:\/\/upla.cl\/noticias\/wp-content\/uploads\/2024\/10\/6to_semilleros_investigacion_upla8-300x200.jpg 300w, https:\/\/upla.cl\/noticias\/wp-content\/uploads\/2024\/10\/6to_semilleros_investigacion_upla8-1024x683.jpg 1024w, https:\/\/upla.cl\/noticias\/wp-content\/uploads\/2024\/10\/6to_semilleros_investigacion_upla8-150x100.jpg 150w, https:\/\/upla.cl\/noticias\/wp-content\/uploads\/2024\/10\/6to_semilleros_investigacion_upla8-768x512.jpg 768w, https:\/\/upla.cl\/noticias\/wp-content\/uploads\/2024\/10\/6to_semilleros_investigacion_upla8-1536x1024.jpg 1536w, https:\/\/upla.cl\/noticias\/wp-content\/uploads\/2024\/10\/6to_semilleros_investigacion_upla8.jpg 1920w\" sizes=\"auto, (max-width: 300px) 100vw, 300px\" \/><\/a>\n\t\t\t<\/div><\/figure><figure class='gallery-item'>\n\t\t\t<div class='gallery-icon landscape'>\n\t\t\t\t<a href=\"https:\/\/upla.cl\/noticias\/wp-content\/uploads\/2024\/10\/6to_semilleros_investigacion_upla9.jpg\"><img loading=\"lazy\" decoding=\"async\" width=\"300\" height=\"200\" src=\"https:\/\/upla.cl\/noticias\/wp-content\/uploads\/2024\/10\/6to_semilleros_investigacion_upla9-300x200.jpg\" class=\"attachment-medium size-medium\" alt=\"Estudiantes de cinco universidades participaron en 6to Semilleros de Investigaci\u00f3n en la UPLA\" srcset=\"https:\/\/upla.cl\/noticias\/wp-content\/uploads\/2024\/10\/6to_semilleros_investigacion_upla9-300x200.jpg 300w, https:\/\/upla.cl\/noticias\/wp-content\/uploads\/2024\/10\/6to_semilleros_investigacion_upla9-1024x683.jpg 1024w, https:\/\/upla.cl\/noticias\/wp-content\/uploads\/2024\/10\/6to_semilleros_investigacion_upla9-150x100.jpg 150w, https:\/\/upla.cl\/noticias\/wp-content\/uploads\/2024\/10\/6to_semilleros_investigacion_upla9-768x512.jpg 768w, https:\/\/upla.cl\/noticias\/wp-content\/uploads\/2024\/10\/6to_semilleros_investigacion_upla9-1536x1024.jpg 1536w, https:\/\/upla.cl\/noticias\/wp-content\/uploads\/2024\/10\/6to_semilleros_investigacion_upla9.jpg 1920w\" sizes=\"auto, (max-width: 300px) 100vw, 300px\" \/><\/a>\n\t\t\t<\/div><\/figure><figure class='gallery-item'>\n\t\t\t<div class='gallery-icon landscape'>\n\t\t\t\t<a href=\"https:\/\/upla.cl\/noticias\/wp-content\/uploads\/2024\/10\/6to_semilleros_investigacion_upla10.jpg\"><img loading=\"lazy\" decoding=\"async\" width=\"300\" height=\"200\" src=\"https:\/\/upla.cl\/noticias\/wp-content\/uploads\/2024\/10\/6to_semilleros_investigacion_upla10-300x200.jpg\" class=\"attachment-medium size-medium\" alt=\"Estudiantes de cinco universidades participaron en 6to Semilleros de Investigaci\u00f3n en la UPLA\" srcset=\"https:\/\/upla.cl\/noticias\/wp-content\/uploads\/2024\/10\/6to_semilleros_investigacion_upla10-300x200.jpg 300w, https:\/\/upla.cl\/noticias\/wp-content\/uploads\/2024\/10\/6to_semilleros_investigacion_upla10-1024x683.jpg 1024w, https:\/\/upla.cl\/noticias\/wp-content\/uploads\/2024\/10\/6to_semilleros_investigacion_upla10-150x100.jpg 150w, https:\/\/upla.cl\/noticias\/wp-content\/uploads\/2024\/10\/6to_semilleros_investigacion_upla10-768x512.jpg 768w, https:\/\/upla.cl\/noticias\/wp-content\/uploads\/2024\/10\/6to_semilleros_investigacion_upla10-1536x1024.jpg 1536w, https:\/\/upla.cl\/noticias\/wp-content\/uploads\/2024\/10\/6to_semilleros_investigacion_upla10.jpg 1920w\" sizes=\"auto, (max-width: 300px) 100vw, 300px\" \/><\/a>\n\t\t\t<\/div><\/figure><figure class='gallery-item'>\n\t\t\t<div class='gallery-icon landscape'>\n\t\t\t\t<a href=\"https:\/\/upla.cl\/noticias\/wp-content\/uploads\/2024\/10\/6to_semilleros_investigacion_upla11.jpg\"><img loading=\"lazy\" decoding=\"async\" width=\"300\" height=\"200\" src=\"https:\/\/upla.cl\/noticias\/wp-content\/uploads\/2024\/10\/6to_semilleros_investigacion_upla11-300x200.jpg\" class=\"attachment-medium size-medium\" alt=\"Estudiantes de cinco universidades participaron en 6to Semilleros de Investigaci\u00f3n en la UPLA\" srcset=\"https:\/\/upla.cl\/noticias\/wp-content\/uploads\/2024\/10\/6to_semilleros_investigacion_upla11-300x200.jpg 300w, https:\/\/upla.cl\/noticias\/wp-content\/uploads\/2024\/10\/6to_semilleros_investigacion_upla11-1024x683.jpg 1024w, https:\/\/upla.cl\/noticias\/wp-content\/uploads\/2024\/10\/6to_semilleros_investigacion_upla11-150x100.jpg 150w, https:\/\/upla.cl\/noticias\/wp-content\/uploads\/2024\/10\/6to_semilleros_investigacion_upla11-768x512.jpg 768w, https:\/\/upla.cl\/noticias\/wp-content\/uploads\/2024\/10\/6to_semilleros_investigacion_upla11-1536x1024.jpg 1536w, https:\/\/upla.cl\/noticias\/wp-content\/uploads\/2024\/10\/6to_semilleros_investigacion_upla11.jpg 1920w\" sizes=\"auto, (max-width: 300px) 100vw, 300px\" \/><\/a>\n\t\t\t<\/div><\/figure><figure class='gallery-item'>\n\t\t\t<div class='gallery-icon landscape'>\n\t\t\t\t<a href=\"https:\/\/upla.cl\/noticias\/wp-content\/uploads\/2024\/10\/6to_semilleros_investigacion_upla12.jpg\"><img loading=\"lazy\" decoding=\"async\" width=\"300\" height=\"200\" src=\"https:\/\/upla.cl\/noticias\/wp-content\/uploads\/2024\/10\/6to_semilleros_investigacion_upla12-300x200.jpg\" class=\"attachment-medium size-medium\" alt=\"Estudiantes de cinco universidades participaron en 6to Semilleros de Investigaci\u00f3n en la UPLA\" srcset=\"https:\/\/upla.cl\/noticias\/wp-content\/uploads\/2024\/10\/6to_semilleros_investigacion_upla12-300x200.jpg 300w, https:\/\/upla.cl\/noticias\/wp-content\/uploads\/2024\/10\/6to_semilleros_investigacion_upla12-1024x683.jpg 1024w, https:\/\/upla.cl\/noticias\/wp-content\/uploads\/2024\/10\/6to_semilleros_investigacion_upla12-150x100.jpg 150w, https:\/\/upla.cl\/noticias\/wp-content\/uploads\/2024\/10\/6to_semilleros_investigacion_upla12-768x512.jpg 768w, https:\/\/upla.cl\/noticias\/wp-content\/uploads\/2024\/10\/6to_semilleros_investigacion_upla12-1536x1024.jpg 1536w, https:\/\/upla.cl\/noticias\/wp-content\/uploads\/2024\/10\/6to_semilleros_investigacion_upla12.jpg 1920w\" sizes=\"auto, (max-width: 300px) 100vw, 300px\" \/><\/a>\n\t\t\t<\/div><\/figure><figure class='gallery-item'>\n\t\t\t<div class='gallery-icon landscape'>\n\t\t\t\t<a href=\"https:\/\/upla.cl\/noticias\/wp-content\/uploads\/2024\/10\/6to_semilleros_investigacion_upla13.jpg\"><img loading=\"lazy\" decoding=\"async\" width=\"300\" height=\"200\" src=\"https:\/\/upla.cl\/noticias\/wp-content\/uploads\/2024\/10\/6to_semilleros_investigacion_upla13-300x200.jpg\" class=\"attachment-medium size-medium\" alt=\"Estudiantes de cinco universidades participaron en 6to Semilleros de Investigaci\u00f3n en la UPLA\" srcset=\"https:\/\/upla.cl\/noticias\/wp-content\/uploads\/2024\/10\/6to_semilleros_investigacion_upla13-300x200.jpg 300w, https:\/\/upla.cl\/noticias\/wp-content\/uploads\/2024\/10\/6to_semilleros_investigacion_upla13-1024x683.jpg 1024w, https:\/\/upla.cl\/noticias\/wp-content\/uploads\/2024\/10\/6to_semilleros_investigacion_upla13-150x100.jpg 150w, https:\/\/upla.cl\/noticias\/wp-content\/uploads\/2024\/10\/6to_semilleros_investigacion_upla13-768x512.jpg 768w, https:\/\/upla.cl\/noticias\/wp-content\/uploads\/2024\/10\/6to_semilleros_investigacion_upla13-1536x1024.jpg 1536w, https:\/\/upla.cl\/noticias\/wp-content\/uploads\/2024\/10\/6to_semilleros_investigacion_upla13.jpg 1920w\" sizes=\"auto, (max-width: 300px) 100vw, 300px\" \/><\/a>\n\t\t\t<\/div><\/figure><figure class='gallery-item'>\n\t\t\t<div class='gallery-icon landscape'>\n\t\t\t\t<a href=\"https:\/\/upla.cl\/noticias\/wp-content\/uploads\/2024\/10\/6to_semilleros_investigacion_upla14.jpg\"><img loading=\"lazy\" decoding=\"async\" width=\"300\" height=\"200\" src=\"https:\/\/upla.cl\/noticias\/wp-content\/uploads\/2024\/10\/6to_semilleros_investigacion_upla14-300x200.jpg\" class=\"attachment-medium size-medium\" alt=\"Estudiantes de cinco universidades participaron en 6to Semilleros de Investigaci\u00f3n en la UPLA\" srcset=\"https:\/\/upla.cl\/noticias\/wp-content\/uploads\/2024\/10\/6to_semilleros_investigacion_upla14-300x200.jpg 300w, https:\/\/upla.cl\/noticias\/wp-content\/uploads\/2024\/10\/6to_semilleros_investigacion_upla14-1024x683.jpg 1024w, https:\/\/upla.cl\/noticias\/wp-content\/uploads\/2024\/10\/6to_semilleros_investigacion_upla14-150x100.jpg 150w, https:\/\/upla.cl\/noticias\/wp-content\/uploads\/2024\/10\/6to_semilleros_investigacion_upla14-768x512.jpg 768w, https:\/\/upla.cl\/noticias\/wp-content\/uploads\/2024\/10\/6to_semilleros_investigacion_upla14-1536x1024.jpg 1536w, https:\/\/upla.cl\/noticias\/wp-content\/uploads\/2024\/10\/6to_semilleros_investigacion_upla14.jpg 1920w\" sizes=\"auto, (max-width: 300px) 100vw, 300px\" \/><\/a>\n\t\t\t<\/div><\/figure><figure class='gallery-item'>\n\t\t\t<div class='gallery-icon landscape'>\n\t\t\t\t<a href=\"https:\/\/upla.cl\/noticias\/wp-content\/uploads\/2024\/10\/6to_semilleros_investigacion_upla15.jpg\"><img loading=\"lazy\" decoding=\"async\" width=\"300\" height=\"200\" src=\"https:\/\/upla.cl\/noticias\/wp-content\/uploads\/2024\/10\/6to_semilleros_investigacion_upla15-300x200.jpg\" class=\"attachment-medium size-medium\" alt=\"Estudiantes de cinco universidades participaron en 6to Semilleros de Investigaci\u00f3n en la UPLA\" srcset=\"https:\/\/upla.cl\/noticias\/wp-content\/uploads\/2024\/10\/6to_semilleros_investigacion_upla15-300x200.jpg 300w, https:\/\/upla.cl\/noticias\/wp-content\/uploads\/2024\/10\/6to_semilleros_investigacion_upla15-1024x683.jpg 1024w, https:\/\/upla.cl\/noticias\/wp-content\/uploads\/2024\/10\/6to_semilleros_investigacion_upla15-150x100.jpg 150w, https:\/\/upla.cl\/noticias\/wp-content\/uploads\/2024\/10\/6to_semilleros_investigacion_upla15-768x512.jpg 768w, https:\/\/upla.cl\/noticias\/wp-content\/uploads\/2024\/10\/6to_semilleros_investigacion_upla15-1536x1024.jpg 1536w, https:\/\/upla.cl\/noticias\/wp-content\/uploads\/2024\/10\/6to_semilleros_investigacion_upla15.jpg 1920w\" sizes=\"auto, (max-width: 300px) 100vw, 300px\" \/><\/a>\n\t\t\t<\/div><\/figure><figure class='gallery-item'>\n\t\t\t<div class='gallery-icon landscape'>\n\t\t\t\t<a href=\"https:\/\/upla.cl\/noticias\/wp-content\/uploads\/2024\/10\/6to_semilleros_investigacion_upla16.jpg\"><img loading=\"lazy\" decoding=\"async\" width=\"300\" height=\"200\" src=\"https:\/\/upla.cl\/noticias\/wp-content\/uploads\/2024\/10\/6to_semilleros_investigacion_upla16-300x200.jpg\" class=\"attachment-medium size-medium\" alt=\"Estudiantes de cinco universidades participaron en 6to Semilleros de Investigaci\u00f3n en la UPLA\" srcset=\"https:\/\/upla.cl\/noticias\/wp-content\/uploads\/2024\/10\/6to_semilleros_investigacion_upla16-300x200.jpg 300w, https:\/\/upla.cl\/noticias\/wp-content\/uploads\/2024\/10\/6to_semilleros_investigacion_upla16-1024x683.jpg 1024w, https:\/\/upla.cl\/noticias\/wp-content\/uploads\/2024\/10\/6to_semilleros_investigacion_upla16-150x100.jpg 150w, https:\/\/upla.cl\/noticias\/wp-content\/uploads\/2024\/10\/6to_semilleros_investigacion_upla16-768x512.jpg 768w, https:\/\/upla.cl\/noticias\/wp-content\/uploads\/2024\/10\/6to_semilleros_investigacion_upla16-1536x1024.jpg 1536w, https:\/\/upla.cl\/noticias\/wp-content\/uploads\/2024\/10\/6to_semilleros_investigacion_upla16.jpg 1920w\" sizes=\"auto, (max-width: 300px) 100vw, 300px\" \/><\/a>\n\t\t\t<\/div><\/figure>\n\t\t<\/div>\n\n","protected":false},"excerpt":{"rendered":"<p>El evento form\u00f3 parte de la Red y fue organizado por los tres N\u00facleos de Investigaci\u00f3n de la Facultad de Humanidades con la coordinaci\u00f3n general del acad\u00e9mico Dr. Juan Pablo \u00c1lvarez, y el apoyo de la Vicerrector\u00eda de Investigaci\u00f3n, Postgrado e Innovaci\u00f3n UPLA junto la Organizaci\u00f3n de Estados Iberoamericanos (OEI).<\/p>\n","protected":false},"author":2,"featured_media":178419,"comment_status":"closed","ping_status":"closed","sticky":false,"template":"","format":"standard","meta":{"footnotes":""},"categories":[40,51,101,97,77,43,113,91],"tags":[],"class_list":["post-178407","post","type-post","status-publish","format-standard","has-post-thumbnail","","category-destacados","category-academia","category-docencia","category-estudiantes","category-facultad-de-humanidades","category-investigacion","category-universidades-en-red","category-vinculacion-con-el-medio"],"_links":{"self":[{"href":"https:\/\/upla.cl\/noticias\/wp-json\/wp\/v2\/posts\/178407","targetHints":{"allow":["GET"]}}],"collection":[{"href":"https:\/\/upla.cl\/noticias\/wp-json\/wp\/v2\/posts"}],"about":[{"href":"https:\/\/upla.cl\/noticias\/wp-json\/wp\/v2\/types\/post"}],"author":[{"embeddable":true,"href":"https:\/\/upla.cl\/noticias\/wp-json\/wp\/v2\/users\/2"}],"replies":[{"embeddable":true,"href":"https:\/\/upla.cl\/noticias\/wp-json\/wp\/v2\/comments?post=178407"}],"version-history":[{"count":0,"href":"https:\/\/upla.cl\/noticias\/wp-json\/wp\/v2\/posts\/178407\/revisions"}],"wp:featuredmedia":[{"embeddable":true,"href":"https:\/\/upla.cl\/noticias\/wp-json\/wp\/v2\/media\/178419"}],"wp:attachment":[{"href":"https:\/\/upla.cl\/noticias\/wp-json\/wp\/v2\/media?parent=178407"}],"wp:term":[{"taxonomy":"category","embeddable":true,"href":"https:\/\/upla.cl\/noticias\/wp-json\/wp\/v2\/categories?post=178407"},{"taxonomy":"post_tag","embeddable":true,"href":"https:\/\/upla.cl\/noticias\/wp-json\/wp\/v2\/tags?post=178407"}],"curies":[{"name":"wp","href":"https:\/\/api.w.org\/{rel}","templated":true}]}}