{"id":179206,"date":"2024-11-07T08:50:21","date_gmt":"2024-11-07T11:50:21","guid":{"rendered":"https:\/\/www.upla.cl\/noticias\/?p=179206"},"modified":"2024-11-07T08:50:21","modified_gmt":"2024-11-07T11:50:21","slug":"viuda-del-gitano-rodriguez-realizo-en-campus-san-felipe-charla-sobre-legado-del-prolifico-artista-porteno","status":"publish","type":"post","link":"https:\/\/upla.cl\/noticias\/2024\/11\/07\/viuda-del-gitano-rodriguez-realizo-en-campus-san-felipe-charla-sobre-legado-del-prolifico-artista-porteno\/","title":{"rendered":"Viuda del \u201cGitano\u201d Rodr\u00edguez realiz\u00f3 en campus San Felipe charla sobre legado del prol\u00edfico artista porte\u00f1o"},"content":{"rendered":"<p><a href=\"https:\/\/www.upla.cl\/noticias\/wp-content\/uploads\/2024\/11\/Conversatorio_GItano_Rodriguez_CSFelipe-1.jpg\"><img loading=\"lazy\" decoding=\"async\" class=\"aligncenter size-large wp-image-179211\" src=\"https:\/\/www.upla.cl\/noticias\/wp-content\/uploads\/2024\/11\/Conversatorio_GItano_Rodriguez_CSFelipe-1-1024x829.jpg\" alt=\"\" width=\"618\" height=\"500\" srcset=\"https:\/\/upla.cl\/noticias\/wp-content\/uploads\/2024\/11\/Conversatorio_GItano_Rodriguez_CSFelipe-1-1024x829.jpg 1024w, https:\/\/upla.cl\/noticias\/wp-content\/uploads\/2024\/11\/Conversatorio_GItano_Rodriguez_CSFelipe-1-300x243.jpg 300w, https:\/\/upla.cl\/noticias\/wp-content\/uploads\/2024\/11\/Conversatorio_GItano_Rodriguez_CSFelipe-1-150x122.jpg 150w, https:\/\/upla.cl\/noticias\/wp-content\/uploads\/2024\/11\/Conversatorio_GItano_Rodriguez_CSFelipe-1-768x622.jpg 768w, https:\/\/upla.cl\/noticias\/wp-content\/uploads\/2024\/11\/Conversatorio_GItano_Rodriguez_CSFelipe-1.jpg 1374w\" sizes=\"auto, (max-width: 618px) 100vw, 618px\" \/><\/a>En el <strong>auditorio del campus San Felipe de la UPLA<\/strong> se llev\u00f3 a cabo la <strong>charla-conversatorio \u201cPara que lo vayamos conociendo\u201d,<\/strong> en la cual <strong>Silvia R\u00fchl, antrop\u00f3loga y viuda del artista Osvaldo \u2018Gitano\u2019 Rodr\u00edguez Musso,<\/strong> abord\u00f3 el prol\u00edfico legado del destacado cantautor, escritor, arquitecto y artista visual de Valpara\u00edso.<\/p>\n<p>Una actividad realizada gracias a la gesti\u00f3n y ofrecimiento de la <strong>\u201cEscuela de Artes y Oficios, Desarrollo Humano y Medio Ambiente El Almendral\u201d<\/strong>, organizaci\u00f3n bajo el alero de la <strong>Corporaci\u00f3n CIEM Aconcagua<\/strong> y con la cual la Universidad de Playa Ancha mantiene un convenio de colaboraci\u00f3n que en esta oportunidad se materializ\u00f3 en este interesante encuentro.<\/p>\n<p><strong><a href=\"https:\/\/www.upla.cl\/noticias\/wp-content\/uploads\/2024\/11\/Conversatorio_GItano_Rodriguez_CSFelipe-3.jpg\"><img loading=\"lazy\" decoding=\"async\" class=\"alignleft size-medium wp-image-179213\" src=\"https:\/\/www.upla.cl\/noticias\/wp-content\/uploads\/2024\/11\/Conversatorio_GItano_Rodriguez_CSFelipe-3-300x225.jpg\" alt=\"\" width=\"300\" height=\"225\" srcset=\"https:\/\/upla.cl\/noticias\/wp-content\/uploads\/2024\/11\/Conversatorio_GItano_Rodriguez_CSFelipe-3-300x225.jpg 300w, https:\/\/upla.cl\/noticias\/wp-content\/uploads\/2024\/11\/Conversatorio_GItano_Rodriguez_CSFelipe-3-1024x768.jpg 1024w, https:\/\/upla.cl\/noticias\/wp-content\/uploads\/2024\/11\/Conversatorio_GItano_Rodriguez_CSFelipe-3-150x113.jpg 150w, https:\/\/upla.cl\/noticias\/wp-content\/uploads\/2024\/11\/Conversatorio_GItano_Rodriguez_CSFelipe-3-768x576.jpg 768w, https:\/\/upla.cl\/noticias\/wp-content\/uploads\/2024\/11\/Conversatorio_GItano_Rodriguez_CSFelipe-3-1536x1152.jpg 1536w, https:\/\/upla.cl\/noticias\/wp-content\/uploads\/2024\/11\/Conversatorio_GItano_Rodriguez_CSFelipe-3.jpg 2048w\" sizes=\"auto, (max-width: 300px) 100vw, 300px\" \/><\/a>Claudia Concha Erices, directora del campus San Felipe,<\/strong> enfatiz\u00f3 que \u201ces importante que se realicen estos hitos en el Valle de Aconcagua, para poder dar a conocer historias como \u00e9sta en las comunas que nos albergan. Y tambi\u00e9n quiero destacar la participaci\u00f3n en la actividad de estudiantes del sistema educativo, con el objetivo de transmitir la relevancia del autor a las nuevas generaciones y que as\u00ed \u00e9sta se siga manteniendo vigente, viva\u201d.<\/p>\n<p>Y es que en la ocasi\u00f3n, invitados por la UPLA, <strong>estudiantes del Liceo Bicentenario Corina Urbina y del Liceo Bicentenario Industrial Guillermo Richards Cuevas<\/strong> -ambos de San Felipe- pudieron adentrarse en la historia y obra del \u201cGitano\u201d Rodr\u00edguez a trav\u00e9s del relato, documentos, fotograf\u00edas y an\u00e9cdotas que su viuda comparti\u00f3 con los asistentes, entre \u00e9stas el paso del artista como profesor en la Universidad de Playa Ancha.<\/p>\n<p><a href=\"https:\/\/www.upla.cl\/noticias\/wp-content\/uploads\/2024\/11\/Conversatorio_GItano_Rodriguez_CSFelipe-5.jpg\"><img loading=\"lazy\" decoding=\"async\" class=\"alignleft size-medium wp-image-179215\" src=\"https:\/\/www.upla.cl\/noticias\/wp-content\/uploads\/2024\/11\/Conversatorio_GItano_Rodriguez_CSFelipe-5-300x227.jpg\" alt=\"\" width=\"300\" height=\"227\" srcset=\"https:\/\/upla.cl\/noticias\/wp-content\/uploads\/2024\/11\/Conversatorio_GItano_Rodriguez_CSFelipe-5-300x227.jpg 300w, https:\/\/upla.cl\/noticias\/wp-content\/uploads\/2024\/11\/Conversatorio_GItano_Rodriguez_CSFelipe-5-1024x776.jpg 1024w, https:\/\/upla.cl\/noticias\/wp-content\/uploads\/2024\/11\/Conversatorio_GItano_Rodriguez_CSFelipe-5-150x114.jpg 150w, https:\/\/upla.cl\/noticias\/wp-content\/uploads\/2024\/11\/Conversatorio_GItano_Rodriguez_CSFelipe-5-768x582.jpg 768w, https:\/\/upla.cl\/noticias\/wp-content\/uploads\/2024\/11\/Conversatorio_GItano_Rodriguez_CSFelipe-5-1536x1163.jpg 1536w, https:\/\/upla.cl\/noticias\/wp-content\/uploads\/2024\/11\/Conversatorio_GItano_Rodriguez_CSFelipe-5.jpg 2028w\" sizes=\"auto, (max-width: 300px) 100vw, 300px\" \/><\/a>Al respecto, Silvia R\u00fchl destac\u00f3 que la actividad llevada a cabo en el campus San Felipe \u201cfue una muy agradable sorpresa para m\u00ed. Aparte de agradecer la c\u00e1lida acogida por parte de los organizadores, qued\u00e9 sorprendida por la gran cantidad de p\u00fablico joven que sigui\u00f3 con atenci\u00f3n el contenido de la conferencia, para luego participar activamente en el debate haciendo preguntas muy acertadas que demostraban el inter\u00e9s con el cual siguieron la presentaci\u00f3n\u201d.<\/p>\n<p>En ese mismo sentido, la antrop\u00f3loga a\u00f1adi\u00f3 que \u201csiempre me vuelve a sorprender el inter\u00e9s que suscita Osvaldo como artista m\u00faltiple entre la gente joven -cuando se le va conociendo m\u00e1s all\u00e1 de su emblem\u00e1tica canci\u00f3n a Valpara\u00edso-, tal vez tambi\u00e9n porque logr\u00f3 sacar adelante su proyecto de vida pese a las adversidades que le tocaron vivir. Me alegra haber podido ser parte de ese proceso y poder comunicarlo a las generaciones que nos siguen, y espero puedan haber otras ocasiones para hacerlo no s\u00f3lo en la ciudad de Valpara\u00edso, sino tambi\u00e9n en la regi\u00f3n\u201d.<\/p>\n<p><a href=\"https:\/\/www.upla.cl\/noticias\/wp-content\/uploads\/2024\/11\/Conversatorio_GItano_Rodriguez_CSFelipe-4.jpg\"><img loading=\"lazy\" decoding=\"async\" class=\"alignright size-medium wp-image-179214\" src=\"https:\/\/www.upla.cl\/noticias\/wp-content\/uploads\/2024\/11\/Conversatorio_GItano_Rodriguez_CSFelipe-4-300x225.jpg\" alt=\"\" width=\"300\" height=\"225\" srcset=\"https:\/\/upla.cl\/noticias\/wp-content\/uploads\/2024\/11\/Conversatorio_GItano_Rodriguez_CSFelipe-4-300x225.jpg 300w, https:\/\/upla.cl\/noticias\/wp-content\/uploads\/2024\/11\/Conversatorio_GItano_Rodriguez_CSFelipe-4-1024x770.jpg 1024w, https:\/\/upla.cl\/noticias\/wp-content\/uploads\/2024\/11\/Conversatorio_GItano_Rodriguez_CSFelipe-4-150x113.jpg 150w, https:\/\/upla.cl\/noticias\/wp-content\/uploads\/2024\/11\/Conversatorio_GItano_Rodriguez_CSFelipe-4-768x577.jpg 768w, https:\/\/upla.cl\/noticias\/wp-content\/uploads\/2024\/11\/Conversatorio_GItano_Rodriguez_CSFelipe-4-1536x1154.jpg 1536w, https:\/\/upla.cl\/noticias\/wp-content\/uploads\/2024\/11\/Conversatorio_GItano_Rodriguez_CSFelipe-4.jpg 2044w\" sizes=\"auto, (max-width: 300px) 100vw, 300px\" \/><\/a>Como se\u00f1ala la expositora, tanto durante la realizaci\u00f3n de la charla como en el posterior conversatorio que se llev\u00f3 a cabo, los alumnos y sus profesores realizaron reflexiones y plantearon interesantes preguntas a Silvia sobre detalles de la vida del autor de la ic\u00f3nica canci\u00f3n \u201cValpara\u00edso\u201d.<\/p>\n<p><strong>Carolina Millar Asp\u00e9, coordinadora de la \u201cEscuela de Artes y Oficios El Almendral\u201d,<\/strong> destac\u00f3 que \u201cpara nosotros esto fue una prueba evidente de que cuando se a\u00fanan esfuerzos, los objetivos que uno se hab\u00eda propuesto se cumplen con mucho mayor alcance. Estamos muy contentos tambi\u00e9n de que el convenio colaborativo con la universidad pueda visualizarse con un camino concreto a trav\u00e9s de las actividades que estamos desarrollando como Centro El Almendral, pero tambi\u00e9n con estas visitas que queremos hacer circular por el Valle de Aconcagua\u201d.<\/p>\n<p><a href=\"https:\/\/www.upla.cl\/noticias\/wp-content\/uploads\/2024\/11\/Conversatorio_GItano_Rodriguez_CSFelipe-9.jpg\"><img loading=\"lazy\" decoding=\"async\" class=\"alignright size-medium wp-image-179210\" src=\"https:\/\/www.upla.cl\/noticias\/wp-content\/uploads\/2024\/11\/Conversatorio_GItano_Rodriguez_CSFelipe-9-300x227.jpg\" alt=\"\" width=\"300\" height=\"227\" srcset=\"https:\/\/upla.cl\/noticias\/wp-content\/uploads\/2024\/11\/Conversatorio_GItano_Rodriguez_CSFelipe-9-300x227.jpg 300w, https:\/\/upla.cl\/noticias\/wp-content\/uploads\/2024\/11\/Conversatorio_GItano_Rodriguez_CSFelipe-9-1024x774.jpg 1024w, https:\/\/upla.cl\/noticias\/wp-content\/uploads\/2024\/11\/Conversatorio_GItano_Rodriguez_CSFelipe-9-150x113.jpg 150w, https:\/\/upla.cl\/noticias\/wp-content\/uploads\/2024\/11\/Conversatorio_GItano_Rodriguez_CSFelipe-9-768x581.jpg 768w, https:\/\/upla.cl\/noticias\/wp-content\/uploads\/2024\/11\/Conversatorio_GItano_Rodriguez_CSFelipe-9-1536x1161.jpg 1536w, https:\/\/upla.cl\/noticias\/wp-content\/uploads\/2024\/11\/Conversatorio_GItano_Rodriguez_CSFelipe-9.jpg 2032w\" sizes=\"auto, (max-width: 300px) 100vw, 300px\" \/><\/a>Tras la realizaci\u00f3n de esta charla, Silvia R\u00fchl inaugur\u00f3 en El Almendral <strong>la exposici\u00f3n de grabados de Osvaldo Rodr\u00edguez<\/strong> que lleva por nombre <strong>\u201cLa Casa Transparente\u201d,<\/strong> instancia a la cual fueron convocados a su vez representantes del campus San Felipe de la UPLA.<\/p>\n<p style=\"text-align: right;\">(Daniel Labb\u00e9 Y., periodista Direcci\u00f3n General de Vinculaci\u00f3n con el Medio \/ Campus San Felipe)<\/p>\n<div id='gallery-1' class='gallery galleryid-179206 gallery-columns-2 gallery-size-medium'><figure class='gallery-item'>\n\t\t\t<div class='gallery-icon landscape'>\n\t\t\t\t<a href='https:\/\/upla.cl\/noticias\/wp-content\/uploads\/2024\/11\/Conversatorio_GItano_Rodriguez_CSFelipe-2.jpg'><img loading=\"lazy\" decoding=\"async\" width=\"300\" height=\"227\" src=\"https:\/\/upla.cl\/noticias\/wp-content\/uploads\/2024\/11\/Conversatorio_GItano_Rodriguez_CSFelipe-2-300x227.jpg\" class=\"attachment-medium size-medium\" alt=\"\" srcset=\"https:\/\/upla.cl\/noticias\/wp-content\/uploads\/2024\/11\/Conversatorio_GItano_Rodriguez_CSFelipe-2-300x227.jpg 300w, https:\/\/upla.cl\/noticias\/wp-content\/uploads\/2024\/11\/Conversatorio_GItano_Rodriguez_CSFelipe-2-1024x774.jpg 1024w, https:\/\/upla.cl\/noticias\/wp-content\/uploads\/2024\/11\/Conversatorio_GItano_Rodriguez_CSFelipe-2-150x113.jpg 150w, https:\/\/upla.cl\/noticias\/wp-content\/uploads\/2024\/11\/Conversatorio_GItano_Rodriguez_CSFelipe-2-768x580.jpg 768w, https:\/\/upla.cl\/noticias\/wp-content\/uploads\/2024\/11\/Conversatorio_GItano_Rodriguez_CSFelipe-2-1536x1161.jpg 1536w, https:\/\/upla.cl\/noticias\/wp-content\/uploads\/2024\/11\/Conversatorio_GItano_Rodriguez_CSFelipe-2.jpg 1884w\" sizes=\"auto, (max-width: 300px) 100vw, 300px\" \/><\/a>\n\t\t\t<\/div><\/figure><figure class='gallery-item'>\n\t\t\t<div class='gallery-icon landscape'>\n\t\t\t\t<a href='https:\/\/upla.cl\/noticias\/wp-content\/uploads\/2024\/11\/Conversatorio_GItano_Rodriguez_CSFelipe-8.jpg'><img loading=\"lazy\" decoding=\"async\" width=\"300\" height=\"225\" src=\"https:\/\/upla.cl\/noticias\/wp-content\/uploads\/2024\/11\/Conversatorio_GItano_Rodriguez_CSFelipe-8-300x225.jpg\" class=\"attachment-medium size-medium\" alt=\"\" srcset=\"https:\/\/upla.cl\/noticias\/wp-content\/uploads\/2024\/11\/Conversatorio_GItano_Rodriguez_CSFelipe-8-300x225.jpg 300w, https:\/\/upla.cl\/noticias\/wp-content\/uploads\/2024\/11\/Conversatorio_GItano_Rodriguez_CSFelipe-8-1024x770.jpg 1024w, https:\/\/upla.cl\/noticias\/wp-content\/uploads\/2024\/11\/Conversatorio_GItano_Rodriguez_CSFelipe-8-150x113.jpg 150w, https:\/\/upla.cl\/noticias\/wp-content\/uploads\/2024\/11\/Conversatorio_GItano_Rodriguez_CSFelipe-8-768x577.jpg 768w, https:\/\/upla.cl\/noticias\/wp-content\/uploads\/2024\/11\/Conversatorio_GItano_Rodriguez_CSFelipe-8-1536x1154.jpg 1536w, https:\/\/upla.cl\/noticias\/wp-content\/uploads\/2024\/11\/Conversatorio_GItano_Rodriguez_CSFelipe-8.jpg 1868w\" sizes=\"auto, (max-width: 300px) 100vw, 300px\" \/><\/a>\n\t\t\t<\/div><\/figure><figure class='gallery-item'>\n\t\t\t<div class='gallery-icon landscape'>\n\t\t\t\t<a href='https:\/\/upla.cl\/noticias\/wp-content\/uploads\/2024\/11\/Conversatorio_GItano_Rodriguez_CSFelipe-7.jpg'><img loading=\"lazy\" decoding=\"async\" width=\"300\" height=\"207\" src=\"https:\/\/upla.cl\/noticias\/wp-content\/uploads\/2024\/11\/Conversatorio_GItano_Rodriguez_CSFelipe-7-300x207.jpg\" class=\"attachment-medium size-medium\" alt=\"\" srcset=\"https:\/\/upla.cl\/noticias\/wp-content\/uploads\/2024\/11\/Conversatorio_GItano_Rodriguez_CSFelipe-7-300x207.jpg 300w, https:\/\/upla.cl\/noticias\/wp-content\/uploads\/2024\/11\/Conversatorio_GItano_Rodriguez_CSFelipe-7-1024x706.jpg 1024w, https:\/\/upla.cl\/noticias\/wp-content\/uploads\/2024\/11\/Conversatorio_GItano_Rodriguez_CSFelipe-7-150x103.jpg 150w, https:\/\/upla.cl\/noticias\/wp-content\/uploads\/2024\/11\/Conversatorio_GItano_Rodriguez_CSFelipe-7-768x529.jpg 768w, https:\/\/upla.cl\/noticias\/wp-content\/uploads\/2024\/11\/Conversatorio_GItano_Rodriguez_CSFelipe-7-1536x1059.jpg 1536w, https:\/\/upla.cl\/noticias\/wp-content\/uploads\/2024\/11\/Conversatorio_GItano_Rodriguez_CSFelipe-7-2048x1412.jpg 2048w, https:\/\/upla.cl\/noticias\/wp-content\/uploads\/2024\/11\/Conversatorio_GItano_Rodriguez_CSFelipe-7-110x75.jpg 110w\" sizes=\"auto, (max-width: 300px) 100vw, 300px\" \/><\/a>\n\t\t\t<\/div><\/figure><figure class='gallery-item'>\n\t\t\t<div class='gallery-icon landscape'>\n\t\t\t\t<a href='https:\/\/upla.cl\/noticias\/wp-content\/uploads\/2024\/11\/Conversatorio_GItano_Rodriguez_CSFelipe-6.jpg'><img loading=\"lazy\" decoding=\"async\" width=\"300\" height=\"217\" src=\"https:\/\/upla.cl\/noticias\/wp-content\/uploads\/2024\/11\/Conversatorio_GItano_Rodriguez_CSFelipe-6-300x217.jpg\" class=\"attachment-medium size-medium\" alt=\"\" srcset=\"https:\/\/upla.cl\/noticias\/wp-content\/uploads\/2024\/11\/Conversatorio_GItano_Rodriguez_CSFelipe-6-300x217.jpg 300w, https:\/\/upla.cl\/noticias\/wp-content\/uploads\/2024\/11\/Conversatorio_GItano_Rodriguez_CSFelipe-6-1024x742.jpg 1024w, https:\/\/upla.cl\/noticias\/wp-content\/uploads\/2024\/11\/Conversatorio_GItano_Rodriguez_CSFelipe-6-150x109.jpg 150w, https:\/\/upla.cl\/noticias\/wp-content\/uploads\/2024\/11\/Conversatorio_GItano_Rodriguez_CSFelipe-6-768x556.jpg 768w, https:\/\/upla.cl\/noticias\/wp-content\/uploads\/2024\/11\/Conversatorio_GItano_Rodriguez_CSFelipe-6-1536x1113.jpg 1536w, https:\/\/upla.cl\/noticias\/wp-content\/uploads\/2024\/11\/Conversatorio_GItano_Rodriguez_CSFelipe-6-2048x1484.jpg 2048w\" sizes=\"auto, (max-width: 300px) 100vw, 300px\" \/><\/a>\n\t\t\t<\/div><\/figure>\n\t\t<\/div>\n\n","protected":false},"excerpt":{"rendered":"<p>La actividad que llev\u00f3 por nombre \u201cPara que lo vayamos conociendo\u201d se realiz\u00f3 en el marco de un convenio de colaboraci\u00f3n de la UPLA con la Corporaci\u00f3n CIEM Aconcagua.<\/p>\n","protected":false},"author":11,"featured_media":179211,"comment_status":"closed","ping_status":"closed","sticky":false,"template":"","format":"standard","meta":{"footnotes":""},"categories":[96,60,97,91],"tags":[],"class_list":["post-179206","post","type-post","status-publish","format-standard","has-post-thumbnail","","category-academicos","category-campus-san-felipe","category-estudiantes","category-vinculacion-con-el-medio"],"_links":{"self":[{"href":"https:\/\/upla.cl\/noticias\/wp-json\/wp\/v2\/posts\/179206","targetHints":{"allow":["GET"]}}],"collection":[{"href":"https:\/\/upla.cl\/noticias\/wp-json\/wp\/v2\/posts"}],"about":[{"href":"https:\/\/upla.cl\/noticias\/wp-json\/wp\/v2\/types\/post"}],"author":[{"embeddable":true,"href":"https:\/\/upla.cl\/noticias\/wp-json\/wp\/v2\/users\/11"}],"replies":[{"embeddable":true,"href":"https:\/\/upla.cl\/noticias\/wp-json\/wp\/v2\/comments?post=179206"}],"version-history":[{"count":0,"href":"https:\/\/upla.cl\/noticias\/wp-json\/wp\/v2\/posts\/179206\/revisions"}],"wp:featuredmedia":[{"embeddable":true,"href":"https:\/\/upla.cl\/noticias\/wp-json\/wp\/v2\/media\/179211"}],"wp:attachment":[{"href":"https:\/\/upla.cl\/noticias\/wp-json\/wp\/v2\/media?parent=179206"}],"wp:term":[{"taxonomy":"category","embeddable":true,"href":"https:\/\/upla.cl\/noticias\/wp-json\/wp\/v2\/categories?post=179206"},{"taxonomy":"post_tag","embeddable":true,"href":"https:\/\/upla.cl\/noticias\/wp-json\/wp\/v2\/tags?post=179206"}],"curies":[{"name":"wp","href":"https:\/\/api.w.org\/{rel}","templated":true}]}}