{"id":179508,"date":"2024-11-20T10:22:30","date_gmt":"2024-11-20T13:22:30","guid":{"rendered":"https:\/\/www.upla.cl\/noticias\/?p=179508"},"modified":"2025-10-30T18:20:30","modified_gmt":"2025-10-30T21:20:30","slug":"academica-upla-dra-irma-fuentes-nueva-coordinadora-nacional-de-educacion-astronomica","status":"publish","type":"post","link":"https:\/\/upla.cl\/noticias\/2024\/11\/20\/academica-upla-dra-irma-fuentes-nueva-coordinadora-nacional-de-educacion-astronomica\/","title":{"rendered":"Acad\u00e9mica UPLA, Dra. Irma Fuentes: Nueva Coordinadora Nacional de Educaci\u00f3n Astron\u00f3mica"},"content":{"rendered":"<p><a href=\"https:\/\/www.upla.cl\/noticias\/wp-content\/uploads\/2024\/03\/irma_fuentes.jpg\"><img loading=\"lazy\" decoding=\"async\" class=\"aligncenter wp-image-170186 size-large\" src=\"https:\/\/www.upla.cl\/noticias\/wp-content\/uploads\/2024\/03\/irma_fuentes-1024x683.jpg\" alt=\"\" width=\"1024\" height=\"683\" srcset=\"https:\/\/upla.cl\/noticias\/wp-content\/uploads\/2024\/03\/irma_fuentes-1024x683.jpg 1024w, https:\/\/upla.cl\/noticias\/wp-content\/uploads\/2024\/03\/irma_fuentes-300x200.jpg 300w, https:\/\/upla.cl\/noticias\/wp-content\/uploads\/2024\/03\/irma_fuentes-768x512.jpg 768w, https:\/\/upla.cl\/noticias\/wp-content\/uploads\/2024\/03\/irma_fuentes-1536x1025.jpg 1536w, https:\/\/upla.cl\/noticias\/wp-content\/uploads\/2024\/03\/irma_fuentes.jpg 1920w\" sizes=\"auto, (max-width: 1024px) 100vw, 1024px\" \/><\/a><\/p>\n<p>Felicitamos a la\u00a0<strong>acad\u00e9mica de\u00a0<a href=\"https:\/\/upla.cl\/facultad\/cienciasnaturalesyexactas\/carreras\/pedagogia-en-fisica\/\" target=\"_blank\" rel=\"noopener\">Pedagog\u00eda en F\u00edsica<\/a> <\/strong>de la<strong> Universidad de Playa Ancha <\/strong>y<strong> astr\u00f3noma, Dra. Irma Fuentes Morales<\/strong>, por su nombramiento como parte del nuevo equipo de Coordinadores Nacionales de Educaci\u00f3n Astron\u00f3mica, NAEC.<\/p>\n<p>Los equipos NAEC representan a la Oficina de Astronom\u00eda para la Educaci\u00f3n de la Uni\u00f3n Astron\u00f3mica Internacional en 108 pa\u00edses.<\/p>\n<p>La doctora en Astrof\u00edsica por la Universidad de Valpara\u00edso, Irma Fuentes, imparte en la UPLA la asignatura de Astronom\u00eda a los futuros docentes de F\u00edsica y trabaja en estrategias para que ellos\u00a0 lleven dicha disciplina a las aulas. Paralelamente, es investigadora postdoctoral del N\u00facleo Milenio sobre exoplanetas j\u00f3venes y sus exolunas (YEMS), y es asesora cient\u00edfica del equipo pedag\u00f3gico del Centro Interdisciplinario de Estudios de Astrof\u00edsica y\u00a0 Ciencias Espaciales (CIRAS) de la Universidad de Santiago de Chile (USACH).<\/p>\n<p>La Dra. Fuentes sostuvo que el equipo NAEC\u00a0 tiene como objetivo principal analizar el estado actual de la educaci\u00f3n astron\u00f3mica en el pa\u00eds y promover su profesionalizaci\u00f3n.<\/p>\n<p>\u00abLa ubicaci\u00f3n privilegiada de Chile para la investigaci\u00f3n astron\u00f3mica hace que la educaci\u00f3n en este campo sea de gran relevancia. Sin embargo, la astronom\u00eda en la educaci\u00f3n chilena se encuentra limitada por la poca presencia en el curr\u00edculum escolar y la baja capacitaci\u00f3n docente en ciencias. Esto limita la ense\u00f1anza de la astronom\u00eda en las aulas. NAEC busca contribuir a una capacitaci\u00f3n homog\u00e9nea para los docentes, proporcion\u00e1ndoles herramientas necesarias para ense\u00f1ar esta ciencia de manera efectiva\u00bb, explic\u00f3 la docente, quien en marzo de este a\u00f1o fue <strong><a href=\"https:\/\/www.upla.cl\/noticias\/2024\/03\/21\/dra-irma-fuentes-es-fundamental-incluir-mas-contenidos-astronomicos-en-el-sistema-educativo-formal-chileno\/\">entrevistada<\/a><\/strong> por la Direcci\u00f3n General de Comunicaciones de nuestra casa de estudios y reflexionaba sobre lo poco conocida que la Astronom\u00eda en el sistema educacional, lo cual se contradice con un pa\u00eds que, en la pr\u00f3xima d\u00e9cada, concentrar\u00e1 el 70% de los telescopios del mundo.<\/p>\n<p>Agreg\u00f3 que la Astronom\u00eda es una ciencia que despierta gran inter\u00e9s en estudiantes y p\u00fablico general, \u00abpor lo que puede servir como herramienta para atraer a los estudiantes hacia las carreras STEM (relacionadas con la ciencia, tecnolog\u00eda, ingenier\u00eda y matem\u00e1tica), ya que su car\u00e1cter interdisciplinario la convierte en un contexto ideal para la ense\u00f1anza de m\u00faltiples asignaturas en la ense\u00f1anza media, motivando a los estudiantes hacia la ciencia.<\/p>\n<p>Con su nombramiento, la Dra. Irma Fuentes se suma a los esfuerzos internacionales por promover la educaci\u00f3n astron\u00f3mica y contribuir a la formaci\u00f3n de futuras generaciones de cient\u00edficos y ciudadanos m\u00e1s informados sobre el universo.<\/p>\n","protected":false},"excerpt":{"rendered":"<p>Ante el desaf\u00edo de una baja presencia de la astronom\u00eda en el curr\u00edculo escolar, la acad\u00e9mica de la carrera de Pedagog\u00eda en F\u00edsica de nuestra Universidad asume rol clave en la promoci\u00f3n de la educaci\u00f3n astron\u00f3mica a nivel nacional y el fortalecimiento de la ense\u00f1anza de las ciencias en Chile.<\/p>\n","protected":false},"author":10,"featured_media":170186,"comment_status":"closed","ping_status":"closed","sticky":false,"template":"","format":"standard","meta":{"footnotes":""},"categories":[51,96,40,101,75,43,725,91],"tags":[],"class_list":["post-179508","post","type-post","status-publish","format-standard","has-post-thumbnail","","category-academia","category-academicos","category-destacados","category-docencia","category-facultad-de-ciencias-naturales-y-exactas","category-investigacion","category-pedagogia-en-educacion-fisica","category-vinculacion-con-el-medio"],"_links":{"self":[{"href":"https:\/\/upla.cl\/noticias\/wp-json\/wp\/v2\/posts\/179508","targetHints":{"allow":["GET"]}}],"collection":[{"href":"https:\/\/upla.cl\/noticias\/wp-json\/wp\/v2\/posts"}],"about":[{"href":"https:\/\/upla.cl\/noticias\/wp-json\/wp\/v2\/types\/post"}],"author":[{"embeddable":true,"href":"https:\/\/upla.cl\/noticias\/wp-json\/wp\/v2\/users\/10"}],"replies":[{"embeddable":true,"href":"https:\/\/upla.cl\/noticias\/wp-json\/wp\/v2\/comments?post=179508"}],"version-history":[{"count":0,"href":"https:\/\/upla.cl\/noticias\/wp-json\/wp\/v2\/posts\/179508\/revisions"}],"wp:featuredmedia":[{"embeddable":true,"href":"https:\/\/upla.cl\/noticias\/wp-json\/wp\/v2\/media\/170186"}],"wp:attachment":[{"href":"https:\/\/upla.cl\/noticias\/wp-json\/wp\/v2\/media?parent=179508"}],"wp:term":[{"taxonomy":"category","embeddable":true,"href":"https:\/\/upla.cl\/noticias\/wp-json\/wp\/v2\/categories?post=179508"},{"taxonomy":"post_tag","embeddable":true,"href":"https:\/\/upla.cl\/noticias\/wp-json\/wp\/v2\/tags?post=179508"}],"curies":[{"name":"wp","href":"https:\/\/api.w.org\/{rel}","templated":true}]}}