{"id":179545,"date":"2024-11-13T12:12:57","date_gmt":"2024-11-13T15:12:57","guid":{"rendered":"https:\/\/www.upla.cl\/noticias\/?p=179545"},"modified":"2024-11-13T12:48:35","modified_gmt":"2024-11-13T15:48:35","slug":"upla-convoco-a-alrededor-de-300-estudiantes-de-ensenanza-media-a-experiencia-teatral-con-destacada-obra-el-nudo","status":"publish","type":"post","link":"https:\/\/upla.cl\/noticias\/2024\/11\/13\/upla-convoco-a-alrededor-de-300-estudiantes-de-ensenanza-media-a-experiencia-teatral-con-destacada-obra-el-nudo\/","title":{"rendered":"UPLA convoc\u00f3 a alrededor de 300 estudiantes de Ense\u00f1anza Media a experiencia teatral con destacada obra \u201cEl Nudo\u201d"},"content":{"rendered":"<p><a href=\"https:\/\/www.upla.cl\/noticias\/wp-content\/uploads\/2024\/11\/ElNudo1.jpg\"><img loading=\"lazy\" decoding=\"async\" class=\"alignright wp-image-179547\" src=\"https:\/\/www.upla.cl\/noticias\/wp-content\/uploads\/2024\/11\/ElNudo1-1024x678.jpg\" alt=\"\" width=\"357\" height=\"236\" srcset=\"https:\/\/upla.cl\/noticias\/wp-content\/uploads\/2024\/11\/ElNudo1-1024x678.jpg 1024w, https:\/\/upla.cl\/noticias\/wp-content\/uploads\/2024\/11\/ElNudo1-300x199.jpg 300w, https:\/\/upla.cl\/noticias\/wp-content\/uploads\/2024\/11\/ElNudo1-150x99.jpg 150w, https:\/\/upla.cl\/noticias\/wp-content\/uploads\/2024\/11\/ElNudo1-768x509.jpg 768w, https:\/\/upla.cl\/noticias\/wp-content\/uploads\/2024\/11\/ElNudo1-1536x1018.jpg 1536w, https:\/\/upla.cl\/noticias\/wp-content\/uploads\/2024\/11\/ElNudo1-310x205.jpg 310w, https:\/\/upla.cl\/noticias\/wp-content\/uploads\/2024\/11\/ElNudo1.jpg 1920w\" sizes=\"auto, (max-width: 357px) 100vw, 357px\" \/><\/a>Como una <strong>labor cultural, educativa y formadora en el sentido de generar p\u00fablicos y convocar a potenciales estudiantes de teatro<\/strong> fue catalogada la presentaci\u00f3n y mediaci\u00f3n de la <strong>obra \u201cEl Nudo\u201d en el Teatro Municipal de Vi\u00f1a del Mar<\/strong>, actividad dirigida a <strong>estudiantes de Ense\u00f1anza Media de la Regi\u00f3n de Valpara\u00edso<\/strong> y pensada en generar una experiencia teatral \u00fanica en un espacio de las caracter\u00edsticas que reviste el edificio patrimonial vi\u00f1amarino.<\/p>\n<p>La funci\u00f3n de la puesta en escena de la <strong>compa\u00f1\u00eda La Mala Clase<\/strong> <strong>congreg\u00f3 a alrededor de 300 j\u00f3venes<\/strong>, p\u00fablico adolescente proveniente principalmente de establecimientos educacionales con perfil art\u00edstico, quienes fueron testigo en primera persona de esta representaci\u00f3n teatral que explora a trav\u00e9s del absurdo y el humor, c\u00f3mo un liceo de la comuna de La Uni\u00f3n, en el sur de Chile, enfrenta la llegada del movimiento feminista y los cambios que eso genera en la comunidad escolar.<\/p>\n<p><a href=\"https:\/\/www.upla.cl\/noticias\/wp-content\/uploads\/2024\/11\/ElNudo5.jpg\"><img loading=\"lazy\" decoding=\"async\" class=\"alignright size-medium wp-image-179548\" src=\"https:\/\/www.upla.cl\/noticias\/wp-content\/uploads\/2024\/11\/ElNudo5-300x199.jpg\" alt=\"\" width=\"300\" height=\"199\" srcset=\"https:\/\/upla.cl\/noticias\/wp-content\/uploads\/2024\/11\/ElNudo5-300x199.jpg 300w, https:\/\/upla.cl\/noticias\/wp-content\/uploads\/2024\/11\/ElNudo5-1024x678.jpg 1024w, https:\/\/upla.cl\/noticias\/wp-content\/uploads\/2024\/11\/ElNudo5-150x99.jpg 150w, https:\/\/upla.cl\/noticias\/wp-content\/uploads\/2024\/11\/ElNudo5-768x509.jpg 768w, https:\/\/upla.cl\/noticias\/wp-content\/uploads\/2024\/11\/ElNudo5-1536x1018.jpg 1536w, https:\/\/upla.cl\/noticias\/wp-content\/uploads\/2024\/11\/ElNudo5-310x205.jpg 310w, https:\/\/upla.cl\/noticias\/wp-content\/uploads\/2024\/11\/ElNudo5.jpg 1920w\" sizes=\"auto, (max-width: 300px) 100vw, 300px\" \/><\/a><strong>Stefan\u00eda Aedo, actriz e integrante de la compa\u00f1\u00eda teatral<\/strong> explic\u00f3: \u201cNuestra compa\u00f1\u00eda ha trabajado por m\u00e1s de 10 a\u00f1os en vincular el teatro y la educaci\u00f3n, sobre todo por la importancia de generar estas experiencias para estudiantes. Las (nuestras) obras traen tem\u00e1ticas que despu\u00e9s podemos trabajar con los estudiantes en el aula y as\u00ed entender que el teatro es una herramienta pedag\u00f3gica. El teatro aplicado se puede trabajar en todas las esferas y en la educaci\u00f3n, creo que ese es uno de los momentos donde podemos sacarle m\u00e1s provecho a la potencialidad del teatro\u201d.<\/p>\n<p><strong>Andr\u00e9s Hern\u00e1ndez Hidalgo, director de la carrera de Teatro<\/strong> de la Facultad de Arte UPLA, reconoci\u00f3 que \u201cuna actividad como esta es fundamental porque tem\u00e1ticamente o espec\u00edficamente desde la disciplina teatral, con la funci\u00f3n de la obra y posterior mediaci\u00f3n, se puede convocar a una gran cantidad de estudiantes de distintos centros con inter\u00e9s en la actividad teatral. A diferencia de lo que es un \u2018Puertas Abiertas\u2019, que es mucho m\u00e1s amplio y transversal, ac\u00e1 se puede ver una posibilidad m\u00e1s especifica, porque no es habitual el poder concentrar tantos estudiantes en una sola actividad como lo fue esta presentaci\u00f3n de obra\u201d.<\/p>\n<p><a href=\"https:\/\/www.upla.cl\/noticias\/wp-content\/uploads\/2024\/11\/ElNudo3.jpg\"><img loading=\"lazy\" decoding=\"async\" class=\"alignright size-medium wp-image-179550\" src=\"https:\/\/www.upla.cl\/noticias\/wp-content\/uploads\/2024\/11\/ElNudo3-300x199.jpg\" alt=\"\" width=\"300\" height=\"199\" srcset=\"https:\/\/upla.cl\/noticias\/wp-content\/uploads\/2024\/11\/ElNudo3-300x199.jpg 300w, https:\/\/upla.cl\/noticias\/wp-content\/uploads\/2024\/11\/ElNudo3-1024x678.jpg 1024w, https:\/\/upla.cl\/noticias\/wp-content\/uploads\/2024\/11\/ElNudo3-150x99.jpg 150w, https:\/\/upla.cl\/noticias\/wp-content\/uploads\/2024\/11\/ElNudo3-768x509.jpg 768w, https:\/\/upla.cl\/noticias\/wp-content\/uploads\/2024\/11\/ElNudo3-1536x1018.jpg 1536w, https:\/\/upla.cl\/noticias\/wp-content\/uploads\/2024\/11\/ElNudo3-310x205.jpg 310w, https:\/\/upla.cl\/noticias\/wp-content\/uploads\/2024\/11\/ElNudo3.jpg 1920w\" sizes=\"auto, (max-width: 300px) 100vw, 300px\" \/><\/a>Respecto a si este tipo de actividades tributar\u00e1n en la captaci\u00f3n futura de nuevas y nuevos estudiantes, el acad\u00e9mico de Teatro, dijo que \u201ceste trabajo es uno de los potenciales factores que permitir\u00e1n, en primer lugar, ampliar el conocimiento de la universidad en las y los j\u00f3venes y en consecuencia de la Sala de Arte Esc\u00e9nico y de la carrera de Teatro como tal. En ese sentido creo que es una de tantas posibilidades que podr\u00eda facilitar el ingreso de estudiantes a esta carrea en los pr\u00f3ximos a\u00f1os\u201d.<\/p>\n<p><strong>Giulio Ferretto Salinas, director de la Sala de Arte Esc\u00e9nico<\/strong> (SAE), agreg\u00f3 que la presentaci\u00f3n de la obra y mediaci\u00f3n es un <strong>hito propuesto en alianza con el Teatro Municipal<\/strong> para promover la carrera, la <strong><a href=\"https:\/\/www.salateatroupla.cl\/\">SAE<\/a> y la <a href=\"https:\/\/upla.cl\/facultad\/arte\/\">Facultad de Arte<\/a><\/strong>. \u201cEstamos muy contentos porque a trav\u00e9s de estos procesos de mediaci\u00f3n uno puede contagiar a los futuros estudiantes de primer a\u00f1o. Para nosotros es relevante esto, por eso estamos aqu\u00ed y por eso hemos creado esta doble oportunidad de ver teatro y dialogar con las y los integrantes de la compa\u00f1\u00eda\u201d.<\/p>\n<p><a href=\"https:\/\/www.upla.cl\/noticias\/wp-content\/uploads\/2024\/11\/ElNudo2.jpg\"><img loading=\"lazy\" decoding=\"async\" class=\"alignright size-medium wp-image-179551\" src=\"https:\/\/www.upla.cl\/noticias\/wp-content\/uploads\/2024\/11\/ElNudo2-300x199.jpg\" alt=\"\" width=\"300\" height=\"199\" srcset=\"https:\/\/upla.cl\/noticias\/wp-content\/uploads\/2024\/11\/ElNudo2-300x199.jpg 300w, https:\/\/upla.cl\/noticias\/wp-content\/uploads\/2024\/11\/ElNudo2-1024x678.jpg 1024w, https:\/\/upla.cl\/noticias\/wp-content\/uploads\/2024\/11\/ElNudo2-150x99.jpg 150w, https:\/\/upla.cl\/noticias\/wp-content\/uploads\/2024\/11\/ElNudo2-768x509.jpg 768w, https:\/\/upla.cl\/noticias\/wp-content\/uploads\/2024\/11\/ElNudo2-1536x1018.jpg 1536w, https:\/\/upla.cl\/noticias\/wp-content\/uploads\/2024\/11\/ElNudo2-310x205.jpg 310w, https:\/\/upla.cl\/noticias\/wp-content\/uploads\/2024\/11\/ElNudo2.jpg 1920w\" sizes=\"auto, (max-width: 300px) 100vw, 300px\" \/><\/a>\u201cLa importancia tambi\u00e9n para la carrera de Teatro de la UPLA es que despu\u00e9s de mucho tiempo, este a\u00f1o no tendremos Prueba de Admisi\u00f3n, entonces por primera vez en la historia vamos a tener solamente entrada de alumnos y alumnas a trav\u00e9s del puntaje PAES, por lo que esperamos que hitos como este ayuden a incrementar las nuevas matriculas. Decir que esta es la primera actividad de este tipo en esa direcci\u00f3n, y que continuar\u00e1n en 2025 cuando nuestra Sala de Arte Esc\u00e9nico est\u00e9 completamente renovada\u201d, finaliz\u00f3.<\/p>\n<p>La presentaci\u00f3n de esta obra es parte del <strong>proyecto ejecutado por la Universidad de Playa Ancha<\/strong>, a trav\u00e9s de la Facultad de Arte y <strong>financiado por el Ministerio de Educaci\u00f3n<\/strong> a trav\u00e9s del fondo de <strong>Aportes para el Desarrollo de Actividades de Inter\u00e9s Nacional (ADAIN) 2023<\/strong>, y que depende de la <strong>Direcci\u00f3n General de Vinculaci\u00f3n con el Medio<\/strong> (DGVM); busca contribuir al bienestar emocional de ocho comunidades educativas de Valpara\u00edso, Vi\u00f1a del Mar, Quilpu\u00e9 y Casablanca, a trav\u00e9s de la implementaci\u00f3n de un plan de extensi\u00f3n de arte, cultura y patrimonio.<\/p>\n<div class=\"ose-youtube ose-uid-a40b4fba4f6350d216b25896b2626f33 ose-embedpress-responsive\" style=\"width:600px; height:550px; max-height:550px; max-width:100%; display:inline-block;\" data-embed-type=\"Youtube\"><iframe loading=\"lazy\" allowFullScreen=\"true\" title=\"UPLA y Teatro Municipal de Vi\u00f1a se unen para presentar obra \u201cEl Nudo\u201d\" width=\"600\" height=\"550\" src=\"https:\/\/www.youtube.com\/embed\/_d2woUUIglQ?feature=oembed&color=red&rel=0&controls=1&start=&end=&fs=0&iv_load_policy=0&autoplay=0&mute=0&modestbranding=0&cc_load_policy=1&playsinline=1\" frameborder=\"0\" allow=\"accelerometer; encrypted-media;accelerometer;autoplay;clipboard-write;gyroscope;picture-in-picture clipboard-write; encrypted-media; gyroscope; picture-in-picture; web-share\" referrerpolicy=\"strict-origin-when-cross-origin\" allowfullscreen><\/iframe><\/div>\n","protected":false},"excerpt":{"rendered":"<p>Montaje de la compa\u00f1\u00eda La Mala Clase forma parte del proyecto ADAIN y fue presentada en el Teatro Municipal de Vi\u00f1a del Mar, en alianza con la Direcci\u00f3n de Vinculaci\u00f3n con el Medio y la Sala de Arte Esc\u00e9nico de la Universidad de Playa Ancha.<\/p>\n","protected":false},"author":21,"featured_media":179547,"comment_status":"closed","ping_status":"closed","sticky":false,"template":"","format":"standard","meta":{"footnotes":""},"categories":[51,212,52,40,97,71,208,91],"tags":[455,215,191,214,456,216,429],"class_list":["post-179545","post","type-post","status-publish","format-standard","has-post-thumbnail","","category-academia","category-admision","category-cultura","category-destacados","category-estudiantes","category-facultad-de-arte","category-sala-upla","category-vinculacion-con-el-medio","tag-el-nudo","tag-facultad-de-arte","tag-sala-upla","tag-teatro","tag-teatro-municipal","tag-upla","tag-vina"],"_links":{"self":[{"href":"https:\/\/upla.cl\/noticias\/wp-json\/wp\/v2\/posts\/179545","targetHints":{"allow":["GET"]}}],"collection":[{"href":"https:\/\/upla.cl\/noticias\/wp-json\/wp\/v2\/posts"}],"about":[{"href":"https:\/\/upla.cl\/noticias\/wp-json\/wp\/v2\/types\/post"}],"author":[{"embeddable":true,"href":"https:\/\/upla.cl\/noticias\/wp-json\/wp\/v2\/users\/21"}],"replies":[{"embeddable":true,"href":"https:\/\/upla.cl\/noticias\/wp-json\/wp\/v2\/comments?post=179545"}],"version-history":[{"count":0,"href":"https:\/\/upla.cl\/noticias\/wp-json\/wp\/v2\/posts\/179545\/revisions"}],"wp:featuredmedia":[{"embeddable":true,"href":"https:\/\/upla.cl\/noticias\/wp-json\/wp\/v2\/media\/179547"}],"wp:attachment":[{"href":"https:\/\/upla.cl\/noticias\/wp-json\/wp\/v2\/media?parent=179545"}],"wp:term":[{"taxonomy":"category","embeddable":true,"href":"https:\/\/upla.cl\/noticias\/wp-json\/wp\/v2\/categories?post=179545"},{"taxonomy":"post_tag","embeddable":true,"href":"https:\/\/upla.cl\/noticias\/wp-json\/wp\/v2\/tags?post=179545"}],"curies":[{"name":"wp","href":"https:\/\/api.w.org\/{rel}","templated":true}]}}