{"id":179824,"date":"2024-11-20T14:48:28","date_gmt":"2024-11-20T17:48:28","guid":{"rendered":"https:\/\/www.upla.cl\/noticias\/?p=179824"},"modified":"2024-11-20T14:49:18","modified_gmt":"2024-11-20T17:49:18","slug":"territorio-y-cultura-expertos-bolivianos-inspiran-a-estudiantes-upla","status":"publish","type":"post","link":"https:\/\/upla.cl\/noticias\/2024\/11\/20\/territorio-y-cultura-expertos-bolivianos-inspiran-a-estudiantes-upla\/","title":{"rendered":"Territorio y Cultura: Expertos bolivianos inspiran a estudiantes UPLA"},"content":{"rendered":"<p data-sourcepos=\"7:1-7:274\"><a href=\"https:\/\/www.upla.cl\/noticias\/wp-content\/uploads\/2024\/11\/activifdad_internacional_upla_bolivia_jpg.jpg\"><img loading=\"lazy\" decoding=\"async\" class=\"aligncenter size-large wp-image-179826\" src=\"https:\/\/www.upla.cl\/noticias\/wp-content\/uploads\/2024\/11\/activifdad_internacional_upla_bolivia_jpg-1024x414.jpg\" alt=\"\" width=\"618\" height=\"250\" srcset=\"https:\/\/upla.cl\/noticias\/wp-content\/uploads\/2024\/11\/activifdad_internacional_upla_bolivia_jpg-1024x414.jpg 1024w, https:\/\/upla.cl\/noticias\/wp-content\/uploads\/2024\/11\/activifdad_internacional_upla_bolivia_jpg-300x121.jpg 300w, https:\/\/upla.cl\/noticias\/wp-content\/uploads\/2024\/11\/activifdad_internacional_upla_bolivia_jpg-150x61.jpg 150w, https:\/\/upla.cl\/noticias\/wp-content\/uploads\/2024\/11\/activifdad_internacional_upla_bolivia_jpg-768x311.jpg 768w, https:\/\/upla.cl\/noticias\/wp-content\/uploads\/2024\/11\/activifdad_internacional_upla_bolivia_jpg.jpg 1088w\" sizes=\"auto, (max-width: 618px) 100vw, 618px\" \/><\/a><\/p>\n<p data-sourcepos=\"7:1-7:274\">En el marco del curso sello franja \u00ab<em>Territorio<\/em><i> como base de la Interculturalidad\u00bb, <\/i>que imparte el acad\u00e9mico de la <strong><a href=\"https:\/\/upla.cl\/facultad\/cienciasnaturalesyexactas\/\">Facultad de Ciencias Naturales y Exactas<\/a>, ge\u00f3grafo Gast\u00f3n Gaete<\/strong>, sus estudiantes participaron de manera online, de dos charlas desarrolladas por la licenciada de la Universidad San Francisco Xavier de Chuquisaca, y exdirectora del Departamento de Turismo del Gobierno Aut\u00f3nomo de Potos\u00ed, Bolivia, Marcela James, y por el viceministro de Patrimonio e Industrias Culturales y Creativas del Ministerio de Culturas de Bolivia.<\/p>\n<p data-sourcepos=\"7:1-7:274\">En la actividad estuvieron presentes tambi\u00e9n el secretario acad\u00e9mico de la Facultad de Ciencias Naturales y Exactas, Dr. Mauricio Villarroel, y el director general de Relaciones Internacionales, Dr. Felip Gasc\u00f3n.<\/p>\n<p data-sourcepos=\"7:1-7:274\"><strong>\u00abPotos\u00ed. Un territorio intercultural\u00bb<\/strong>, se titul\u00f3 la exposici\u00f3n de la <strong>licenciada Marcela James<\/strong>, que sumergi\u00f3 a los asistentes\u00a0en la fascinante historia de una ciudad que se convirti\u00f3 en un crisol de culturas. El descubrimiento de las ricas vetas de plata en el Cerro Rico atrajo a personas de todo el mundo a esta regi\u00f3n remota de Sudam\u00e9rica.<\/p>\n<p data-sourcepos=\"9:1-9:494\">La coexistencia de t\u00e9cnicas mineras ind\u00edgenas y europeas, as\u00ed como la llegada de personas de diversas procedencias, dio lugar a una mezcla \u00fanica de tradiciones y costumbres. \u00abPotos\u00ed se transform\u00f3 en un centro econ\u00f3mico y cultural de gran importancia, donde se intercambiaban ideas y se constru\u00eda una nueva identidad. La arquitectura de la ciudad refleja esta fusi\u00f3n de culturas, como se evidencia en el Templo de San Lorenzo, donde elementos ind\u00edgenas y europeos se combinan de manera armoniosa\u00bb, expres\u00f3 James.<\/p>\n<p data-sourcepos=\"11:1-11:345\">La riqueza y diversidad de Potos\u00ed la convirtieron en un lugar emblem\u00e1tico para estudiar los procesos de colonizaci\u00f3n, globalizaci\u00f3n e intercambio cultural en las Am\u00e9ricas. El legado de esta ciudad contin\u00faa siendo relevante en la actualidad, y su historia invita a reflexionar sobre la complejidad y riqueza de las sociedades multiculturales.<\/p>\n<p data-sourcepos=\"11:1-11:345\"><strong>Territorialidades\u00a0 interculturales: Espacios sagrados<\/strong><\/p>\n<p data-sourcepos=\"11:1-11:345\">En tanto, el <strong>viceministro de Patrimonio e Industrias Culturales Creativas del Ministerio de Culturas del pa\u00eds vecino, Juan Carlos Cordero<\/strong>, dio cuenta de un documento que est\u00e1 en proceso de desarrollo, referido a territorialidades\u00a0 interculturales concebidas tambi\u00e9n como espacios sagrados.<\/p>\n<p data-sourcepos=\"3:1-3:210\">La autoridad\u00a0 profundiz\u00f3 en la intr\u00ednseca relaci\u00f3n entre los pueblos andinos y su territorio, enfatizando la importancia del concepto de Pacha y la reciprocidad como pilares fundamentales de su cosmovisi\u00f3n.<\/p>\n<p data-sourcepos=\"5:1-5:436\">El concepto de Pacha, que engloba los tres mundos (cielo, tierra e inframundo), es central en la cosmovisi\u00f3n andina. Pacha no es solo un espacio f\u00edsico, sino tambi\u00e9n un espacio espiritual que permea todas las esferas de la vida. A trav\u00e9s de ejemplos como el Carnaval de Oruro y el culto a Cerro Rico, se evidencia la profunda conexi\u00f3n entre los pueblos andinos y los elementos naturales, considerados sagrados y generadores de vida.<\/p>\n<p data-sourcepos=\"7:1-7:324\">\u00abLa reciprocidad, otro principio fundamental,\u00a0 se manifiesta en la relaci\u00f3n entre los humanos y la naturaleza. Esta relaci\u00f3n se basa en el respeto mutuo y en el intercambio de bienes y servicios\u00bb, sostuvo Cordero, ejemplificando dicho principio a trav\u00e9s de diversas pr\u00e1cticas culturales, como la agricultura, la m\u00fasica y los rituales.<\/p>\n<p data-sourcepos=\"9:1-9:482\">El viceministro tambi\u00e9n abord\u00f3 la lucha hist\u00f3rica de los pueblos ind\u00edgenas por el reconocimiento de sus derechos territoriales. Mencion\u00f3 las diversas marchas y movilizaciones que han llevado a cabo para exigir la titulaci\u00f3n de sus tierras, la autonom\u00eda y el respeto a sus cosmovisiones. La Constituci\u00f3n Pol\u00edtica del Estado Plurinacional de Bolivia, que reconoce los derechos de los pueblos ind\u00edgenas y la importancia de sus territorios, fue presentada como un hito en este proceso.<\/p>\n<p data-sourcepos=\"11:1-11:328\">El curso sello franja \u00ab<em>Territorio<\/em><i> como base de la Interculturalidad\u00bb <\/i>que dicta el ge\u00f3grafo Gast\u00f3n Gaete en la Universidad de Playa Ancha, tambi\u00e9n convoc\u00f3 en otra oportunidad de manera virtual, al abogado y polit\u00f3logo boliviano, Jeffry Kafka Delgado, especialista en\u00a0 Geopol\u00edtica de los Recursos Naturales, quien comparti\u00f3 la ponencia \u00abT<i>erritorio y tierras\u00bb.<\/i><\/p>\n","protected":false},"excerpt":{"rendered":"<p> La historia de Potos\u00ed y la cosmovisi\u00f3n andina fueron los ejes centrales de una enriquecedora jornada acad\u00e9mica organizada por el ge\u00f3grafo Gast\u00f3n Gaete sobre interculturalidad.<\/p>\n","protected":false},"author":10,"featured_media":179826,"comment_status":"closed","ping_status":"closed","sticky":false,"template":"","format":"standard","meta":{"footnotes":""},"categories":[51,96,40,101,97,75,43,86,91],"tags":[],"class_list":["post-179824","post","type-post","status-publish","format-standard","has-post-thumbnail","","category-academia","category-academicos","category-destacados","category-docencia","category-estudiantes","category-facultad-de-ciencias-naturales-y-exactas","category-investigacion","category-relaciones-internacionales","category-vinculacion-con-el-medio"],"_links":{"self":[{"href":"https:\/\/upla.cl\/noticias\/wp-json\/wp\/v2\/posts\/179824","targetHints":{"allow":["GET"]}}],"collection":[{"href":"https:\/\/upla.cl\/noticias\/wp-json\/wp\/v2\/posts"}],"about":[{"href":"https:\/\/upla.cl\/noticias\/wp-json\/wp\/v2\/types\/post"}],"author":[{"embeddable":true,"href":"https:\/\/upla.cl\/noticias\/wp-json\/wp\/v2\/users\/10"}],"replies":[{"embeddable":true,"href":"https:\/\/upla.cl\/noticias\/wp-json\/wp\/v2\/comments?post=179824"}],"version-history":[{"count":0,"href":"https:\/\/upla.cl\/noticias\/wp-json\/wp\/v2\/posts\/179824\/revisions"}],"wp:featuredmedia":[{"embeddable":true,"href":"https:\/\/upla.cl\/noticias\/wp-json\/wp\/v2\/media\/179826"}],"wp:attachment":[{"href":"https:\/\/upla.cl\/noticias\/wp-json\/wp\/v2\/media?parent=179824"}],"wp:term":[{"taxonomy":"category","embeddable":true,"href":"https:\/\/upla.cl\/noticias\/wp-json\/wp\/v2\/categories?post=179824"},{"taxonomy":"post_tag","embeddable":true,"href":"https:\/\/upla.cl\/noticias\/wp-json\/wp\/v2\/tags?post=179824"}],"curies":[{"name":"wp","href":"https:\/\/api.w.org\/{rel}","templated":true}]}}