{"id":180223,"date":"2024-11-27T15:30:37","date_gmt":"2024-11-27T18:30:37","guid":{"rendered":"https:\/\/www.upla.cl\/noticias\/?p=180223"},"modified":"2024-11-28T10:30:16","modified_gmt":"2024-11-28T13:30:16","slug":"libro-interactivo-de-lectoescritura-musical-fue-presentado-por-mario-arenas-en-la-facultad-de-arte","status":"publish","type":"post","link":"https:\/\/upla.cl\/noticias\/2024\/11\/27\/libro-interactivo-de-lectoescritura-musical-fue-presentado-por-mario-arenas-en-la-facultad-de-arte\/","title":{"rendered":"Libro interactivo de lectoescritura musical fue presentado por Mario Arenas en la Facultad de Arte"},"content":{"rendered":"<p><a href=\"https:\/\/www.upla.cl\/noticias\/wp-content\/uploads\/2024\/11\/Mario-Arenas1.jpg\"><img loading=\"lazy\" decoding=\"async\" class=\"alignright wp-image-180224\" src=\"https:\/\/www.upla.cl\/noticias\/wp-content\/uploads\/2024\/11\/Mario-Arenas1-1024x678.jpg\" alt=\"\" width=\"357\" height=\"236\" srcset=\"https:\/\/upla.cl\/noticias\/wp-content\/uploads\/2024\/11\/Mario-Arenas1-1024x678.jpg 1024w, https:\/\/upla.cl\/noticias\/wp-content\/uploads\/2024\/11\/Mario-Arenas1-300x199.jpg 300w, https:\/\/upla.cl\/noticias\/wp-content\/uploads\/2024\/11\/Mario-Arenas1-150x99.jpg 150w, https:\/\/upla.cl\/noticias\/wp-content\/uploads\/2024\/11\/Mario-Arenas1-768x509.jpg 768w, https:\/\/upla.cl\/noticias\/wp-content\/uploads\/2024\/11\/Mario-Arenas1-1536x1018.jpg 1536w, https:\/\/upla.cl\/noticias\/wp-content\/uploads\/2024\/11\/Mario-Arenas1-310x205.jpg 310w, https:\/\/upla.cl\/noticias\/wp-content\/uploads\/2024\/11\/Mario-Arenas1.jpg 1920w\" sizes=\"auto, (max-width: 357px) 100vw, 357px\" \/><\/a>En el contexto del \u201cIV Coloquio en Investigaci\u00f3n\u201d que organiza la carrera de Pedagog\u00eda en Educaci\u00f3n Musical, el acad\u00e9mico, mag\u00edster en Composici\u00f3n y Dr. en Ciencias de la Educaci\u00f3n, menci\u00f3n Educaci\u00f3n Intercultural de la Universidad de La Serena, Mario Arenas Navarrete, present\u00f3 en la Facultad de Arte UPLA su libro titulado \u201cEducaci\u00f3n auditiva y Lectoescritura Musical: Estudios Interactivos\u201d.<\/p>\n<p>Esta publicaci\u00f3n, editable y orientada a la educaci\u00f3n audita, se caracteriza por ser un material interactivo que se encuentra alojado en internet, plataforma que permite su transformaci\u00f3n y adaptaci\u00f3n para diferentes estudios de instrumentos o de canto. Contiene los contenidos propios de la lectoescritura musical destinado principalmente a estudiantes de m\u00fasica en t\u00e9rminos especializados.<\/p>\n<p>Al respecto el Dr. en Ciencias de la Educaci\u00f3n, Mario Arenas Navarrete, explic\u00f3 que \u201ceste material sirve como repertorio, primero que nada, porque contiene un compilado vivo. Es un libro que se escucha y adem\u00e1s invita a la generaci\u00f3n de otros repertorios debido a que es editable. Es decir, a partir de un texto o partitura puedo sacar tres o cuatro obras dentro del mismo estilo, con el mismo tipo de escalas y con los mismos tipos de fundamentos r\u00edtmicos\u201d.<\/p>\n<p><a href=\"https:\/\/www.upla.cl\/noticias\/wp-content\/uploads\/2024\/11\/Mario-Arenas2.jpg\"><img loading=\"lazy\" decoding=\"async\" class=\"alignright size-medium wp-image-180225\" src=\"https:\/\/www.upla.cl\/noticias\/wp-content\/uploads\/2024\/11\/Mario-Arenas2-300x199.jpg\" alt=\"\" width=\"300\" height=\"199\" srcset=\"https:\/\/upla.cl\/noticias\/wp-content\/uploads\/2024\/11\/Mario-Arenas2-300x199.jpg 300w, https:\/\/upla.cl\/noticias\/wp-content\/uploads\/2024\/11\/Mario-Arenas2-1024x678.jpg 1024w, https:\/\/upla.cl\/noticias\/wp-content\/uploads\/2024\/11\/Mario-Arenas2-150x99.jpg 150w, https:\/\/upla.cl\/noticias\/wp-content\/uploads\/2024\/11\/Mario-Arenas2-768x509.jpg 768w, https:\/\/upla.cl\/noticias\/wp-content\/uploads\/2024\/11\/Mario-Arenas2-1536x1018.jpg 1536w, https:\/\/upla.cl\/noticias\/wp-content\/uploads\/2024\/11\/Mario-Arenas2-310x205.jpg 310w, https:\/\/upla.cl\/noticias\/wp-content\/uploads\/2024\/11\/Mario-Arenas2.jpg 1920w\" sizes=\"auto, (max-width: 300px) 100vw, 300px\" \/><\/a>Respecto a la importancia de compartirlo en la Facultad de Arte de la UPLA reconoci\u00f3 que: \u201cfundamentalmente abre la posibilidad de conocer diferentes estilos, porque no est\u00e1 centrado solamente en la m\u00fasica europea, sino que tambi\u00e9n en la m\u00fasica latinoamericana, contempor\u00e1nea y tambi\u00e9n en la m\u00fasica antigua con los modos griegos. Entonces tiene una amplia visi\u00f3n en ese sentido\u201d.<\/p>\n<p>Al finalizar su exposici\u00f3n, el docente agradeci\u00f3 la posibilidad de haber sido invitado a esta instancia porque, seg\u00fan sus palabras, estas actividades permiten intercambiar y compartir informaci\u00f3n relevante con los colegas para generar nexos a futuro. \u201cEstos coloquios adquieren relevancia en la medida que permiten tambi\u00e9n recibir cr\u00edticas y establecer lazos acad\u00e9micos y musicales, aspectos fundamentales dentro del estudio de las artes\u201d, agreg\u00f3.<\/p>\n<p><a href=\"https:\/\/www.upla.cl\/noticias\/wp-content\/uploads\/2024\/11\/Libro-Mario-Arenas.pdf\"><strong>Material en PDF<\/strong><\/a><\/p>\n","protected":false},"excerpt":{"rendered":"<p>Acad\u00e9mico y Dr. en Ciencias de la Educaci\u00f3n de la Universidad de La Serena comparti\u00f3 los contenidos de esta publicaci\u00f3n, editable y orientada a la educaci\u00f3n auditiva, con estudiantes y cuerpo acad\u00e9mico de la carrera de Pedagog\u00eda en Educaci\u00f3n Musical.<\/p>\n","protected":false},"author":21,"featured_media":180224,"comment_status":"closed","ping_status":"closed","sticky":false,"template":"","format":"standard","meta":{"footnotes":""},"categories":[96,52,40,101,97,71,411],"tags":[215,476,289,216,222],"class_list":["post-180223","post","type-post","status-publish","format-standard","has-post-thumbnail","","category-academicos","category-cultura","category-destacados","category-docencia","category-estudiantes","category-facultad-de-arte","category-educacion-musical","tag-facultad-de-arte","tag-mario-arenas","tag-musica","tag-upla","tag-valpo"],"_links":{"self":[{"href":"https:\/\/upla.cl\/noticias\/wp-json\/wp\/v2\/posts\/180223","targetHints":{"allow":["GET"]}}],"collection":[{"href":"https:\/\/upla.cl\/noticias\/wp-json\/wp\/v2\/posts"}],"about":[{"href":"https:\/\/upla.cl\/noticias\/wp-json\/wp\/v2\/types\/post"}],"author":[{"embeddable":true,"href":"https:\/\/upla.cl\/noticias\/wp-json\/wp\/v2\/users\/21"}],"replies":[{"embeddable":true,"href":"https:\/\/upla.cl\/noticias\/wp-json\/wp\/v2\/comments?post=180223"}],"version-history":[{"count":0,"href":"https:\/\/upla.cl\/noticias\/wp-json\/wp\/v2\/posts\/180223\/revisions"}],"wp:featuredmedia":[{"embeddable":true,"href":"https:\/\/upla.cl\/noticias\/wp-json\/wp\/v2\/media\/180224"}],"wp:attachment":[{"href":"https:\/\/upla.cl\/noticias\/wp-json\/wp\/v2\/media?parent=180223"}],"wp:term":[{"taxonomy":"category","embeddable":true,"href":"https:\/\/upla.cl\/noticias\/wp-json\/wp\/v2\/categories?post=180223"},{"taxonomy":"post_tag","embeddable":true,"href":"https:\/\/upla.cl\/noticias\/wp-json\/wp\/v2\/tags?post=180223"}],"curies":[{"name":"wp","href":"https:\/\/api.w.org\/{rel}","templated":true}]}}