{"id":180852,"date":"2024-12-10T11:23:15","date_gmt":"2024-12-10T14:23:15","guid":{"rendered":"https:\/\/www.upla.cl\/noticias\/?p=180852"},"modified":"2024-12-10T11:23:15","modified_gmt":"2024-12-10T14:23:15","slug":"upla-presente-en-seminario-ence-2024-fortaleciendo-la-experiencia-estudiantil","status":"publish","type":"post","link":"https:\/\/upla.cl\/noticias\/2024\/12\/10\/upla-presente-en-seminario-ence-2024-fortaleciendo-la-experiencia-estudiantil\/","title":{"rendered":"UPLA presente en Seminario ENCE 2024: Fortaleciendo la experiencia estudiantil"},"content":{"rendered":"<p><img loading=\"lazy\" decoding=\"async\" class=\"aligncenter size-full wp-image-180853\" src=\"https:\/\/www.upla.cl\/noticias\/wp-content\/uploads\/2024\/12\/portada-ence.jpg\" alt=\"\" width=\"1280\" height=\"622\" srcset=\"https:\/\/upla.cl\/noticias\/wp-content\/uploads\/2024\/12\/portada-ence.jpg 1280w, https:\/\/upla.cl\/noticias\/wp-content\/uploads\/2024\/12\/portada-ence-300x146.jpg 300w, https:\/\/upla.cl\/noticias\/wp-content\/uploads\/2024\/12\/portada-ence-1024x498.jpg 1024w, https:\/\/upla.cl\/noticias\/wp-content\/uploads\/2024\/12\/portada-ence-150x73.jpg 150w, https:\/\/upla.cl\/noticias\/wp-content\/uploads\/2024\/12\/portada-ence-768x373.jpg 768w\" sizes=\"auto, (max-width: 1280px) 100vw, 1280px\" \/>Fotograf\u00eda UTEM.<\/p>\n<p>Dos acad\u00e9micas y una profesional de la <strong>Universidad de Playa Ancha<\/strong> participaron activamente en el <strong>Seminario ENCE 2024<\/strong>, realizado en la <strong>Universidad Tecnol\u00f3gica Metropolitana, UTEM<\/strong>. Este encuentro, de gran relevancia para el \u00e1mbito de la educaci\u00f3n superior, permiti\u00f3 analizar los resultados de la <strong>Encuesta Nacional de Compromiso Estudiantil (ENCE)<\/strong> y explorar las diversas dimensiones que esta herramienta eval\u00faa.<\/p>\n<p>Las representantes de nuestra universidad fueron la <strong>Dra. Mar\u00eda Jacqueline Rojas R\u00edos, profesional de la Vicerrector\u00eda Acad\u00e9mica; Claudia Tassara Manr\u00edquez y Ruth Ar\u00e9valo Ar\u00e9valo, coordinadora del <a href=\"https:\/\/www.upla.cl\/postgrado\/magisteres\/liderazgo-y-gestion-de-organizaciones-educativas\/\">Mag\u00edster en Liderazgo y Gesti\u00f3n de Organizaciones Educativas.<\/a><\/strong><\/p>\n<p>La participaci\u00f3n de la UPLA en este seminario se enmarca en el Programa MLG y el IESED, iniciativas a las que nuestra instituci\u00f3n se ha vinculado desde el a\u00f1o 2018. La ENCE, por su parte, es un proyecto colaborativo que involucra a 19 universidades chilenas, entre ellas la UPLA, y que busca mejorar la calidad de la educaci\u00f3n superior a trav\u00e9s de la medici\u00f3n del compromiso estudiantil.<\/p>\n<p>Al participar en este tipo de actividades, la UPLA reafirma su compromiso con la mejora continua de la experiencia universitaria y el fortalecimiento de los procesos de ense\u00f1anza-aprendizaje\u00bb.<\/p>\n<p>Revisar <a href=\"https:\/\/noticias.utem.cl\/2024\/11\/29\/seminario-ence-2024-en-la-utem-espacio-de-analisis-colaborativo-del-estudiantado-chileno\/\" target=\"_blank\" rel=\"noopener\">aqu\u00ed<\/a> nota completa publicada por la UTEM.<\/p>\n","protected":false},"excerpt":{"rendered":"<p>Se trata de la Dra. Mar\u00eda Jacqueline Rojas R\u00edos, profesional de la Vicerrector\u00eda Acad\u00e9mica; Claudia Tassara Manr\u00edquez y Ruth Ar\u00e9valo Ar\u00e9valo, coordinadora del Mag\u00edster en Liderazgo y Gesti\u00f3n de Organizaciones Educativas.<\/p>\n","protected":false},"author":3,"featured_media":180853,"comment_status":"closed","ping_status":"closed","sticky":false,"template":"","format":"standard","meta":{"footnotes":""},"categories":[51,96,40,101,73,43,85,213],"tags":[],"class_list":["post-180852","post","type-post","status-publish","format-standard","has-post-thumbnail","","category-academia","category-academicos","category-destacados","category-docencia","category-facultad-de-ciencias-de-la-educacion","category-investigacion","category-postgrados","category-vicerrectoria-academica"],"_links":{"self":[{"href":"https:\/\/upla.cl\/noticias\/wp-json\/wp\/v2\/posts\/180852","targetHints":{"allow":["GET"]}}],"collection":[{"href":"https:\/\/upla.cl\/noticias\/wp-json\/wp\/v2\/posts"}],"about":[{"href":"https:\/\/upla.cl\/noticias\/wp-json\/wp\/v2\/types\/post"}],"author":[{"embeddable":true,"href":"https:\/\/upla.cl\/noticias\/wp-json\/wp\/v2\/users\/3"}],"replies":[{"embeddable":true,"href":"https:\/\/upla.cl\/noticias\/wp-json\/wp\/v2\/comments?post=180852"}],"version-history":[{"count":0,"href":"https:\/\/upla.cl\/noticias\/wp-json\/wp\/v2\/posts\/180852\/revisions"}],"wp:featuredmedia":[{"embeddable":true,"href":"https:\/\/upla.cl\/noticias\/wp-json\/wp\/v2\/media\/180853"}],"wp:attachment":[{"href":"https:\/\/upla.cl\/noticias\/wp-json\/wp\/v2\/media?parent=180852"}],"wp:term":[{"taxonomy":"category","embeddable":true,"href":"https:\/\/upla.cl\/noticias\/wp-json\/wp\/v2\/categories?post=180852"},{"taxonomy":"post_tag","embeddable":true,"href":"https:\/\/upla.cl\/noticias\/wp-json\/wp\/v2\/tags?post=180852"}],"curies":[{"name":"wp","href":"https:\/\/api.w.org\/{rel}","templated":true}]}}