{"id":181492,"date":"2024-12-19T17:33:01","date_gmt":"2024-12-19T20:33:01","guid":{"rendered":"https:\/\/www.upla.cl\/noticias\/?p=181492"},"modified":"2024-12-20T15:53:34","modified_gmt":"2024-12-20T18:53:34","slug":"estudiantes-de-diseno-presentan-proyectos-de-recursos-didacticos-para-el-aprendizaje-en-la-ensenanza-basica","status":"publish","type":"post","link":"https:\/\/upla.cl\/noticias\/2024\/12\/19\/estudiantes-de-diseno-presentan-proyectos-de-recursos-didacticos-para-el-aprendizaje-en-la-ensenanza-basica\/","title":{"rendered":"Estudiantes de Dise\u00f1o presentan proyectos de recursos did\u00e1cticos para el aprendizaje en la Ense\u00f1anza B\u00e1sica"},"content":{"rendered":"<p><a href=\"https:\/\/www.upla.cl\/noticias\/wp-content\/uploads\/2024\/12\/Diseno1-2.jpg\"><img loading=\"lazy\" decoding=\"async\" class=\"alignright wp-image-181496\" src=\"https:\/\/www.upla.cl\/noticias\/wp-content\/uploads\/2024\/12\/Diseno1-2-1024x678.jpg\" alt=\"\" width=\"351\" height=\"232\" srcset=\"https:\/\/upla.cl\/noticias\/wp-content\/uploads\/2024\/12\/Diseno1-2-1024x678.jpg 1024w, https:\/\/upla.cl\/noticias\/wp-content\/uploads\/2024\/12\/Diseno1-2-300x199.jpg 300w, https:\/\/upla.cl\/noticias\/wp-content\/uploads\/2024\/12\/Diseno1-2-150x99.jpg 150w, https:\/\/upla.cl\/noticias\/wp-content\/uploads\/2024\/12\/Diseno1-2-768x509.jpg 768w, https:\/\/upla.cl\/noticias\/wp-content\/uploads\/2024\/12\/Diseno1-2-1536x1018.jpg 1536w, https:\/\/upla.cl\/noticias\/wp-content\/uploads\/2024\/12\/Diseno1-2-310x205.jpg 310w, https:\/\/upla.cl\/noticias\/wp-content\/uploads\/2024\/12\/Diseno1-2.jpg 1920w\" sizes=\"auto, (max-width: 351px) 100vw, 351px\" \/><\/a>En el auditorio de la Facultad de Arte de la UPLA, <strong>estudiantes pertenecientes a la carrera de Dise\u00f1o presentaron<\/strong> (4 de diciembre) sus <strong>proyectos de elaboraci\u00f3n de recursos did\u00e1cticos para el trabajo<\/strong> de las asistentes de aula de la <strong>Escuela Naciones Unidas de Playa Ancha.<\/strong><\/p>\n<p>Los proyectos presentados corresponden al dise\u00f1o de <strong>material de apoyo a la ense\u00f1anza de los ni\u00f1os y ni\u00f1as de la escuela, destinado a utilizarse en los 15 minutos iniciales de cada clase,<\/strong> con el fin de fomentar el aprendizaje y la creatividad en los estudiantes y apoyar el trabajo de las asistentes en la creaci\u00f3n de un ambiente m\u00e1s inclusivo, eficaz y divertido.<\/p>\n<p>Esta presentaci\u00f3n se realiz\u00f3 ante una audiencia compuesta por el <strong>director de la carrera de Dise\u00f1o UPLA, Guido Olivares Salinas; la directora de la Escuela Naciones Unidas, Laura Maldonado; estudiantes y asistentes de aula involucrados\/as en el proyecto;<\/strong> los acad\u00e9micos <strong>evaluadores Omar Luengo y Ver\u00f3nica Henr\u00edquez;<\/strong> e integrantes de la comunidad educativa de ambas entidades de educaci\u00f3n.<\/p>\n<p><a href=\"https:\/\/www.upla.cl\/noticias\/wp-content\/uploads\/2024\/12\/Diseno3-2.jpg\"><img loading=\"lazy\" decoding=\"async\" class=\"alignright size-medium wp-image-181494\" src=\"https:\/\/www.upla.cl\/noticias\/wp-content\/uploads\/2024\/12\/Diseno3-2-300x199.jpg\" alt=\"\" width=\"300\" height=\"199\" srcset=\"https:\/\/upla.cl\/noticias\/wp-content\/uploads\/2024\/12\/Diseno3-2-300x199.jpg 300w, https:\/\/upla.cl\/noticias\/wp-content\/uploads\/2024\/12\/Diseno3-2-1024x678.jpg 1024w, https:\/\/upla.cl\/noticias\/wp-content\/uploads\/2024\/12\/Diseno3-2-150x99.jpg 150w, https:\/\/upla.cl\/noticias\/wp-content\/uploads\/2024\/12\/Diseno3-2-768x509.jpg 768w, https:\/\/upla.cl\/noticias\/wp-content\/uploads\/2024\/12\/Diseno3-2-1536x1018.jpg 1536w, https:\/\/upla.cl\/noticias\/wp-content\/uploads\/2024\/12\/Diseno3-2-310x205.jpg 310w, https:\/\/upla.cl\/noticias\/wp-content\/uploads\/2024\/12\/Diseno3-2.jpg 1920w\" sizes=\"auto, (max-width: 300px) 100vw, 300px\" \/><\/a>Cabe mencionar que los procesos creativos de los\/las futuros\/as dise\u00f1adores\/as fueron <strong>resultado del trabajo conjunto entre las asignaturas \u201cTaller de Did\u00e1ctica\u201d y \u201cTaller de Materiales\u201d,<\/strong> a cargo de la acad\u00e9mica Ver\u00f3nica Henr\u00edquez y el profesor Omar Luengo, respectivamente.<\/p>\n<p>Seg\u00fan la docente <strong>Ver\u00f3nica Henr\u00edquez<\/strong> \u201c<strong>este trabajo transversal entre asignaturas propici\u00f3 en las y los estudiantes el desarrollo y perfeccionamiento de sus habilidades de manera integral, abordando problemas y desaf\u00edos complejos desde diferentes perspectivas.<\/strong> En este caso, lo anterior se tradujo en ofrecer soluciones concretas, innovadoras y efectivas a necesidades reales de la comunidad escolar destinataria, en un proceso durante el cual se cont\u00f3 con la colaboraci\u00f3n directa de las asistentes de aula, quienes actuaron como informantes claves y proporcionaron valiosa informaci\u00f3n sobre las necesidades y desaf\u00edos de las y los estudiantes\u201d, argument\u00f3.<\/p>\n<p><a href=\"https:\/\/www.upla.cl\/noticias\/wp-content\/uploads\/2024\/12\/Diseno4-1.jpg\"><img loading=\"lazy\" decoding=\"async\" class=\"alignright size-medium wp-image-181495\" src=\"https:\/\/www.upla.cl\/noticias\/wp-content\/uploads\/2024\/12\/Diseno4-1-300x199.jpg\" alt=\"\" width=\"300\" height=\"199\" srcset=\"https:\/\/upla.cl\/noticias\/wp-content\/uploads\/2024\/12\/Diseno4-1-300x199.jpg 300w, https:\/\/upla.cl\/noticias\/wp-content\/uploads\/2024\/12\/Diseno4-1-1024x678.jpg 1024w, https:\/\/upla.cl\/noticias\/wp-content\/uploads\/2024\/12\/Diseno4-1-150x99.jpg 150w, https:\/\/upla.cl\/noticias\/wp-content\/uploads\/2024\/12\/Diseno4-1-768x509.jpg 768w, https:\/\/upla.cl\/noticias\/wp-content\/uploads\/2024\/12\/Diseno4-1-1536x1018.jpg 1536w, https:\/\/upla.cl\/noticias\/wp-content\/uploads\/2024\/12\/Diseno4-1-310x205.jpg 310w, https:\/\/upla.cl\/noticias\/wp-content\/uploads\/2024\/12\/Diseno4-1.jpg 1920w\" sizes=\"auto, (max-width: 300px) 100vw, 300px\" \/><\/a>En la jornada de exposici\u00f3n de <strong>los proyectos<\/strong>, los productos dise\u00f1ados <strong>fueron explicados y expuestos ante la audiencia y luego entregados a las asistentes de aula para su uso en la escuela.<\/strong> Al final de la presentaci\u00f3n, tanto la directora del Colegio como el p\u00fablico asistente felicitaron a las y los estudiantes por su excelente trabajo y agradecieron el esfuerzo y dedicaci\u00f3n puesta en el proyecto, transformando esta acci\u00f3n en un merecido reconocimiento a la creatividad, motivaci\u00f3n, vocaci\u00f3n y conciencia social de estos futuros profesionales del Dise\u00f1o que se forman en la Facultad de Arte de la UPLA.<\/p>\n<p>Cabe mencionar que <strong>el trabajo final, resultante de los contenidos abordados<\/strong> en las asignaturas \u201cTaller de Did\u00e1ctica\u201d y \u201cTaller de Materiales\u201d, <strong>se inici\u00f3 la \u00faltima semana de agosto de 2024 y finaliz\u00f3 ese 4 de diciembre<\/strong> tras un intenso proceso de investigaci\u00f3n, dise\u00f1o, prototipado y producci\u00f3n.<\/p>\n<div id='gallery-1' class='gallery galleryid-181492 gallery-columns-4 gallery-size-thumbnail'><figure class='gallery-item'>\n\t\t\t<div class='gallery-icon landscape'>\n\t\t\t\t<a href='https:\/\/upla.cl\/noticias\/wp-content\/uploads\/2024\/12\/Diseno2-1.jpg'><img loading=\"lazy\" decoding=\"async\" width=\"150\" height=\"99\" src=\"https:\/\/upla.cl\/noticias\/wp-content\/uploads\/2024\/12\/Diseno2-1-150x99.jpg\" class=\"attachment-thumbnail size-thumbnail\" alt=\"\" srcset=\"https:\/\/upla.cl\/noticias\/wp-content\/uploads\/2024\/12\/Diseno2-1-150x99.jpg 150w, https:\/\/upla.cl\/noticias\/wp-content\/uploads\/2024\/12\/Diseno2-1-300x199.jpg 300w, https:\/\/upla.cl\/noticias\/wp-content\/uploads\/2024\/12\/Diseno2-1-1024x678.jpg 1024w, https:\/\/upla.cl\/noticias\/wp-content\/uploads\/2024\/12\/Diseno2-1-768x509.jpg 768w, https:\/\/upla.cl\/noticias\/wp-content\/uploads\/2024\/12\/Diseno2-1-1536x1018.jpg 1536w, https:\/\/upla.cl\/noticias\/wp-content\/uploads\/2024\/12\/Diseno2-1-310x205.jpg 310w, https:\/\/upla.cl\/noticias\/wp-content\/uploads\/2024\/12\/Diseno2-1.jpg 1920w\" sizes=\"auto, (max-width: 150px) 100vw, 150px\" \/><\/a>\n\t\t\t<\/div><\/figure><figure class='gallery-item'>\n\t\t\t<div class='gallery-icon landscape'>\n\t\t\t\t<a href='https:\/\/upla.cl\/noticias\/wp-content\/uploads\/2024\/12\/Diseno6-2.jpg'><img loading=\"lazy\" decoding=\"async\" width=\"150\" height=\"113\" src=\"https:\/\/upla.cl\/noticias\/wp-content\/uploads\/2024\/12\/Diseno6-2-150x113.jpg\" class=\"attachment-thumbnail size-thumbnail\" alt=\"\" srcset=\"https:\/\/upla.cl\/noticias\/wp-content\/uploads\/2024\/12\/Diseno6-2-150x113.jpg 150w, https:\/\/upla.cl\/noticias\/wp-content\/uploads\/2024\/12\/Diseno6-2-300x225.jpg 300w, https:\/\/upla.cl\/noticias\/wp-content\/uploads\/2024\/12\/Diseno6-2-1024x768.jpg 1024w, https:\/\/upla.cl\/noticias\/wp-content\/uploads\/2024\/12\/Diseno6-2-768x576.jpg 768w, https:\/\/upla.cl\/noticias\/wp-content\/uploads\/2024\/12\/Diseno6-2-1536x1152.jpg 1536w, https:\/\/upla.cl\/noticias\/wp-content\/uploads\/2024\/12\/Diseno6-2.jpg 1920w\" sizes=\"auto, (max-width: 150px) 100vw, 150px\" \/><\/a>\n\t\t\t<\/div><\/figure><figure class='gallery-item'>\n\t\t\t<div class='gallery-icon landscape'>\n\t\t\t\t<a href='https:\/\/upla.cl\/noticias\/wp-content\/uploads\/2024\/12\/Diseno5-2.jpg'><img loading=\"lazy\" decoding=\"async\" width=\"150\" height=\"100\" src=\"https:\/\/upla.cl\/noticias\/wp-content\/uploads\/2024\/12\/Diseno5-2-150x100.jpg\" class=\"attachment-thumbnail size-thumbnail\" alt=\"\" srcset=\"https:\/\/upla.cl\/noticias\/wp-content\/uploads\/2024\/12\/Diseno5-2-150x100.jpg 150w, https:\/\/upla.cl\/noticias\/wp-content\/uploads\/2024\/12\/Diseno5-2-300x199.jpg 300w, https:\/\/upla.cl\/noticias\/wp-content\/uploads\/2024\/12\/Diseno5-2-1024x680.jpg 1024w, https:\/\/upla.cl\/noticias\/wp-content\/uploads\/2024\/12\/Diseno5-2-768x510.jpg 768w, https:\/\/upla.cl\/noticias\/wp-content\/uploads\/2024\/12\/Diseno5-2-1536x1020.jpg 1536w, https:\/\/upla.cl\/noticias\/wp-content\/uploads\/2024\/12\/Diseno5-2-310x205.jpg 310w, https:\/\/upla.cl\/noticias\/wp-content\/uploads\/2024\/12\/Diseno5-2.jpg 1920w\" sizes=\"auto, (max-width: 150px) 100vw, 150px\" \/><\/a>\n\t\t\t<\/div><\/figure><figure class='gallery-item'>\n\t\t\t<div class='gallery-icon portrait'>\n\t\t\t\t<a href='https:\/\/upla.cl\/noticias\/wp-content\/uploads\/2024\/12\/Diseno7-1.jpg'><img loading=\"lazy\" decoding=\"async\" width=\"127\" height=\"150\" src=\"https:\/\/upla.cl\/noticias\/wp-content\/uploads\/2024\/12\/Diseno7-1-127x150.jpg\" class=\"attachment-thumbnail size-thumbnail\" alt=\"\" srcset=\"https:\/\/upla.cl\/noticias\/wp-content\/uploads\/2024\/12\/Diseno7-1-127x150.jpg 127w, https:\/\/upla.cl\/noticias\/wp-content\/uploads\/2024\/12\/Diseno7-1-254x300.jpg 254w, https:\/\/upla.cl\/noticias\/wp-content\/uploads\/2024\/12\/Diseno7-1-867x1024.jpg 867w, https:\/\/upla.cl\/noticias\/wp-content\/uploads\/2024\/12\/Diseno7-1-768x907.jpg 768w, https:\/\/upla.cl\/noticias\/wp-content\/uploads\/2024\/12\/Diseno7-1-1300x1536.jpg 1300w, https:\/\/upla.cl\/noticias\/wp-content\/uploads\/2024\/12\/Diseno7-1-1734x2048.jpg 1734w, https:\/\/upla.cl\/noticias\/wp-content\/uploads\/2024\/12\/Diseno7-1.jpg 1920w\" sizes=\"auto, (max-width: 127px) 100vw, 127px\" \/><\/a>\n\t\t\t<\/div><\/figure><figure class='gallery-item'>\n\t\t\t<div class='gallery-icon portrait'>\n\t\t\t\t<a href='https:\/\/upla.cl\/noticias\/wp-content\/uploads\/2024\/12\/Diseno8-1.jpg'><img loading=\"lazy\" decoding=\"async\" width=\"132\" height=\"150\" src=\"https:\/\/upla.cl\/noticias\/wp-content\/uploads\/2024\/12\/Diseno8-1-132x150.jpg\" class=\"attachment-thumbnail size-thumbnail\" alt=\"\" srcset=\"https:\/\/upla.cl\/noticias\/wp-content\/uploads\/2024\/12\/Diseno8-1-132x150.jpg 132w, https:\/\/upla.cl\/noticias\/wp-content\/uploads\/2024\/12\/Diseno8-1-264x300.jpg 264w, https:\/\/upla.cl\/noticias\/wp-content\/uploads\/2024\/12\/Diseno8-1-900x1024.jpg 900w, https:\/\/upla.cl\/noticias\/wp-content\/uploads\/2024\/12\/Diseno8-1-768x874.jpg 768w, https:\/\/upla.cl\/noticias\/wp-content\/uploads\/2024\/12\/Diseno8-1-1350x1536.jpg 1350w, https:\/\/upla.cl\/noticias\/wp-content\/uploads\/2024\/12\/Diseno8-1-1800x2048.jpg 1800w, https:\/\/upla.cl\/noticias\/wp-content\/uploads\/2024\/12\/Diseno8-1.jpg 1920w\" sizes=\"auto, (max-width: 132px) 100vw, 132px\" \/><\/a>\n\t\t\t<\/div><\/figure><figure class='gallery-item'>\n\t\t\t<div class='gallery-icon portrait'>\n\t\t\t\t<a href='https:\/\/upla.cl\/noticias\/wp-content\/uploads\/2024\/12\/Diseno9-1.jpg'><img loading=\"lazy\" decoding=\"async\" width=\"127\" height=\"150\" src=\"https:\/\/upla.cl\/noticias\/wp-content\/uploads\/2024\/12\/Diseno9-1-127x150.jpg\" class=\"attachment-thumbnail size-thumbnail\" alt=\"\" srcset=\"https:\/\/upla.cl\/noticias\/wp-content\/uploads\/2024\/12\/Diseno9-1-127x150.jpg 127w, https:\/\/upla.cl\/noticias\/wp-content\/uploads\/2024\/12\/Diseno9-1-253x300.jpg 253w, https:\/\/upla.cl\/noticias\/wp-content\/uploads\/2024\/12\/Diseno9-1-864x1024.jpg 864w, https:\/\/upla.cl\/noticias\/wp-content\/uploads\/2024\/12\/Diseno9-1-768x910.jpg 768w, https:\/\/upla.cl\/noticias\/wp-content\/uploads\/2024\/12\/Diseno9-1-1296x1536.jpg 1296w, https:\/\/upla.cl\/noticias\/wp-content\/uploads\/2024\/12\/Diseno9-1-1728x2048.jpg 1728w, https:\/\/upla.cl\/noticias\/wp-content\/uploads\/2024\/12\/Diseno9-1.jpg 1920w\" sizes=\"auto, (max-width: 127px) 100vw, 127px\" \/><\/a>\n\t\t\t<\/div><\/figure><figure class='gallery-item'>\n\t\t\t<div class='gallery-icon portrait'>\n\t\t\t\t<a href='https:\/\/upla.cl\/noticias\/wp-content\/uploads\/2024\/12\/Diseno10-1.jpg'><img loading=\"lazy\" decoding=\"async\" width=\"135\" height=\"150\" src=\"https:\/\/upla.cl\/noticias\/wp-content\/uploads\/2024\/12\/Diseno10-1-135x150.jpg\" class=\"attachment-thumbnail size-thumbnail\" alt=\"\" srcset=\"https:\/\/upla.cl\/noticias\/wp-content\/uploads\/2024\/12\/Diseno10-1-135x150.jpg 135w, https:\/\/upla.cl\/noticias\/wp-content\/uploads\/2024\/12\/Diseno10-1-269x300.jpg 269w, https:\/\/upla.cl\/noticias\/wp-content\/uploads\/2024\/12\/Diseno10-1-919x1024.jpg 919w, https:\/\/upla.cl\/noticias\/wp-content\/uploads\/2024\/12\/Diseno10-1-768x856.jpg 768w, https:\/\/upla.cl\/noticias\/wp-content\/uploads\/2024\/12\/Diseno10-1-1378x1536.jpg 1378w, https:\/\/upla.cl\/noticias\/wp-content\/uploads\/2024\/12\/Diseno10-1-1837x2048.jpg 1837w, https:\/\/upla.cl\/noticias\/wp-content\/uploads\/2024\/12\/Diseno10-1.jpg 1920w\" sizes=\"auto, (max-width: 135px) 100vw, 135px\" \/><\/a>\n\t\t\t<\/div><\/figure>\n\t\t<\/div>\n\n","protected":false},"excerpt":{"rendered":"<p>Iniciativas corresponden al dise\u00f1o de material de apoyo a la ense\u00f1anza de los ni\u00f1os y ni\u00f1as de la Escuela Naciones Unidas de Playa Ancha, y que servir\u00e1 de soporte para el trabajo de las asistentes de aula del establecimiento educacional porte\u00f1o.<\/p>\n","protected":false},"author":21,"featured_media":181496,"comment_status":"closed","ping_status":"closed","sticky":false,"template":"","format":"standard","meta":{"footnotes":""},"categories":[96,51,40,101,97,71,43,91],"tags":[336,508,215,488,343,216],"class_list":["post-181492","post","type-post","status-publish","format-standard","has-post-thumbnail","","category-academicos","category-academia","category-destacados","category-docencia","category-estudiantes","category-facultad-de-arte","category-investigacion","category-vinculacion-con-el-medio","tag-diseno","tag-escuela","tag-facultad-de-arte","tag-naciones-unidas","tag-playa-ancha","tag-upla"],"_links":{"self":[{"href":"https:\/\/upla.cl\/noticias\/wp-json\/wp\/v2\/posts\/181492","targetHints":{"allow":["GET"]}}],"collection":[{"href":"https:\/\/upla.cl\/noticias\/wp-json\/wp\/v2\/posts"}],"about":[{"href":"https:\/\/upla.cl\/noticias\/wp-json\/wp\/v2\/types\/post"}],"author":[{"embeddable":true,"href":"https:\/\/upla.cl\/noticias\/wp-json\/wp\/v2\/users\/21"}],"replies":[{"embeddable":true,"href":"https:\/\/upla.cl\/noticias\/wp-json\/wp\/v2\/comments?post=181492"}],"version-history":[{"count":0,"href":"https:\/\/upla.cl\/noticias\/wp-json\/wp\/v2\/posts\/181492\/revisions"}],"wp:featuredmedia":[{"embeddable":true,"href":"https:\/\/upla.cl\/noticias\/wp-json\/wp\/v2\/media\/181496"}],"wp:attachment":[{"href":"https:\/\/upla.cl\/noticias\/wp-json\/wp\/v2\/media?parent=181492"}],"wp:term":[{"taxonomy":"category","embeddable":true,"href":"https:\/\/upla.cl\/noticias\/wp-json\/wp\/v2\/categories?post=181492"},{"taxonomy":"post_tag","embeddable":true,"href":"https:\/\/upla.cl\/noticias\/wp-json\/wp\/v2\/tags?post=181492"}],"curies":[{"name":"wp","href":"https:\/\/api.w.org\/{rel}","templated":true}]}}