{"id":182640,"date":"2025-01-22T15:59:48","date_gmt":"2025-01-22T18:59:48","guid":{"rendered":"https:\/\/www.upla.cl\/noticias\/?p=182640"},"modified":"2025-01-22T15:59:48","modified_gmt":"2025-01-22T18:59:48","slug":"la-upla-te-acompana-en-tu-proceso-de-matricula","status":"publish","type":"post","link":"https:\/\/upla.cl\/noticias\/2025\/01\/22\/la-upla-te-acompana-en-tu-proceso-de-matricula\/","title":{"rendered":"La UPLA te acompa\u00f1a en tu proceso de matr\u00edcula"},"content":{"rendered":"<p><a href=\"https:\/\/www.upla.cl\/noticias\/wp-content\/uploads\/2025\/01\/Foto-1.jpg\"><img loading=\"lazy\" decoding=\"async\" class=\"aligncenter size-large wp-image-182644\" src=\"https:\/\/www.upla.cl\/noticias\/wp-content\/uploads\/2025\/01\/Foto-1-1024x576.jpg\" alt=\"\" width=\"618\" height=\"348\" srcset=\"https:\/\/upla.cl\/noticias\/wp-content\/uploads\/2025\/01\/Foto-1-1024x576.jpg 1024w, https:\/\/upla.cl\/noticias\/wp-content\/uploads\/2025\/01\/Foto-1-300x169.jpg 300w, https:\/\/upla.cl\/noticias\/wp-content\/uploads\/2025\/01\/Foto-1-150x84.jpg 150w, https:\/\/upla.cl\/noticias\/wp-content\/uploads\/2025\/01\/Foto-1-768x432.jpg 768w, https:\/\/upla.cl\/noticias\/wp-content\/uploads\/2025\/01\/Foto-1-1536x864.jpg 1536w, https:\/\/upla.cl\/noticias\/wp-content\/uploads\/2025\/01\/Foto-1.jpg 1920w\" sizes=\"auto, (max-width: 618px) 100vw, 618px\" \/><\/a><\/p>\n<p>La Universidad de Playa Ancha se encuentra trabajando en el proceso de matr\u00edculas 2025, instancia que se extiende <strong>hasta este jueves 23 de enero.<\/strong> Este importante hito es liderado por la Unidad de Selecci\u00f3n y Admisi\u00f3n de Alumnos de la UPLA y llevado a cabo gracias a la coordinaci\u00f3n con diversas unidades universitarias como el Departamento de Aranceles, la Direcci\u00f3n General de Inform\u00e1tica y la Direcci\u00f3n General de Desarrollo Estudiantil.<\/p>\n<p>La colaboraci\u00f3n de las distintas unidades garantiza una gesti\u00f3n eficiente del proceso, asegurando que el estudiantado pueda matricularse de manera oportuna y exitosa en las carreras que han elegido y estar\u00e1n trabajando hasta el pr\u00f3ximo 30 de enero, una vez que finalice el proceso.<\/p>\n<p><a href=\"https:\/\/www.upla.cl\/noticias\/wp-content\/uploads\/2025\/01\/Foto-3-1.jpg\"><img loading=\"lazy\" decoding=\"async\" class=\"alignright size-medium wp-image-182642\" src=\"https:\/\/www.upla.cl\/noticias\/wp-content\/uploads\/2025\/01\/Foto-3-1-300x169.jpg\" alt=\"\" width=\"300\" height=\"169\" srcset=\"https:\/\/upla.cl\/noticias\/wp-content\/uploads\/2025\/01\/Foto-3-1-300x169.jpg 300w, https:\/\/upla.cl\/noticias\/wp-content\/uploads\/2025\/01\/Foto-3-1-1024x576.jpg 1024w, https:\/\/upla.cl\/noticias\/wp-content\/uploads\/2025\/01\/Foto-3-1-150x84.jpg 150w, https:\/\/upla.cl\/noticias\/wp-content\/uploads\/2025\/01\/Foto-3-1-768x432.jpg 768w, https:\/\/upla.cl\/noticias\/wp-content\/uploads\/2025\/01\/Foto-3-1-1536x864.jpg 1536w, https:\/\/upla.cl\/noticias\/wp-content\/uploads\/2025\/01\/Foto-3-1.jpg 1920w\" sizes=\"auto, (max-width: 300px) 100vw, 300px\" \/><\/a>La <strong>directora de Selecci\u00f3n y\u00a0 Admisi\u00f3n de Alumnos de la UPLA<\/strong>, <strong>Claudia Valenzuela Mateluna,<\/strong> explic\u00f3 que \u201cen este momento estamos llamado a la lista de seleccionados y seleccionadas del proceso regular, esperando que se matriculen hasta este jueves 23 de enero. En paralelo, est\u00e1 funcionando nuestra <strong>mesa de atenci\u00f3n telef\u00f3nica <\/strong>para apoyar a las y los j\u00f3venes en sus consultas, y tendremos un proceso de repostulaci\u00f3n en algunas carreras de nuestra oferta, dirigido a aquellas y aquellos estudiantes que no postularon a la Universidad de Playa Ancha en las fechas indicadas por el DEMRE\u201d.<\/p>\n<p><a href=\"https:\/\/www.upla.cl\/noticias\/wp-content\/uploads\/2025\/01\/Foto-6.jpg\"><img loading=\"lazy\" decoding=\"async\" class=\"alignright size-medium wp-image-182645\" src=\"https:\/\/www.upla.cl\/noticias\/wp-content\/uploads\/2025\/01\/Foto-6-300x225.jpg\" alt=\"\" width=\"300\" height=\"225\" srcset=\"https:\/\/upla.cl\/noticias\/wp-content\/uploads\/2025\/01\/Foto-6-300x225.jpg 300w, https:\/\/upla.cl\/noticias\/wp-content\/uploads\/2025\/01\/Foto-6-1024x768.jpg 1024w, https:\/\/upla.cl\/noticias\/wp-content\/uploads\/2025\/01\/Foto-6-150x113.jpg 150w, https:\/\/upla.cl\/noticias\/wp-content\/uploads\/2025\/01\/Foto-6-768x576.jpg 768w, https:\/\/upla.cl\/noticias\/wp-content\/uploads\/2025\/01\/Foto-6-1536x1152.jpg 1536w, https:\/\/upla.cl\/noticias\/wp-content\/uploads\/2025\/01\/Foto-6.jpg 1920w\" sizes=\"auto, (max-width: 300px) 100vw, 300px\" \/><\/a>El <strong>director general de Inform\u00e1tica, Roberto \u00c1lvarez Mar\u00edn<\/strong>, afirm\u00f3 que \u201cdisponemos de la plataforma para que los estudiantes que postulan a la instituci\u00f3n puedan efectuar su matr\u00edcula en l\u00ednea, adem\u00e1s de dar soporte tecnol\u00f3gico y ayuda para resolver todas las dudas y consultas que puedan tener nuestros futuros estudiantes, para el ingreso a la universidad\u201d.<\/p>\n<p><strong>En tanto, Karen Calfucura Galdames, asistente social de la Direcci\u00f3n General de Desarrollo Estudiantil<\/strong>, coment\u00f3 que la unidad \u201cse encuentra apoyando en este proceso de matr\u00edculas 2025 en el asesoramiento para el acceso en la postulaci\u00f3n para beneficios ministeriales, como gratuidad, becas y cr\u00e9ditos\u201d.<\/p>\n<p><a href=\"https:\/\/www.upla.cl\/noticias\/wp-content\/uploads\/2025\/01\/Foto-5.jpg\"><img loading=\"lazy\" decoding=\"async\" class=\"alignright size-medium wp-image-182646\" src=\"https:\/\/www.upla.cl\/noticias\/wp-content\/uploads\/2025\/01\/Foto-5-300x169.jpg\" alt=\"\" width=\"300\" height=\"169\" srcset=\"https:\/\/upla.cl\/noticias\/wp-content\/uploads\/2025\/01\/Foto-5-300x169.jpg 300w, https:\/\/upla.cl\/noticias\/wp-content\/uploads\/2025\/01\/Foto-5-1024x576.jpg 1024w, https:\/\/upla.cl\/noticias\/wp-content\/uploads\/2025\/01\/Foto-5-150x84.jpg 150w, https:\/\/upla.cl\/noticias\/wp-content\/uploads\/2025\/01\/Foto-5-768x432.jpg 768w, https:\/\/upla.cl\/noticias\/wp-content\/uploads\/2025\/01\/Foto-5-1536x864.jpg 1536w, https:\/\/upla.cl\/noticias\/wp-content\/uploads\/2025\/01\/Foto-5.jpg 1920w\" sizes=\"auto, (max-width: 300px) 100vw, 300px\" \/><\/a>Por su parte, <strong>Miguel Ahumada Montenegro, funcionario del Departamento de Aranceles<\/strong> de la Universidad, detall\u00f3 que \u201cestamos trabajando en el proceso de Admisi\u00f3n asesorando a las y los estudiantes respecto a valores de aranceles y pago de matr\u00edculas, coordinados con Admisi\u00f3n y la Direcci\u00f3n General de Desarrollo Estudiantil\u201d.<\/p>\n<p>Las y los estudiantes seleccionados <strong>tienen plazo hasta este jueves 23 de enero, a las 17:00 horas<\/strong>, para hacer efectiva su matr\u00edcula de manera online a trav\u00e9s de la p\u00e1gina web upla.cl. Posterior a esto, se iniciar\u00e1 el llamado a las listas de espera y a la repostulaci\u00f3n de las distintas carreras de la Universidad de Playa Ancha.<\/p>\n","protected":false},"excerpt":{"rendered":"<p>La Universidad de Playa Ancha se encuentra trabajando en el proceso de matr\u00edculas 2025, instancia que se extiende hasta este jueves 23 de enero.<\/p>\n","protected":false},"author":10,"featured_media":182644,"comment_status":"closed","ping_status":"closed","sticky":false,"template":"","format":"standard","meta":{"footnotes":""},"categories":[212,51,200,201,40,97,91],"tags":[],"class_list":["post-182640","post","type-post","status-publish","format-standard","has-post-thumbnail","","category-admision","category-academia","category-aranceles-y-credito","category-desarrollo-estudiantil","category-destacados","category-estudiantes","category-vinculacion-con-el-medio"],"_links":{"self":[{"href":"https:\/\/upla.cl\/noticias\/wp-json\/wp\/v2\/posts\/182640","targetHints":{"allow":["GET"]}}],"collection":[{"href":"https:\/\/upla.cl\/noticias\/wp-json\/wp\/v2\/posts"}],"about":[{"href":"https:\/\/upla.cl\/noticias\/wp-json\/wp\/v2\/types\/post"}],"author":[{"embeddable":true,"href":"https:\/\/upla.cl\/noticias\/wp-json\/wp\/v2\/users\/10"}],"replies":[{"embeddable":true,"href":"https:\/\/upla.cl\/noticias\/wp-json\/wp\/v2\/comments?post=182640"}],"version-history":[{"count":0,"href":"https:\/\/upla.cl\/noticias\/wp-json\/wp\/v2\/posts\/182640\/revisions"}],"wp:featuredmedia":[{"embeddable":true,"href":"https:\/\/upla.cl\/noticias\/wp-json\/wp\/v2\/media\/182644"}],"wp:attachment":[{"href":"https:\/\/upla.cl\/noticias\/wp-json\/wp\/v2\/media?parent=182640"}],"wp:term":[{"taxonomy":"category","embeddable":true,"href":"https:\/\/upla.cl\/noticias\/wp-json\/wp\/v2\/categories?post=182640"},{"taxonomy":"post_tag","embeddable":true,"href":"https:\/\/upla.cl\/noticias\/wp-json\/wp\/v2\/tags?post=182640"}],"curies":[{"name":"wp","href":"https:\/\/api.w.org\/{rel}","templated":true}]}}