{"id":182699,"date":"2025-01-23T15:28:56","date_gmt":"2025-01-23T18:28:56","guid":{"rendered":"https:\/\/www.upla.cl\/noticias\/?p=182699"},"modified":"2025-01-24T08:11:27","modified_gmt":"2025-01-24T11:11:27","slug":"upla-inicia-su-periodo-de-matriculas-de-los-postulantes-de-la-lista-de-espera","status":"publish","type":"post","link":"https:\/\/upla.cl\/noticias\/2025\/01\/23\/upla-inicia-su-periodo-de-matriculas-de-los-postulantes-de-la-lista-de-espera\/","title":{"rendered":"UPLA inicia per\u00edodo de matr\u00edculas de los postulantes de la Lista de Espera"},"content":{"rendered":"<p><strong><a href=\"https:\/\/www.upla.cl\/noticias\/wp-content\/uploads\/2023\/01\/20230130_admision_noticiasmatriculas_pendon.jpg\"><img loading=\"lazy\" decoding=\"async\" class=\"aligncenter size-large wp-image-156742\" src=\"https:\/\/www.upla.cl\/noticias\/wp-content\/uploads\/2023\/01\/20230130_admision_noticiasmatriculas_pendon-1024x576.jpg\" alt=\"Universidad de Playa Ancha\" width=\"618\" height=\"348\" srcset=\"https:\/\/upla.cl\/noticias\/wp-content\/uploads\/2023\/01\/20230130_admision_noticiasmatriculas_pendon-1024x576.jpg 1024w, https:\/\/upla.cl\/noticias\/wp-content\/uploads\/2023\/01\/20230130_admision_noticiasmatriculas_pendon-300x169.jpg 300w, https:\/\/upla.cl\/noticias\/wp-content\/uploads\/2023\/01\/20230130_admision_noticiasmatriculas_pendon-768x432.jpg 768w, https:\/\/upla.cl\/noticias\/wp-content\/uploads\/2023\/01\/20230130_admision_noticiasmatriculas_pendon-1536x864.jpg 1536w, https:\/\/upla.cl\/noticias\/wp-content\/uploads\/2023\/01\/20230130_admision_noticiasmatriculas_pendon.jpg 1920w\" sizes=\"auto, (max-width: 618px) 100vw, 618px\" \/><\/a>Hasta el domingo 26 de enero de 2025<\/strong> se realizar\u00e1 la matr\u00edcula de los y las postulantes que quedaron en Lista de Espera para matricularse en alguna de las carreras que a\u00fan no han completado sus cupos en la <strong>Universidad de Playa Ancha.<\/strong><\/p>\n<p><a href=\"https:\/\/www.upla.cl\/noticias\/wp-content\/uploads\/2025\/01\/Inicio_segunda_etapa_admision_2025-9-scaled.jpg\"><img loading=\"lazy\" decoding=\"async\" class=\"alignright size-medium wp-image-182706\" src=\"https:\/\/www.upla.cl\/noticias\/wp-content\/uploads\/2025\/01\/Inicio_segunda_etapa_admision_2025-9-300x200.jpg\" alt=\"\" width=\"300\" height=\"200\" srcset=\"https:\/\/upla.cl\/noticias\/wp-content\/uploads\/2025\/01\/Inicio_segunda_etapa_admision_2025-9-300x200.jpg 300w, https:\/\/upla.cl\/noticias\/wp-content\/uploads\/2025\/01\/Inicio_segunda_etapa_admision_2025-9-1024x683.jpg 1024w, https:\/\/upla.cl\/noticias\/wp-content\/uploads\/2025\/01\/Inicio_segunda_etapa_admision_2025-9-150x100.jpg 150w, https:\/\/upla.cl\/noticias\/wp-content\/uploads\/2025\/01\/Inicio_segunda_etapa_admision_2025-9-768x512.jpg 768w, https:\/\/upla.cl\/noticias\/wp-content\/uploads\/2025\/01\/Inicio_segunda_etapa_admision_2025-9-1536x1025.jpg 1536w, https:\/\/upla.cl\/noticias\/wp-content\/uploads\/2025\/01\/Inicio_segunda_etapa_admision_2025-9-2048x1367.jpg 2048w\" sizes=\"auto, (max-width: 300px) 100vw, 300px\" \/><\/a>As\u00ed lo inform\u00f3 <strong>Claudia Valenzuela Mateluna, Directora de la Unidad Selecci\u00f3n y Admisi\u00f3n de Alumnos,<\/strong> quien adelant\u00f3 que a las <span style=\"text-decoration: underline;\">19:00 horas de hoy jueves 23 de enero,<\/span> se publicar\u00e1n las listas de aceptados de acuerdo al orden de las vacantes liberadas.<\/p>\n<p>\u201cEl proceso en s\u00ed es un proceso que dura diez d\u00edas. Los primeros tres d\u00edas nosotros estamos en la matr\u00edcula de la lista de selecci\u00f3n, el cual se cierra hoy (jueves). Por lo tanto, hoy vamos a revisar aquellas carreras que todav\u00eda tienen vacantes y vamos a hacer correr la lista de espera y la matr\u00edcula de la lista de espera es el viernes 24, s\u00e1bado 25 y domingo 26 de enero\u201d, dijo la directora.<\/p>\n<p><a href=\"https:\/\/www.upla.cl\/noticias\/wp-content\/uploads\/2025\/01\/Inicio_segunda_etapa_admision_2025-2-scaled.jpg\"><img loading=\"lazy\" decoding=\"async\" class=\"alignright size-medium wp-image-182704\" src=\"https:\/\/www.upla.cl\/noticias\/wp-content\/uploads\/2025\/01\/Inicio_segunda_etapa_admision_2025-2-300x200.jpg\" alt=\"\" width=\"300\" height=\"200\" srcset=\"https:\/\/upla.cl\/noticias\/wp-content\/uploads\/2025\/01\/Inicio_segunda_etapa_admision_2025-2-300x200.jpg 300w, https:\/\/upla.cl\/noticias\/wp-content\/uploads\/2025\/01\/Inicio_segunda_etapa_admision_2025-2-1024x683.jpg 1024w, https:\/\/upla.cl\/noticias\/wp-content\/uploads\/2025\/01\/Inicio_segunda_etapa_admision_2025-2-150x100.jpg 150w, https:\/\/upla.cl\/noticias\/wp-content\/uploads\/2025\/01\/Inicio_segunda_etapa_admision_2025-2-768x512.jpg 768w, https:\/\/upla.cl\/noticias\/wp-content\/uploads\/2025\/01\/Inicio_segunda_etapa_admision_2025-2-1536x1025.jpg 1536w, https:\/\/upla.cl\/noticias\/wp-content\/uploads\/2025\/01\/Inicio_segunda_etapa_admision_2025-2-2048x1367.jpg 2048w\" sizes=\"auto, (max-width: 300px) 100vw, 300px\" \/><\/a>En el caso de que a\u00fan existan vacantes al cierre de este proceso, se recurre a una lista adicional de espera, explica Claudia Valenzuela: \u201cEl objetivo es completar las vacantes informadas y en el caso de que todav\u00eda queden vacantes en aquellas carreras que tienen listas de espera, se hace un llamado a repostular. Es importante se\u00f1alar que la fuente de informaci\u00f3n es la p\u00e1gina web de la universidad (<a href=\"http:\/\/www.upla.cl\">www.upla.cl<\/a>) pues ah\u00ed vamos a alojar la informaci\u00f3n sobre la lista de espera y otras informaciones importantes, recalc\u00f3.<\/p>\n<p>Aunque el proceso de matr\u00edcula es 100% online, la universidad tiene un centro de ayuda a los postulantes que est\u00e1 ubicado en la Biblioteca Central de la UPLA, donde les esperan para aclarar sus dudas\u00a0 un completo equipo de funcionarios y funcionarias. Tambi\u00e9n se puede llamar\u00a0 a los tel\u00e9fonos que se indican en la gr\u00e1fica.<\/p>\n<p><a href=\"https:\/\/www.upla.cl\/noticias\/wp-content\/uploads\/2025\/01\/apoyo_matriculas_2025.jpg\"><img loading=\"lazy\" decoding=\"async\" class=\"size-medium wp-image-182702 aligncenter\" src=\"https:\/\/www.upla.cl\/noticias\/wp-content\/uploads\/2025\/01\/apoyo_matriculas_2025-300x300.jpg\" alt=\"\" width=\"300\" height=\"300\" srcset=\"https:\/\/upla.cl\/noticias\/wp-content\/uploads\/2025\/01\/apoyo_matriculas_2025-300x300.jpg 300w, https:\/\/upla.cl\/noticias\/wp-content\/uploads\/2025\/01\/apoyo_matriculas_2025-1024x1024.jpg 1024w, https:\/\/upla.cl\/noticias\/wp-content\/uploads\/2025\/01\/apoyo_matriculas_2025-150x150.jpg 150w, https:\/\/upla.cl\/noticias\/wp-content\/uploads\/2025\/01\/apoyo_matriculas_2025-768x768.jpg 768w, https:\/\/upla.cl\/noticias\/wp-content\/uploads\/2025\/01\/apoyo_matriculas_2025-1536x1536.jpg 1536w, https:\/\/upla.cl\/noticias\/wp-content\/uploads\/2025\/01\/apoyo_matriculas_2025.jpg 1600w\" sizes=\"auto, (max-width: 300px) 100vw, 300px\" \/><\/a><\/p>\n<h4><strong>\u00a1Te esperamos!<\/strong><\/h4>\n<div id='gallery-1' class='gallery galleryid-182699 gallery-columns-3 gallery-size-medium'><figure class='gallery-item'>\n\t\t\t<div class='gallery-icon landscape'>\n\t\t\t\t<a href='https:\/\/upla.cl\/noticias\/wp-content\/uploads\/2025\/01\/Inicio_segunda_etapa_admision_2025-13-scaled.jpg'><img loading=\"lazy\" decoding=\"async\" width=\"300\" height=\"200\" src=\"https:\/\/upla.cl\/noticias\/wp-content\/uploads\/2025\/01\/Inicio_segunda_etapa_admision_2025-13-300x200.jpg\" class=\"attachment-medium size-medium\" alt=\"\" srcset=\"https:\/\/upla.cl\/noticias\/wp-content\/uploads\/2025\/01\/Inicio_segunda_etapa_admision_2025-13-300x200.jpg 300w, https:\/\/upla.cl\/noticias\/wp-content\/uploads\/2025\/01\/Inicio_segunda_etapa_admision_2025-13-1024x683.jpg 1024w, https:\/\/upla.cl\/noticias\/wp-content\/uploads\/2025\/01\/Inicio_segunda_etapa_admision_2025-13-150x100.jpg 150w, https:\/\/upla.cl\/noticias\/wp-content\/uploads\/2025\/01\/Inicio_segunda_etapa_admision_2025-13-768x512.jpg 768w, https:\/\/upla.cl\/noticias\/wp-content\/uploads\/2025\/01\/Inicio_segunda_etapa_admision_2025-13-1536x1025.jpg 1536w, https:\/\/upla.cl\/noticias\/wp-content\/uploads\/2025\/01\/Inicio_segunda_etapa_admision_2025-13-2048x1367.jpg 2048w\" sizes=\"auto, (max-width: 300px) 100vw, 300px\" \/><\/a>\n\t\t\t<\/div><\/figure><figure class='gallery-item'>\n\t\t\t<div class='gallery-icon landscape'>\n\t\t\t\t<a href='https:\/\/upla.cl\/noticias\/wp-content\/uploads\/2025\/01\/Inicio_segunda_etapa_admision_2025-4-scaled.jpg'><img loading=\"lazy\" decoding=\"async\" width=\"300\" height=\"200\" src=\"https:\/\/upla.cl\/noticias\/wp-content\/uploads\/2025\/01\/Inicio_segunda_etapa_admision_2025-4-300x200.jpg\" class=\"attachment-medium size-medium\" alt=\"\" srcset=\"https:\/\/upla.cl\/noticias\/wp-content\/uploads\/2025\/01\/Inicio_segunda_etapa_admision_2025-4-300x200.jpg 300w, https:\/\/upla.cl\/noticias\/wp-content\/uploads\/2025\/01\/Inicio_segunda_etapa_admision_2025-4-1024x683.jpg 1024w, https:\/\/upla.cl\/noticias\/wp-content\/uploads\/2025\/01\/Inicio_segunda_etapa_admision_2025-4-150x100.jpg 150w, https:\/\/upla.cl\/noticias\/wp-content\/uploads\/2025\/01\/Inicio_segunda_etapa_admision_2025-4-768x512.jpg 768w, https:\/\/upla.cl\/noticias\/wp-content\/uploads\/2025\/01\/Inicio_segunda_etapa_admision_2025-4-1536x1025.jpg 1536w, https:\/\/upla.cl\/noticias\/wp-content\/uploads\/2025\/01\/Inicio_segunda_etapa_admision_2025-4-2048x1367.jpg 2048w\" sizes=\"auto, (max-width: 300px) 100vw, 300px\" \/><\/a>\n\t\t\t<\/div><\/figure><figure class='gallery-item'>\n\t\t\t<div class='gallery-icon landscape'>\n\t\t\t\t<a href='https:\/\/upla.cl\/noticias\/wp-content\/uploads\/2025\/01\/Inicio_segunda_etapa_admision_2025-1-scaled.jpg'><img loading=\"lazy\" decoding=\"async\" width=\"300\" height=\"200\" src=\"https:\/\/upla.cl\/noticias\/wp-content\/uploads\/2025\/01\/Inicio_segunda_etapa_admision_2025-1-300x200.jpg\" class=\"attachment-medium size-medium\" alt=\"\" srcset=\"https:\/\/upla.cl\/noticias\/wp-content\/uploads\/2025\/01\/Inicio_segunda_etapa_admision_2025-1-300x200.jpg 300w, https:\/\/upla.cl\/noticias\/wp-content\/uploads\/2025\/01\/Inicio_segunda_etapa_admision_2025-1-1024x683.jpg 1024w, https:\/\/upla.cl\/noticias\/wp-content\/uploads\/2025\/01\/Inicio_segunda_etapa_admision_2025-1-150x100.jpg 150w, https:\/\/upla.cl\/noticias\/wp-content\/uploads\/2025\/01\/Inicio_segunda_etapa_admision_2025-1-768x512.jpg 768w, https:\/\/upla.cl\/noticias\/wp-content\/uploads\/2025\/01\/Inicio_segunda_etapa_admision_2025-1-1536x1025.jpg 1536w, https:\/\/upla.cl\/noticias\/wp-content\/uploads\/2025\/01\/Inicio_segunda_etapa_admision_2025-1-2048x1367.jpg 2048w\" sizes=\"auto, (max-width: 300px) 100vw, 300px\" \/><\/a>\n\t\t\t<\/div><\/figure>\n\t\t<\/div>\n\n","protected":false},"excerpt":{"rendered":"<p>El proceso se realizar\u00e1 este viernes 24, s\u00e1bado 25 y domingo 26 de enero y es 100% online, no obstante, se puede acudir al centro de ayuda a los y las postulantes  que se encuentra en la Biblioteca Central. <\/p>\n","protected":false},"author":11,"featured_media":156742,"comment_status":"closed","ping_status":"closed","sticky":false,"template":"","format":"standard","meta":{"footnotes":""},"categories":[96,212,60,40,71,72,73,74,75,76,77,78,99],"tags":[],"class_list":["post-182699","post","type-post","status-publish","format-standard","has-post-thumbnail","","category-academicos","category-admision","category-campus-san-felipe","category-destacados","category-facultad-de-arte","category-facultad-de-ciencias-actividad-fisica-y-deporte","category-facultad-de-ciencias-de-la-educacion","category-facultad-de-ciencias-de-la-salud","category-facultad-de-ciencias-naturales-y-exactas","category-facultad-de-ciencias-sociales","category-facultad-de-humanidades","category-facultad-de-ingenieria","category-funcionarios"],"_links":{"self":[{"href":"https:\/\/upla.cl\/noticias\/wp-json\/wp\/v2\/posts\/182699","targetHints":{"allow":["GET"]}}],"collection":[{"href":"https:\/\/upla.cl\/noticias\/wp-json\/wp\/v2\/posts"}],"about":[{"href":"https:\/\/upla.cl\/noticias\/wp-json\/wp\/v2\/types\/post"}],"author":[{"embeddable":true,"href":"https:\/\/upla.cl\/noticias\/wp-json\/wp\/v2\/users\/11"}],"replies":[{"embeddable":true,"href":"https:\/\/upla.cl\/noticias\/wp-json\/wp\/v2\/comments?post=182699"}],"version-history":[{"count":0,"href":"https:\/\/upla.cl\/noticias\/wp-json\/wp\/v2\/posts\/182699\/revisions"}],"wp:featuredmedia":[{"embeddable":true,"href":"https:\/\/upla.cl\/noticias\/wp-json\/wp\/v2\/media\/156742"}],"wp:attachment":[{"href":"https:\/\/upla.cl\/noticias\/wp-json\/wp\/v2\/media?parent=182699"}],"wp:term":[{"taxonomy":"category","embeddable":true,"href":"https:\/\/upla.cl\/noticias\/wp-json\/wp\/v2\/categories?post=182699"},{"taxonomy":"post_tag","embeddable":true,"href":"https:\/\/upla.cl\/noticias\/wp-json\/wp\/v2\/tags?post=182699"}],"curies":[{"name":"wp","href":"https:\/\/api.w.org\/{rel}","templated":true}]}}