{"id":182996,"date":"2025-03-11T11:46:33","date_gmt":"2025-03-11T14:46:33","guid":{"rendered":"https:\/\/www.upla.cl\/noticias\/?p=182996"},"modified":"2025-08-01T11:56:32","modified_gmt":"2025-08-01T15:56:32","slug":"coordinador-de-doctorado-en-educacion-adjudica-proyecto-de-fomento-a-la-vinculacion-internacional-de-anid","status":"publish","type":"post","link":"https:\/\/upla.cl\/noticias\/2025\/03\/11\/coordinador-de-doctorado-en-educacion-adjudica-proyecto-de-fomento-a-la-vinculacion-internacional-de-anid\/","title":{"rendered":"Coordinador de Doctorado en Educaci\u00f3n adjudica proyecto de Fomento a la Vinculaci\u00f3n Internacional de ANID"},"content":{"rendered":"<p><a href=\"https:\/\/www.upla.cl\/noticias\/wp-content\/uploads\/2025\/03\/Referencia_proyecto_ANID_Doctorado_EDU.png\"><img loading=\"lazy\" decoding=\"async\" class=\"aligncenter size-full wp-image-182997\" src=\"https:\/\/www.upla.cl\/noticias\/wp-content\/uploads\/2025\/03\/Referencia_proyecto_ANID_Doctorado_EDU.png\" alt=\"\" width=\"810\" height=\"627\" srcset=\"https:\/\/upla.cl\/noticias\/wp-content\/uploads\/2025\/03\/Referencia_proyecto_ANID_Doctorado_EDU.png 810w, https:\/\/upla.cl\/noticias\/wp-content\/uploads\/2025\/03\/Referencia_proyecto_ANID_Doctorado_EDU-300x232.png 300w, https:\/\/upla.cl\/noticias\/wp-content\/uploads\/2025\/03\/Referencia_proyecto_ANID_Doctorado_EDU-150x116.png 150w, https:\/\/upla.cl\/noticias\/wp-content\/uploads\/2025\/03\/Referencia_proyecto_ANID_Doctorado_EDU-768x594.png 768w\" sizes=\"auto, (max-width: 810px) 100vw, 810px\" \/><\/a>En la d\u00e9cimo primera posici\u00f3n, junto a otras dos propuestas, de un total de 118 del ranking general, se ubic\u00f3 el proyecto <strong>\u201cRed latinoamericana de educaci\u00f3n, pol\u00edtica e interculturalidad\u00bb<\/strong>, presentado ante el Concurso de <strong><a href=\"https:\/\/anid.cl\/concursos\/concurso-de-fomento-a-la-vinculacion-internacional-para-instituciones-de-investigacion-2024\/\" target=\"_blank\" rel=\"noopener\">Fomento a la Vinculaci\u00f3n Internacional de la ANID<\/a> (Agencia Nacional de Investigaci\u00f3n y Desarrollo)<\/strong> por el <strong>coordinador del programa de <a href=\"https:\/\/doctoradoeneducacion.cl\/\" target=\"_blank\" rel=\"noopener\">Doctorado en Educaci\u00f3n Consorciado,<\/a> Dr. David G. Miranda.<\/strong><\/p>\n<p>El proyecto, permitir\u00e1 articular este doctorado con el trabajo de la <strong>red <a href=\"https:\/\/www.clacso.org\/\" target=\"_blank\" rel=\"noopener\">CLACSO<\/a> (Consejo Latinoamericano de Ciencias Sociales),<\/strong> organizaci\u00f3n que promueve la colaboraci\u00f3n y el intercambio de conocimientos en las Ciencias Sociales en Am\u00e9rica Latina, considerando una agenda de actividades donde participar\u00e1n acad\u00e9micos extranjeros y, a su vez, permitir\u00e1 que los acad\u00e9micos del doctorado puedan realizar pasant\u00edas de trabajo internacional en las \u00e1reas que considera el proyecto, vincul\u00e1ndose a tem\u00e1ticas relacionadas con Educaci\u00f3n Popular y Pedagog\u00edas cr\u00edticas, Educaci\u00f3n e Interculturalidad, y Pol\u00edticas Educativas y Derecho a la Educaci\u00f3n.<\/p>\n<p>De esta manera, el Dr. David Gonz\u00e1lez Miranda, acad\u00e9mico responsable del proyecto y coordinador del Doctorado en Educaci\u00f3n Consorciado de las Universidades de Playa Ancha, Los Lagos y Antofagasta, junto a la <strong>Dra. Silvia Sarzoza, Decana de la Facultad de Ciencias de la Educaci\u00f3n y el Dr. Fabi\u00e1n Cabaluz,<\/strong> ser\u00e1n los encargados de orientar a un equipo de acad\u00e9micos en Chile y Latinoamericana para dar forma a esta red, que fortalece los v\u00ednculos del programa, con un especial foco en la relaci\u00f3n entre Educaci\u00f3n, Territorio e Interculturalidad, los que constituyen una de las l\u00edneas de investigaci\u00f3n del doctorado.<\/p>\n<p>Participan en el nacimiento de esta red los acad\u00e9micos del programa de Doctorado y de los respectivos grupos de trabajo de CLACSO:<br \/>\n&#8211; David G. Miranda, Doctor en Ciencias Pol\u00edticas, Universidad de Playa Ancha<br \/>\n&#8211; Fabi\u00e1n Cabaluz Ducasse, Doctor en Estudios Latinoamericanos, Universidad de Playa Ancha<br \/>\n&#8211; Bastian Carter Thuillier, Doctor en Investigaci\u00f3n Transdisciplinar en Educaci\u00f3n, Universidad de Los Lagos<br \/>\n&#8211; Milenko Del Valle, Doctor en Psicolog\u00eda, Universidad de Antofagasta<br \/>\n&#8211; Francisco Gallardo Fuentes, Doctor en Investigaci\u00f3n Transdisciplinar en Educaci\u00f3n, Universidad de Los Lagos<br \/>\n&#8211; Nicole Riveros, Doctora en Filolog\u00eda Espa\u00f1ola, Universidad de Antofagasta<br \/>\n&#8211; Mar\u00eda Mercedes Palumbo, Doctora en Educaci\u00f3n, CLACSO \/Universidad de Luj\u00e1n (Argentina) Coordinadora del Grupo de Trabajo de Educaci\u00f3n Popular y pedagog\u00edas cr\u00edticas.<br \/>\n&#8211; Fernando Santana, Profesor de Lengua y Literatura, CLACSO \/ Coordinador del Grupo de Trabajo de Educaci\u00f3n Popular y pedagog\u00edas cr\u00edticas.<br \/>\n&#8211; Fernanda Saforcada, Doctora en Educaci\u00f3n, CLACSO \/ Universidad de Buenos Aires (Argentina) Coordinadora del Grupo de Trabajo de Pol\u00edticas educativas y derecho a la educaci\u00f3n.<br \/>\n&#8211; Pablo Martinis, Doctor en Ciencias Sociales, CLACSO \/ Universidad de la Rep\u00fablica (Uruguay) \/ Coordinador del Grupo de Trabajo de Pol\u00edticas educativas y derecho a la educaci\u00f3n.<br \/>\n&#8211; Mar\u00eda Gabriela Walder Encina Magister en Ciencias Sociales \/CLACSO \/ Universidad Nacional de Asunci\u00f3n (Paraguay), Coordinadora del Grupo de Trabajo de Pol\u00edticas educativas y derecho a la educaci\u00f3n.<br \/>\n&#8211; Patricia Ames, Doctor of Philosophy, CLACSO \/Pontificia Universidad Cat\u00f3lica del Per\u00fa \/ Coordinadora del Grupo de Trabajo de Educaci\u00f3n e Interculturalidad.<br \/>\n&#8211; Mariana Garc\u00eda Palacios \/ Doctora en Antropolog\u00eda Social CLACSO \/ Universidad de Buenos Aires (Argentina) Coordinadora del Grupo de Trabajo de Educaci\u00f3n e Interculturalidad.<br \/>\n&#8211; Gabriela Czarny, Doctora en Ciencias CLACSO \/ Universidad Pedag\u00f3gica Nacional Hidalgo (M\u00e9xico), Coordinadora del Grupo de Trabajo de Educaci\u00f3n e Interculturalidad.<br \/>\n&#8211; Ana Carolina Hetch, Doctora en Antropolog\u00eda, Universidad de Buenos Aires, Coordinadora del Grupo de Trabajo de Educaci\u00f3n e Interculturalidad.<br \/>\n&#8211; Noelia Henriz, Doctor en Filosof\u00eda con menci\u00f3n en antropolog\u00eda social, Universidad de Buenos Aires, Coordinadora del Grupo de Trabajo de Educaci\u00f3n e Interculturalidad.<\/p>\n","protected":false},"excerpt":{"rendered":"<p>El Dr. David G. Miranda coordinador del Doctorado Consorciado en la UPLA, destac\u00f3 que la iniciativa permitir\u00e1 articular el trabajo de este programa con la CLACSO, entre otras instancias de investigaci\u00f3n.<\/p>\n","protected":false},"author":11,"featured_media":182997,"comment_status":"closed","ping_status":"closed","sticky":false,"template":"","format":"standard","meta":{"footnotes":""},"categories":[51,96,40,69,73,43,651,85,91],"tags":[],"class_list":["post-182996","post","type-post","status-publish","format-standard","has-post-thumbnail","","category-academia","category-academicos","category-destacados","category-egresados","category-facultad-de-ciencias-de-la-educacion","category-investigacion","category-magister-en-literatura","category-postgrados","category-vinculacion-con-el-medio"],"_links":{"self":[{"href":"https:\/\/upla.cl\/noticias\/wp-json\/wp\/v2\/posts\/182996","targetHints":{"allow":["GET"]}}],"collection":[{"href":"https:\/\/upla.cl\/noticias\/wp-json\/wp\/v2\/posts"}],"about":[{"href":"https:\/\/upla.cl\/noticias\/wp-json\/wp\/v2\/types\/post"}],"author":[{"embeddable":true,"href":"https:\/\/upla.cl\/noticias\/wp-json\/wp\/v2\/users\/11"}],"replies":[{"embeddable":true,"href":"https:\/\/upla.cl\/noticias\/wp-json\/wp\/v2\/comments?post=182996"}],"version-history":[{"count":0,"href":"https:\/\/upla.cl\/noticias\/wp-json\/wp\/v2\/posts\/182996\/revisions"}],"wp:featuredmedia":[{"embeddable":true,"href":"https:\/\/upla.cl\/noticias\/wp-json\/wp\/v2\/media\/182997"}],"wp:attachment":[{"href":"https:\/\/upla.cl\/noticias\/wp-json\/wp\/v2\/media?parent=182996"}],"wp:term":[{"taxonomy":"category","embeddable":true,"href":"https:\/\/upla.cl\/noticias\/wp-json\/wp\/v2\/categories?post=182996"},{"taxonomy":"post_tag","embeddable":true,"href":"https:\/\/upla.cl\/noticias\/wp-json\/wp\/v2\/tags?post=182996"}],"curies":[{"name":"wp","href":"https:\/\/api.w.org\/{rel}","templated":true}]}}