{"id":183131,"date":"2025-03-14T15:04:06","date_gmt":"2025-03-14T18:04:06","guid":{"rendered":"https:\/\/www.upla.cl\/noticias\/?p=183131"},"modified":"2025-03-14T15:04:06","modified_gmt":"2025-03-14T18:04:06","slug":"academico-de-la-upla-acredita-por-5-anos-ante-el-cpeip-del-mineduc-curso-de-formacion-emocional-docente","status":"publish","type":"post","link":"https:\/\/upla.cl\/noticias\/2025\/03\/14\/academico-de-la-upla-acredita-por-5-anos-ante-el-cpeip-del-mineduc-curso-de-formacion-emocional-docente\/","title":{"rendered":"Acad\u00e9mico de la UPLA acredita por 5 a\u00f1os ante el CPEIP del Mineduc curso de formaci\u00f3n emocional docente"},"content":{"rendered":"<figure id=\"attachment_183133\" aria-describedby=\"caption-attachment-183133\" style=\"width: 640px\" class=\"wp-caption aligncenter\"><a href=\"https:\/\/www.upla.cl\/noticias\/wp-content\/uploads\/2025\/03\/Imagen-de-contexto.jpg\"><img loading=\"lazy\" decoding=\"async\" class=\"size-full wp-image-183133\" src=\"https:\/\/www.upla.cl\/noticias\/wp-content\/uploads\/2025\/03\/Imagen-de-contexto.jpg\" alt=\"\" width=\"640\" height=\"430\" srcset=\"https:\/\/upla.cl\/noticias\/wp-content\/uploads\/2025\/03\/Imagen-de-contexto.jpg 640w, https:\/\/upla.cl\/noticias\/wp-content\/uploads\/2025\/03\/Imagen-de-contexto-300x202.jpg 300w, https:\/\/upla.cl\/noticias\/wp-content\/uploads\/2025\/03\/Imagen-de-contexto-150x101.jpg 150w, https:\/\/upla.cl\/noticias\/wp-content\/uploads\/2025\/03\/Imagen-de-contexto-110x75.jpg 110w\" sizes=\"auto, (max-width: 640px) 100vw, 640px\" \/><\/a><figcaption id=\"caption-attachment-183133\" class=\"wp-caption-text\">Imagen referencial, archivo.<\/figcaption><\/figure>\n<p>Un importante logro alcanz\u00f3 el Doctor en Psicolog\u00eda, <strong>acad\u00e9mico y coordinador de Investigaci\u00f3n del campus San Felipe de la UPLA,<\/strong> <strong>Octavio Poblete Christie<\/strong>, al conseguir acreditar ante el <strong>Centro de Perfeccionamiento, Experimentaci\u00f3n e Investigaciones Pedag\u00f3gicas (CPEIP) del Ministerio de Educaci\u00f3n (Mineduc)<\/strong> el curso que lleva por nombre <strong>\u201cFormaci\u00f3n emocional docente centrado en el curr\u00edculum\u201d.<\/strong><\/p>\n<p>La iniciativa fue acreditada por un total de 5 a\u00f1os por el ente estatal, representando una potente acci\u00f3n de vinculaci\u00f3n con el medio surgida desde el <a href=\"https:\/\/www.upla.cl\/sanfelipe\/\">campus de la UPLA en el Valle de Aconcagua<\/a>, a partir de un encargo realizado por la <strong>Oficina Provincial de Educaci\u00f3n de San Felipe.<\/strong><\/p>\n<p>El curso fue dise\u00f1ado por el acad\u00e9mico Octavio Poblete con el apoyo del Dr. Alejandro Gallardo Jaque, ambos de la <a href=\"https:\/\/www.upla.cl\/facultad\/cienciaseducacion\/\"><strong>Facultad de Ciencias de la Educaci\u00f3n<\/strong><\/a> de la UPLA, y en su ejecuci\u00f3n est\u00e1 contemplada la participaci\u00f3n de al menos dos docentes m\u00e1s, caracterizados por un alto nivel de experiencia profesional y especializaci\u00f3n en el tema.<\/p>\n<p><a href=\"https:\/\/www.upla.cl\/noticias\/wp-content\/uploads\/2025\/03\/Profesor-Octavio-Poblete.jpeg\"><img loading=\"lazy\" decoding=\"async\" class=\"alignleft size-medium wp-image-183132\" src=\"https:\/\/www.upla.cl\/noticias\/wp-content\/uploads\/2025\/03\/Profesor-Octavio-Poblete-300x217.jpeg\" alt=\"\" width=\"300\" height=\"217\" srcset=\"https:\/\/upla.cl\/noticias\/wp-content\/uploads\/2025\/03\/Profesor-Octavio-Poblete-300x217.jpeg 300w, https:\/\/upla.cl\/noticias\/wp-content\/uploads\/2025\/03\/Profesor-Octavio-Poblete-150x109.jpeg 150w, https:\/\/upla.cl\/noticias\/wp-content\/uploads\/2025\/03\/Profesor-Octavio-Poblete.jpeg 512w\" sizes=\"auto, (max-width: 300px) 100vw, 300px\" \/><\/a>El profesor Octavio Poblete explica que se trata de un curso que \u201cha sido dise\u00f1ado especialmente para profesores, con bastante profundidad, considerando los avances m\u00e1s contempor\u00e1neos de la neurociencia y de la psicolog\u00eda humanista. Entonces, integra un caudal de conocimientos muy aterrizados y se orienta finalmente al curr\u00edculum, lo que significa que aparte de entregar herramientas personales, tambi\u00e9n se entregan estrategias e incluso se dise\u00f1an actividades para abordar el tema emocional en las aulas con los estudiantes\u201d.<\/p>\n<p>Junto con ello, el acad\u00e9mico de la UPLA releva el hecho de que el curso \u201ces impartido por una universidad p\u00fablica, garantizando con ello la seriedad y calidad de la propuesta\u201d.<\/p>\n<p>Respecto del reconocimiento del CPEIP a la iniciativa, el Doctor en psicolog\u00eda destaca que \u201cesto hace que este curso sea funcional al <strong>Sistema de Desarrollo Profesional Docente<\/strong>, y eso significa que no s\u00f3lo entrega los elementos t\u00e9cnicos reconocidos por el Ministerio de Educaci\u00f3n para trabajar en el \u00e1mbito emocional dentro del \u00e1rea educativa, sino que tambi\u00e9n est\u00e1 sujeto a los eventuales reconocimientos administrativos y monetarios provenientes del mencionado Sistema de Desarrollo Profesional Docente, para los y las docentes que realizan el curso\u201d.<\/p>\n<p>Cabe mencionar que la iniciativa tiene una duraci\u00f3n de 60 horas, y consta de tres m\u00f3dulos tem\u00e1ticos con 12 sesiones en total, cada una de 5 horas de duraci\u00f3n. Espec\u00edficamente, dichos m\u00f3dulos abarcan la contextualizaci\u00f3n y fundamentaci\u00f3n de la tem\u00e1tica educacional en el \u00e1mbito educativo; el fomento de la autoconsciencia emocional docente, un espacio esencialmente experiencial y pr\u00e1ctico donde, por ejemplo, se consideran como apoyo pasos pr\u00e1cticos de meditaci\u00f3n y yoga; y la construcci\u00f3n de una propuesta de formaci\u00f3n emocional de parte de los asistentes para sus estudiantes.<\/p>\n<p style=\"text-align: right;\">(Daniel Labb\u00e9 Y., periodista Direcci\u00f3n General de Vinculaci\u00f3n con el Medio \/ Campus San Felipe)<\/p>\n","protected":false},"excerpt":{"rendered":"<p>La iniciativa a cargo del coordinador de Investigaci\u00f3n del campus San Felipe, Dr. Octavio Poblete, est\u00e1 dirigida a docentes y directivos de establecimientos educacionales, y cont\u00f3 con el apoyo del tambi\u00e9n profesor de la universidad, Dr. Alejandro Gallardo Jaque.<\/p>\n","protected":false},"author":11,"featured_media":183133,"comment_status":"closed","ping_status":"closed","sticky":false,"template":"","format":"standard","meta":{"footnotes":""},"categories":[51,96,60,40,73,91],"tags":[],"class_list":["post-183131","post","type-post","status-publish","format-standard","has-post-thumbnail","","category-academia","category-academicos","category-campus-san-felipe","category-destacados","category-facultad-de-ciencias-de-la-educacion","category-vinculacion-con-el-medio"],"_links":{"self":[{"href":"https:\/\/upla.cl\/noticias\/wp-json\/wp\/v2\/posts\/183131","targetHints":{"allow":["GET"]}}],"collection":[{"href":"https:\/\/upla.cl\/noticias\/wp-json\/wp\/v2\/posts"}],"about":[{"href":"https:\/\/upla.cl\/noticias\/wp-json\/wp\/v2\/types\/post"}],"author":[{"embeddable":true,"href":"https:\/\/upla.cl\/noticias\/wp-json\/wp\/v2\/users\/11"}],"replies":[{"embeddable":true,"href":"https:\/\/upla.cl\/noticias\/wp-json\/wp\/v2\/comments?post=183131"}],"version-history":[{"count":0,"href":"https:\/\/upla.cl\/noticias\/wp-json\/wp\/v2\/posts\/183131\/revisions"}],"wp:featuredmedia":[{"embeddable":true,"href":"https:\/\/upla.cl\/noticias\/wp-json\/wp\/v2\/media\/183133"}],"wp:attachment":[{"href":"https:\/\/upla.cl\/noticias\/wp-json\/wp\/v2\/media?parent=183131"}],"wp:term":[{"taxonomy":"category","embeddable":true,"href":"https:\/\/upla.cl\/noticias\/wp-json\/wp\/v2\/categories?post=183131"},{"taxonomy":"post_tag","embeddable":true,"href":"https:\/\/upla.cl\/noticias\/wp-json\/wp\/v2\/tags?post=183131"}],"curies":[{"name":"wp","href":"https:\/\/api.w.org\/{rel}","templated":true}]}}