{"id":183135,"date":"2025-03-14T16:23:22","date_gmt":"2025-03-14T19:23:22","guid":{"rendered":"https:\/\/www.upla.cl\/noticias\/?p=183135"},"modified":"2025-03-14T16:23:22","modified_gmt":"2025-03-14T19:23:22","slug":"coliformes-fecales-upla-realizara-monitoreo-continuo-de-agua-de-mar-y-sedimentos-en-la-region-de-valparaiso","status":"publish","type":"post","link":"https:\/\/upla.cl\/noticias\/2025\/03\/14\/coliformes-fecales-upla-realizara-monitoreo-continuo-de-agua-de-mar-y-sedimentos-en-la-region-de-valparaiso\/","title":{"rendered":"Coliformes fecales: UPLA realizar\u00e1 monitoreo continuo de agua de mar y sedimentos en la Regi\u00f3n de Valpara\u00edso"},"content":{"rendered":"<p><a href=\"https:\/\/www.upla.cl\/noticias\/wp-content\/uploads\/2025\/03\/hubambientalupla_monitoreo_mjosediaz_lomalarga2022.jpg\"><img loading=\"lazy\" decoding=\"async\" class=\"alignright  wp-image-183140\" src=\"https:\/\/www.upla.cl\/noticias\/wp-content\/uploads\/2025\/03\/hubambientalupla_monitoreo_mjosediaz_lomalarga2022.jpg\" alt=\"Coliformes fecales: UPLA realizar\u00e1 monitoreo continuo de agua de mar y sedimentos en la Regi\u00f3n de Valpara\u00edso\" width=\"351\" height=\"263\" srcset=\"https:\/\/upla.cl\/noticias\/wp-content\/uploads\/2025\/03\/hubambientalupla_monitoreo_mjosediaz_lomalarga2022.jpg 958w, https:\/\/upla.cl\/noticias\/wp-content\/uploads\/2025\/03\/hubambientalupla_monitoreo_mjosediaz_lomalarga2022-300x225.jpg 300w, https:\/\/upla.cl\/noticias\/wp-content\/uploads\/2025\/03\/hubambientalupla_monitoreo_mjosediaz_lomalarga2022-150x113.jpg 150w, https:\/\/upla.cl\/noticias\/wp-content\/uploads\/2025\/03\/hubambientalupla_monitoreo_mjosediaz_lomalarga2022-768x576.jpg 768w\" sizes=\"auto, (max-width: 351px) 100vw, 351px\" \/><\/a>Un reciente reportaje de <a href=\"https:\/\/www.theclinic.cl\/2025\/03\/08\/playas-bajo-amenaza-de-contaminacion-mas-de-30-balnearios-estan-ubicados-en-zonas-donde-se-descargan-aguas-servidas\/\" target=\"_blank\" rel=\"noopener\">The Clinic<\/a> indica que m\u00e1s de <strong>30 balnearios nacionales se encuentran en zonas donde se descargan aguas servidas, a trav\u00e9s de emisarios submarinos<\/strong>, que es el nombre t\u00e9cnico de las tuber\u00edas sumergidas que las empresas sanitarias utilizan para descargar estos desechos en el mar.<\/p>\n<p>Uno de ellos es el de Loma Larga, perteneciente a Esval y situado en Playa Ancha (Valpara\u00edso), que en 2023 \u2013a petici\u00f3n de la comunidad de vecinos del sector y pescadores de la caleta El Membrillo\u2013 fue objeto de un <a href=\"https:\/\/www.upla.cl\/noticias\/2023\/07\/18\/estudio-corrobora-alarmante-presencia-de-coliformes-fecales-en-la-costa-de-valparaiso\/\">estudio realizado por el HUB Ambiental de la Universidad de Playa Ancha<\/a>, el cual detect\u00f3 alarmantes niveles de coliformes fecales, incluso en el borde costero. Durante sucesivas campa\u00f1as de muestreo, en mar y tierra, se seleccionaron puntos estrat\u00e9gicos de an\u00e1lisis, que abarcaron la zona de descarga del emisario, la Zona de Protecci\u00f3n Litoral (ZPL) y el \u00c1rea de Manejo y Explotaci\u00f3n de Recursos Bent\u00f3nicos (AMERB) \u201cEl Membrillo\u201d, contemplando sitios de control para el contraste de resultados.<\/p>\n<p>Es por eso que, ante la vigencia de esta problem\u00e1tica, el <a href=\"https:\/\/hubambientalupla.cl\/\">centro de investigaci\u00f3n HUB Ambiental de la Universidad de Playa Ancha<\/a> impulsar\u00e1, a trav\u00e9s de financiamiento institucional de la Direcci\u00f3n General de Investigaci\u00f3n, un estudio que permitir\u00e1 realizar, durante 2025, un monitoreo continuo en tres puntos estrat\u00e9gicos de la bah\u00eda del Gran Valpara\u00edso: las playas Las Torpederas y Caleta Abarca, y el Muelle Bar\u00f3n.<\/p>\n<p><a href=\"https:\/\/www.upla.cl\/noticias\/wp-content\/uploads\/2025\/03\/hubambientalupla_MuestreoLomaLarga2022.jpg\"><img loading=\"lazy\" decoding=\"async\" class=\"alignright  wp-image-183141\" src=\"https:\/\/www.upla.cl\/noticias\/wp-content\/uploads\/2025\/03\/hubambientalupla_MuestreoLomaLarga2022.jpg\" alt=\"Coliformes fecales: UPLA realizar\u00e1 monitoreo continuo de agua de mar y sedimentos en la Regi\u00f3n de Valpara\u00edso\" width=\"350\" height=\"197\" srcset=\"https:\/\/upla.cl\/noticias\/wp-content\/uploads\/2025\/03\/hubambientalupla_MuestreoLomaLarga2022.jpg 1920w, https:\/\/upla.cl\/noticias\/wp-content\/uploads\/2025\/03\/hubambientalupla_MuestreoLomaLarga2022-300x169.jpg 300w, https:\/\/upla.cl\/noticias\/wp-content\/uploads\/2025\/03\/hubambientalupla_MuestreoLomaLarga2022-1024x577.jpg 1024w, https:\/\/upla.cl\/noticias\/wp-content\/uploads\/2025\/03\/hubambientalupla_MuestreoLomaLarga2022-150x84.jpg 150w, https:\/\/upla.cl\/noticias\/wp-content\/uploads\/2025\/03\/hubambientalupla_MuestreoLomaLarga2022-768x432.jpg 768w, https:\/\/upla.cl\/noticias\/wp-content\/uploads\/2025\/03\/hubambientalupla_MuestreoLomaLarga2022-1536x865.jpg 1536w\" sizes=\"auto, (max-width: 350px) 100vw, 350px\" \/><\/a>La investigaci\u00f3n usar\u00e1 como marco de referencia el <a href=\"https:\/\/www.bcn.cl\/leychile\/navegar?idNorma=1001042\" target=\"_blank\" rel=\"noopener\">Decreto N\u00b0144<\/a> del Ministerio Secretar\u00eda General de la Rep\u00fablica, que desde 2009 \u201cestablece normas de calidad primaria para la protecci\u00f3n de las aguas marinas y estuarinas aptas para actividades de recreaci\u00f3n con contacto directo\u201d. Del mismo modo, a trav\u00e9s de este proyecto y otras iniciativas del centro, se pretende profundizar en sitios ya estudiados y otros potencialmente afectados por vertidos de aguas residuales, contemplando otros an\u00e1lisis microbianos basados en herramientas moleculares disponibles en el HUB Ambiental UPLA.<\/p>\n<p>La iniciativa tendr\u00e1 varias l\u00edneas de acci\u00f3n. Por un lado, adem\u00e1s de medir nuevamente la concentraci\u00f3n de coliformes fecales, se evaluar\u00e1 la presencia de metales como cadmio, plomo, mercurio y ars\u00e9nico, entre otros, abarcando tanto el agua de mar propiamente tal, como los sedimentos.<\/p>\n<p>Como complemento, \u201cvamos a ver, tambi\u00e9n, una caracterizaci\u00f3n de la fauna marina, es decir, si consideramos que estas aguas est\u00e1n, por ejemplo, con altos niveles de coliformes fecales, esperar\u00edamos que hubiera, en consecuencia, una mayor cantidad de materia org\u00e1nica. Esto influye directamente en la comunidad bent\u00f3nica, que son los organismos que viven adheridos a las rocas, porque algunos, como los choritos, son m\u00e1s afines a la adquisici\u00f3n o filtraci\u00f3n de esa materia org\u00e1nica, entonces van a proliferar m\u00e1s que otras especies\u201d, explic\u00f3 la <strong>Dra. Mar\u00eda Jos\u00e9 D\u00edaz, acad\u00e9mica de la Facultad de Ciencias Naturales y Exactas de la casa de estudios, e investigadora asociada del HUB Ambiental UPLA <\/strong>y principal del proyecto DGI CNE20 \u2013 2526.<\/p>\n<p><a href=\"https:\/\/www.upla.cl\/noticias\/wp-content\/uploads\/2025\/03\/MariaJoseDiaz_hubambientalupla-1.jpg\"><img loading=\"lazy\" decoding=\"async\" class=\"alignright  wp-image-183142\" src=\"https:\/\/www.upla.cl\/noticias\/wp-content\/uploads\/2025\/03\/MariaJoseDiaz_hubambientalupla-1.jpg\" alt=\"Coliformes fecales: UPLA realizar\u00e1 monitoreo continuo de agua de mar y sedimentos en la Regi\u00f3n de Valpara\u00edso\" width=\"351\" height=\"233\" srcset=\"https:\/\/upla.cl\/noticias\/wp-content\/uploads\/2025\/03\/MariaJoseDiaz_hubambientalupla-1.jpg 1920w, https:\/\/upla.cl\/noticias\/wp-content\/uploads\/2025\/03\/MariaJoseDiaz_hubambientalupla-1-300x199.jpg 300w, https:\/\/upla.cl\/noticias\/wp-content\/uploads\/2025\/03\/MariaJoseDiaz_hubambientalupla-1-1024x678.jpg 1024w, https:\/\/upla.cl\/noticias\/wp-content\/uploads\/2025\/03\/MariaJoseDiaz_hubambientalupla-1-150x99.jpg 150w, https:\/\/upla.cl\/noticias\/wp-content\/uploads\/2025\/03\/MariaJoseDiaz_hubambientalupla-1-768x509.jpg 768w, https:\/\/upla.cl\/noticias\/wp-content\/uploads\/2025\/03\/MariaJoseDiaz_hubambientalupla-1-1536x1018.jpg 1536w, https:\/\/upla.cl\/noticias\/wp-content\/uploads\/2025\/03\/MariaJoseDiaz_hubambientalupla-1-310x205.jpg 310w\" sizes=\"auto, (max-width: 351px) 100vw, 351px\" \/><\/a>La experta agreg\u00f3 que, si se comprueba que estos tres puntos de an\u00e1lisis est\u00e1n siendo afectados por aguas residuales, se podr\u00eda esperar la presencia de otros microorganismos indicadores de contaminaci\u00f3n fecal, adem\u00e1s de la conocida bacteria Escherichia coli.<\/p>\n<p>\u201cSiempre se ha pensado que la E. Coli, al pasar del agua dulce a la salada, suele sufrir una alta mortandad. Es cierto en ese caso, pero algunos microorganismos son m\u00e1s resistentes y se mantienen por horas o d\u00edas. Se ha descubierto que, incluso, pueden estar sobreviviendo en la arena por m\u00e1s tiempo\u201d, advirti\u00f3, a\u00f1adiendo que, adem\u00e1s de virus y bacterias, podr\u00edan encontrarse en el an\u00e1lisis otros microcontaminantes emergentes, por ejemplo, desechos provenientes de productos farmac\u00e9uticos y de higiene personal (PPcPs, por su sigla en ingl\u00e9s), que se encuentran en las aguas servidas. Todo ello estar\u00eda afectando no solamente a la vida marina, sino tambi\u00e9n a quienes se ba\u00f1an o tienen un contacto directo con el agua de esta playa o estos sitios de recreaci\u00f3n\u201d, enfatiz\u00f3 la <strong>Dra. D\u00edaz<\/strong>.<\/p>\n<h6 style=\"text-align: right;\">Fuente: Diego Trujillo Salinas, periodista del Centro de Investigaci\u00f3n HUB Ambiental UPLA.<\/h6>\n","protected":false},"excerpt":{"rendered":"<p>El HUB Ambiental evaluar\u00e1 en 2025 los niveles de contaminaci\u00f3n en Las Torpederas, Muelle Bar\u00f3n y Caleta Abarca, abarcando tambi\u00e9n la presencia de metales y microorganismos que, a diferencia de la Escherichia coli, pueden perdurar m\u00e1s tiempo, incluso en la arena. <\/p>\n","protected":false},"author":2,"featured_media":183140,"comment_status":"closed","ping_status":"closed","sticky":false,"template":"","format":"standard","meta":{"footnotes":""},"categories":[40,96,75,209,43,91],"tags":[],"class_list":["post-183135","post","type-post","status-publish","format-standard","has-post-thumbnail","","category-destacados","category-academicos","category-facultad-de-ciencias-naturales-y-exactas","category-hub-ambiental","category-investigacion","category-vinculacion-con-el-medio"],"_links":{"self":[{"href":"https:\/\/upla.cl\/noticias\/wp-json\/wp\/v2\/posts\/183135","targetHints":{"allow":["GET"]}}],"collection":[{"href":"https:\/\/upla.cl\/noticias\/wp-json\/wp\/v2\/posts"}],"about":[{"href":"https:\/\/upla.cl\/noticias\/wp-json\/wp\/v2\/types\/post"}],"author":[{"embeddable":true,"href":"https:\/\/upla.cl\/noticias\/wp-json\/wp\/v2\/users\/2"}],"replies":[{"embeddable":true,"href":"https:\/\/upla.cl\/noticias\/wp-json\/wp\/v2\/comments?post=183135"}],"version-history":[{"count":0,"href":"https:\/\/upla.cl\/noticias\/wp-json\/wp\/v2\/posts\/183135\/revisions"}],"wp:featuredmedia":[{"embeddable":true,"href":"https:\/\/upla.cl\/noticias\/wp-json\/wp\/v2\/media\/183140"}],"wp:attachment":[{"href":"https:\/\/upla.cl\/noticias\/wp-json\/wp\/v2\/media?parent=183135"}],"wp:term":[{"taxonomy":"category","embeddable":true,"href":"https:\/\/upla.cl\/noticias\/wp-json\/wp\/v2\/categories?post=183135"},{"taxonomy":"post_tag","embeddable":true,"href":"https:\/\/upla.cl\/noticias\/wp-json\/wp\/v2\/tags?post=183135"}],"curies":[{"name":"wp","href":"https:\/\/api.w.org\/{rel}","templated":true}]}}