{"id":183292,"date":"2025-03-20T11:24:54","date_gmt":"2025-03-20T14:24:54","guid":{"rendered":"https:\/\/www.upla.cl\/noticias\/?p=183292"},"modified":"2025-10-31T01:19:14","modified_gmt":"2025-10-31T04:19:14","slug":"comienza-el-perfeccionamiento-en-ia-educativa-mineduc-y-upla-lanzan-cursos-a-nivel-nacional","status":"publish","type":"post","link":"https:\/\/upla.cl\/noticias\/2025\/03\/20\/comienza-el-perfeccionamiento-en-ia-educativa-mineduc-y-upla-lanzan-cursos-a-nivel-nacional\/","title":{"rendered":"Comienza perfeccionamiento en IA educativa: MINEDUC y UPLA lanzan cursos a nivel nacional"},"content":{"rendered":"<p dir=\"ltr\"><a href=\"https:\/\/www.upla.cl\/noticias\/wp-content\/uploads\/2025\/03\/capacitacion_ia_docentes.jpg\"><img loading=\"lazy\" decoding=\"async\" class=\"aligncenter size-large wp-image-183309\" src=\"https:\/\/www.upla.cl\/noticias\/wp-content\/uploads\/2025\/03\/capacitacion_ia_docentes-1024x561.jpg\" alt=\"\" width=\"618\" height=\"339\" srcset=\"https:\/\/upla.cl\/noticias\/wp-content\/uploads\/2025\/03\/capacitacion_ia_docentes-1024x561.jpg 1024w, https:\/\/upla.cl\/noticias\/wp-content\/uploads\/2025\/03\/capacitacion_ia_docentes-300x164.jpg 300w, https:\/\/upla.cl\/noticias\/wp-content\/uploads\/2025\/03\/capacitacion_ia_docentes-150x82.jpg 150w, https:\/\/upla.cl\/noticias\/wp-content\/uploads\/2025\/03\/capacitacion_ia_docentes-768x421.jpg 768w, https:\/\/upla.cl\/noticias\/wp-content\/uploads\/2025\/03\/capacitacion_ia_docentes-1536x842.jpg 1536w, https:\/\/upla.cl\/noticias\/wp-content\/uploads\/2025\/03\/capacitacion_ia_docentes.jpg 1920w\" sizes=\"auto, (max-width: 618px) 100vw, 618px\" \/><\/a><\/p>\n<p dir=\"ltr\">A trav\u00e9s de una actividad sincr\u00f3nica a nivel nacional, la Universidad de Playa Ancha iniciar\u00e1 este a\u00f1o su labor de asesor\u00eda y ejecuci\u00f3n t\u00e9cnico-pedag\u00f3gica del Plan Nacional de Inteligencia Artificial (IA) en Educaci\u00f3n, en el marco del convenio CPEIP-MINEDUC-UPLA. Dicha iniciativa integra el uso de la IA generativa en el contexto escolar, promoviendo su aplicaci\u00f3n y desarrollo en el \u00e1mbito educativo.<\/p>\n<p dir=\"ltr\">El <strong>martes 25 de marzo, a las 18:00 horas<\/strong>, a trav\u00e9s del canal oficial de YouTube de CPEIP (<a href=\"http:\/\/youtube.com\/@CPEIPMineduc\" target=\"_blank\" rel=\"noopener\" data-saferedirecturl=\"https:\/\/www.google.com\/url?q=http:\/\/youtube.com\/@CPEIPMineduc&amp;source=gmail&amp;ust=1742559204954000&amp;usg=AOvVaw09xC-3C2lKoUhXVH6zTn2A\">youtube.com\/@CPEIPMineduc<\/a>), el Ministerio de Educaci\u00f3n y el Centro de Perfeccionamiento, Experimentaci\u00f3n e Investigaciones Pedag\u00f3gicas (CPEIP), en convenio con nuestra casa de estudios, realizar\u00e1n la actividad abierta titulada <strong>\u00abIntroducci\u00f3n al Uso de Asistentes Virtuales en Educaci\u00f3n\u00bb<\/strong>.<\/p>\n<p dir=\"ltr\">El <strong>director de Educaci\u00f3n Virtual UPLA, Fabi\u00e1n Gonz\u00e1lez Araya, acad\u00e9mico del Departamento de Matem\u00e1ticas, F\u00edsica y Computaci\u00f3n de la <a href=\"https:\/\/upla.cl\/facultad\/cienciasnaturalesyexactas\/\">Facultad de Ciencias Naturales y Exactas<\/a><\/strong><a href=\"https:\/\/upla.cl\/facultad\/cienciasnaturalesyexactas\/\">,<\/a> expondr\u00e1 sobre el uso de la IA generativa en la Educaci\u00f3n, sus aportes a los procesos de trabajo formativo, e implicancias en el contexto escolar.<\/p>\n<p dir=\"ltr\">La actividad tendr\u00e1 como ponente central al <strong>director de Educaci\u00f3n de la Universidad de las Am\u00e9ricas, profesor Adri\u00e1n Villegas Dianta<\/strong>, quien presentar\u00e1 experiencias, uso y orientaciones del trabajo con Asistentes Virtuales en Educaci\u00f3n (Chatbots),\u00a0 abordando el concepto y aplicaci\u00f3n de estas herramientas en el \u00e1mbito educativo. Compartir\u00e1 ejemplos pr\u00e1cticos, destacando su impacto en la ense\u00f1anza y el aprendizaje. Adem\u00e1s, explorar\u00e1 diversas plataformas y tecnolog\u00edas para su desarrollo, junto con consideraciones clave para su implementaci\u00f3n \u00e9tica y responsable en el contexto escolar.<\/p>\n<p dir=\"ltr\"><strong>Cursos gratuitos<\/strong><\/p>\n<p dir=\"ltr\"><a href=\"https:\/\/www.upla.cl\/noticias\/wp-content\/uploads\/2025\/03\/roxana_rebolledo.jpg\"><img loading=\"lazy\" decoding=\"async\" class=\"alignright size-medium wp-image-183310\" src=\"https:\/\/www.upla.cl\/noticias\/wp-content\/uploads\/2025\/03\/roxana_rebolledo-300x293.jpg\" alt=\"\" width=\"300\" height=\"293\" srcset=\"https:\/\/upla.cl\/noticias\/wp-content\/uploads\/2025\/03\/roxana_rebolledo-300x293.jpg 300w, https:\/\/upla.cl\/noticias\/wp-content\/uploads\/2025\/03\/roxana_rebolledo-1024x1000.jpg 1024w, https:\/\/upla.cl\/noticias\/wp-content\/uploads\/2025\/03\/roxana_rebolledo-150x147.jpg 150w, https:\/\/upla.cl\/noticias\/wp-content\/uploads\/2025\/03\/roxana_rebolledo-768x750.jpg 768w, https:\/\/upla.cl\/noticias\/wp-content\/uploads\/2025\/03\/roxana_rebolledo-1536x1500.jpg 1536w, https:\/\/upla.cl\/noticias\/wp-content\/uploads\/2025\/03\/roxana_rebolledo.jpg 1544w\" sizes=\"auto, (max-width: 300px) 100vw, 300px\" \/><\/a>En tanto, el <strong>coordinador nacional del Plan de Inteligencia Artificial en convenio MINEDUC-UPLA, Jaime Rodr\u00edguez M\u00e9ndez,<\/strong> <strong>docente del N\u00facleo Sello TIC de la UPLA<\/strong>, dar\u00e1 comienzo al per\u00edodo de perfeccionamiento a nivel nacional con los cursos gratuitos en ejecuci\u00f3n por parte de nuestra Universidad, \u201cAplicaciones de la inteligencia artificial para la ense\u00f1anza y el aprendizaje\u201d, en su primera versi\u00f3n 2025, y el curso \u201cIntroducci\u00f3n a la inteligencia artificial y su uso educativo\u201d en su segunda versi\u00f3n.<\/p>\n<p dir=\"ltr\">El<a href=\"https:\/\/desarrollodocenteenlinea.cpeip.cl\/acciones-formativas\/2025\/introduccion-la-inteligencia-artificial-y-su-uso-educativo-2025-los-rios\" target=\"_blank\" rel=\"noopener\"><strong> curso \u201cIntroducci\u00f3n a la inteligencia artificial y su uso educativo\u201d<\/strong><\/a> busca desarrollar competencias digitales en docentes y asistentes de la educaci\u00f3n participantes, para aprovechar la Inteligencia Artificial con prop\u00f3sitos educativos, explorando potencialidades y limitaciones de diferentes herramientas de IA para dise\u00f1ar actividades y contenidos acad\u00e9micos significativos.<\/p>\n<p dir=\"ltr\">Asimismo, el <strong><a href=\"https:\/\/desarrollodocenteenlinea.cpeip.cl\/acciones-formativas\/2025\/aplicaciones-de-la-inteligencia-artificial-para-la-ensenanza-y-el\" target=\"_blank\" rel=\"noopener\">curso \u201cAplicaciones de la Inteligencia Artificial para la ense\u00f1anza y el aprendizaje\u201d<\/a><\/strong> est\u00e1 orientado al desarrollo de competencias digitales en el uso de la Inteligencia Artificial (IA) en la pr\u00e1ctica pedag\u00f3gica, para promover la personalizaci\u00f3n del aprendizaje, la atenci\u00f3n de la diversidad en el aula, y su uso efectivo en los procesos de ense\u00f1anza-aprendizaje, promoviendo un empleo responsable y \u00e9tico de la tecnolog\u00eda.<\/p>\n<p dir=\"ltr\">Ambos cursos gratuitos y certificados por MINEDUC, dirigidos a docentes de todas las asignaturas y niveles, son implementados y ejecutados por la Universidad de Playa Ancha, en modalidad e-learning con acompa\u00f1amiento tutorial y\u00a0 60 horas de duraci\u00f3n,\u00a0 consideran 12 horas de trabajo sincr\u00f3nico y 48 de trabajo asincr\u00f3nico. Lo anterior considera\u00a0 talleres interactivos, espacios para que las y los docentes experimenten con herramientas de IA, estudios de caso, y an\u00e1lisis de experiencias exitosas en la implementaci\u00f3n de IA en la educaci\u00f3n.<\/p>\n<p dir=\"ltr\">\n","protected":false},"excerpt":{"rendered":"<p>Cursos gratuitos y certificados por MINEDUC, dirigidos a docentes de todas las asignaturas y niveles, son implementados y ejecutados por la Universidad de Playa Ancha, en modalidad e-learning con acompa\u00f1amiento tutorial y\u00a0 60 horas de duraci\u00f3n.<\/p>\n","protected":false},"author":10,"featured_media":183309,"comment_status":"closed","ping_status":"closed","sticky":false,"template":"","format":"standard","meta":{"footnotes":""},"categories":[51,96,40,101,245,75,725,91],"tags":[],"class_list":["post-183292","post","type-post","status-publish","format-standard","has-post-thumbnail","","category-academia","category-academicos","category-destacados","category-docencia","category-educacion-virtual","category-facultad-de-ciencias-naturales-y-exactas","category-pedagogia-en-educacion-fisica","category-vinculacion-con-el-medio"],"_links":{"self":[{"href":"https:\/\/upla.cl\/noticias\/wp-json\/wp\/v2\/posts\/183292","targetHints":{"allow":["GET"]}}],"collection":[{"href":"https:\/\/upla.cl\/noticias\/wp-json\/wp\/v2\/posts"}],"about":[{"href":"https:\/\/upla.cl\/noticias\/wp-json\/wp\/v2\/types\/post"}],"author":[{"embeddable":true,"href":"https:\/\/upla.cl\/noticias\/wp-json\/wp\/v2\/users\/10"}],"replies":[{"embeddable":true,"href":"https:\/\/upla.cl\/noticias\/wp-json\/wp\/v2\/comments?post=183292"}],"version-history":[{"count":0,"href":"https:\/\/upla.cl\/noticias\/wp-json\/wp\/v2\/posts\/183292\/revisions"}],"wp:featuredmedia":[{"embeddable":true,"href":"https:\/\/upla.cl\/noticias\/wp-json\/wp\/v2\/media\/183309"}],"wp:attachment":[{"href":"https:\/\/upla.cl\/noticias\/wp-json\/wp\/v2\/media?parent=183292"}],"wp:term":[{"taxonomy":"category","embeddable":true,"href":"https:\/\/upla.cl\/noticias\/wp-json\/wp\/v2\/categories?post=183292"},{"taxonomy":"post_tag","embeddable":true,"href":"https:\/\/upla.cl\/noticias\/wp-json\/wp\/v2\/tags?post=183292"}],"curies":[{"name":"wp","href":"https:\/\/api.w.org\/{rel}","templated":true}]}}