{"id":183724,"date":"2025-04-02T17:21:56","date_gmt":"2025-04-02T20:21:56","guid":{"rendered":"https:\/\/www.upla.cl\/noticias\/?p=183724"},"modified":"2025-04-02T17:21:56","modified_gmt":"2025-04-02T20:21:56","slug":"asegura-tu-futuro-en-la-upla-abiertas-inscripciones-de-propedeuticos-2025","status":"publish","type":"post","link":"https:\/\/upla.cl\/noticias\/2025\/04\/02\/asegura-tu-futuro-en-la-upla-abiertas-inscripciones-de-propedeuticos-2025\/","title":{"rendered":"\u00a1Asegura tu futuro en la UPLA! Abiertas inscripciones de Proped\u00e9uticos 2025"},"content":{"rendered":"<p><a href=\"https:\/\/www.upla.cl\/noticias\/wp-content\/uploads\/2025\/04\/propedeuticos_2025_upla.jpg\"><img loading=\"lazy\" decoding=\"async\" class=\"alignright  wp-image-183726\" src=\"https:\/\/www.upla.cl\/noticias\/wp-content\/uploads\/2025\/04\/propedeuticos_2025_upla.jpg\" alt=\"\u00a1Asegura tu futuro en la UPLA! Abiertas inscripciones de Proped\u00e9uticos 2025 \" width=\"350\" height=\"226\" srcset=\"https:\/\/upla.cl\/noticias\/wp-content\/uploads\/2025\/04\/propedeuticos_2025_upla.jpg 1920w, https:\/\/upla.cl\/noticias\/wp-content\/uploads\/2025\/04\/propedeuticos_2025_upla-300x194.jpg 300w, https:\/\/upla.cl\/noticias\/wp-content\/uploads\/2025\/04\/propedeuticos_2025_upla-1024x662.jpg 1024w, https:\/\/upla.cl\/noticias\/wp-content\/uploads\/2025\/04\/propedeuticos_2025_upla-150x97.jpg 150w, https:\/\/upla.cl\/noticias\/wp-content\/uploads\/2025\/04\/propedeuticos_2025_upla-768x496.jpg 768w, https:\/\/upla.cl\/noticias\/wp-content\/uploads\/2025\/04\/propedeuticos_2025_upla-1536x993.jpg 1536w\" sizes=\"auto, (max-width: 350px) 100vw, 350px\" \/><\/a>La Universidad de Playa Ancha (UPLA) te invita a participar en sus <a href=\"http:\/\/www.upla.cl\/admision\/propedeuticos\/\"><strong>programas Proped\u00e9uticos 2025<\/strong><\/a>. Se trata de un conjunto de programas dise\u00f1ados, en modalidad semi-presencial y\/o 100% virtual, para brindarte herramientas clave para tomar una decisi\u00f3n vocacional informada.<\/p>\n<p>\u00bfCu\u00e1les son los beneficios de participar en ellos?<\/p>\n<ul>\n<li>Cupo asegurado en la carrera de tu elecci\u00f3n (previa aprobaci\u00f3n del programa) y para alguna pedagog\u00eda haber rendido la prueba PAES.<\/li>\n<li>No se considerar\u00e1 el puntaje obtenido en la PAES.<\/li>\n<li>Actividades experienciales para reafirmar tu vocaci\u00f3n.<\/li>\n<li>Interacci\u00f3n con acad\u00e9micos y acad\u00e9micas de la UPLA.<\/li>\n<li>Acompa\u00f1amiento en la postulaci\u00f3n a beneficios estudiantiles.<\/li>\n<li>Reconocimiento de cr\u00e9ditos para avanzar en tu formaci\u00f3n profesional.<\/li>\n<\/ul>\n<p>Cabe se\u00f1alar que los proped\u00e9uticos est\u00e1n dirigidos a estudiantes que cursen cuarto a\u00f1o medio en 2025 y deseen ingresar a carreras pedag\u00f3gicas. Para el resto de las carreras, pueden postular quienes est\u00e9n cursando cuarto a\u00f1o medio o quienes ya hayan egresado de la ense\u00f1anza media, siempre que no cuenten con un t\u00edtulo profesional. En ambos casos, adem\u00e1s se requiere un promedio de Notas de Ense\u00f1anza Media (NEM) igual o superior a 5,0.<\/p>\n<p>Las postulaciones estar\u00e1n abiertas hasta el <strong>30 de mayo<\/strong>.<\/p>\n<p>M\u00e1s informaci\u00f3n en <a href=\"http:\/\/www.upla.cl\/admision\/propedeuticos\">upla.cl\/admision\/propedeuticos<\/a> o escribiendo al correo electr\u00f3nico: <a href=\"mailto:%20propedeuticos@upla.cl\">propedeuticos@upla.cl<\/a> o v\u00eda whatsapp: +56994372932<\/p>\n","protected":false},"excerpt":{"rendered":"<p>Accede a la carrera de tu inter\u00e9s de la Universidad de Playa Ancha sin depender del puntaje PAES. \u00a1Postulaciones hasta el 30 de mayo!<\/p>\n","protected":false},"author":2,"featured_media":183726,"comment_status":"closed","ping_status":"closed","sticky":false,"template":"","format":"standard","meta":{"footnotes":""},"categories":[212,51,60,40,101,69,71,72,73,74,75,76,77,78,91],"tags":[],"class_list":["post-183724","post","type-post","status-publish","format-standard","has-post-thumbnail","","category-admision","category-academia","category-campus-san-felipe","category-destacados","category-docencia","category-egresados","category-facultad-de-arte","category-facultad-de-ciencias-actividad-fisica-y-deporte","category-facultad-de-ciencias-de-la-educacion","category-facultad-de-ciencias-de-la-salud","category-facultad-de-ciencias-naturales-y-exactas","category-facultad-de-ciencias-sociales","category-facultad-de-humanidades","category-facultad-de-ingenieria","category-vinculacion-con-el-medio"],"_links":{"self":[{"href":"https:\/\/upla.cl\/noticias\/wp-json\/wp\/v2\/posts\/183724","targetHints":{"allow":["GET"]}}],"collection":[{"href":"https:\/\/upla.cl\/noticias\/wp-json\/wp\/v2\/posts"}],"about":[{"href":"https:\/\/upla.cl\/noticias\/wp-json\/wp\/v2\/types\/post"}],"author":[{"embeddable":true,"href":"https:\/\/upla.cl\/noticias\/wp-json\/wp\/v2\/users\/2"}],"replies":[{"embeddable":true,"href":"https:\/\/upla.cl\/noticias\/wp-json\/wp\/v2\/comments?post=183724"}],"version-history":[{"count":0,"href":"https:\/\/upla.cl\/noticias\/wp-json\/wp\/v2\/posts\/183724\/revisions"}],"wp:featuredmedia":[{"embeddable":true,"href":"https:\/\/upla.cl\/noticias\/wp-json\/wp\/v2\/media\/183726"}],"wp:attachment":[{"href":"https:\/\/upla.cl\/noticias\/wp-json\/wp\/v2\/media?parent=183724"}],"wp:term":[{"taxonomy":"category","embeddable":true,"href":"https:\/\/upla.cl\/noticias\/wp-json\/wp\/v2\/categories?post=183724"},{"taxonomy":"post_tag","embeddable":true,"href":"https:\/\/upla.cl\/noticias\/wp-json\/wp\/v2\/tags?post=183724"}],"curies":[{"name":"wp","href":"https:\/\/api.w.org\/{rel}","templated":true}]}}