{"id":184145,"date":"2025-04-15T12:29:35","date_gmt":"2025-04-15T16:29:35","guid":{"rendered":"https:\/\/www.upla.cl\/noticias\/?p=184145"},"modified":"2025-10-30T19:23:32","modified_gmt":"2025-10-30T22:23:32","slug":"boxeo-formativo-iniciara-nueva-temporada","status":"publish","type":"post","link":"https:\/\/upla.cl\/noticias\/2025\/04\/15\/boxeo-formativo-iniciara-nueva-temporada\/","title":{"rendered":"Boxeo Formativo iniciar\u00e1 nueva temporada"},"content":{"rendered":"<p><a href=\"https:\/\/www.upla.cl\/noticias\/wp-content\/uploads\/2025\/04\/boxeo_formativo_2025_nuevoshorarios.jpg\"><img loading=\"lazy\" decoding=\"async\" class=\"alignright size-medium wp-image-184172\" src=\"https:\/\/www.upla.cl\/noticias\/wp-content\/uploads\/2025\/04\/boxeo_formativo_2025_nuevoshorarios-240x300.jpg\" alt=\"\" width=\"240\" height=\"300\" srcset=\"https:\/\/upla.cl\/noticias\/wp-content\/uploads\/2025\/04\/boxeo_formativo_2025_nuevoshorarios-240x300.jpg 240w, https:\/\/upla.cl\/noticias\/wp-content\/uploads\/2025\/04\/boxeo_formativo_2025_nuevoshorarios-819x1024.jpg 819w, https:\/\/upla.cl\/noticias\/wp-content\/uploads\/2025\/04\/boxeo_formativo_2025_nuevoshorarios-120x150.jpg 120w, https:\/\/upla.cl\/noticias\/wp-content\/uploads\/2025\/04\/boxeo_formativo_2025_nuevoshorarios-768x960.jpg 768w, https:\/\/upla.cl\/noticias\/wp-content\/uploads\/2025\/04\/boxeo_formativo_2025_nuevoshorarios.jpg 1080w\" sizes=\"auto, (max-width: 240px) 100vw, 240px\" \/><\/a>Tras el \u00e9xito de convocatoria del <strong>programa \u00abBoxeo Formativo\u00bb<\/strong> de la Direcci\u00f3n de Deportes y Recreaci\u00f3n (DIDER), dependiente de la Direcci\u00f3n General de Desarrollo Estudiantil, nuevamente se impartir\u00e1 este semestre.<\/p>\n<p>En el patio RecreActivo de Casa Central, a partir del<strong> jueves 17 de abril, de 12:30 a 14:00 horas<\/strong> y los <strong>lunes de 12.30 a 13:45 horas<\/strong>, el estudiante de <a href=\"https:\/\/www.upla.cl\/facultad\/cienciasactividadfisicaydeporte\/pedagogia-en-educacion-fisica\/\"><strong>Pedagog\u00eda en Educaci\u00f3n F\u00edsica<\/strong><\/a>,<b> Marcos Silva Gonz\u00e1lez<\/b> les espera para compartir\u00a0conocimientos b\u00e1sicos de la disciplina, adem\u00e1s de permitir el desarrollo de habilidades motrices espec\u00edficas mediante su pr\u00e1ctica, obteniendo importantes beneficios en la salud f\u00edsica, mental y social.<\/p>\n<p>Para participar, deben acceder al Sistema Integrado Integral, SINTE, ingresar a la aplicaci\u00f3n de \u00abDeportes y Recreaci\u00f3n\u00bb, ir a \u00abProgramas disponibles\u00bb, e inscribirse en\u00a0 Boxeo Formativo. No olvidar subir los documentos solicitados en \u00abMis Datos &#8211; Cargar Documentos\u00bb.<\/p>\n","protected":false},"excerpt":{"rendered":"<p>En el patio RecreActivo de Casa Central, a partir del jueves 17 de abril, de 12:30 a 14:00 horas y los lunes de 12:30 a 13:45 horas, el estudiante de Pedagog\u00eda en Educaci\u00f3n F\u00edsica, Marcos Silva Gonz\u00e1lez, dirigir\u00e1 la actividad.<\/p>\n","protected":false},"author":10,"featured_media":174677,"comment_status":"closed","ping_status":"closed","sticky":false,"template":"","format":"standard","meta":{"footnotes":""},"categories":[42,201,40,97,99,725],"tags":[],"class_list":["post-184145","post","type-post","status-publish","format-standard","has-post-thumbnail","","category-deportes","category-desarrollo-estudiantil","category-destacados","category-estudiantes","category-funcionarios","category-pedagogia-en-educacion-fisica"],"_links":{"self":[{"href":"https:\/\/upla.cl\/noticias\/wp-json\/wp\/v2\/posts\/184145","targetHints":{"allow":["GET"]}}],"collection":[{"href":"https:\/\/upla.cl\/noticias\/wp-json\/wp\/v2\/posts"}],"about":[{"href":"https:\/\/upla.cl\/noticias\/wp-json\/wp\/v2\/types\/post"}],"author":[{"embeddable":true,"href":"https:\/\/upla.cl\/noticias\/wp-json\/wp\/v2\/users\/10"}],"replies":[{"embeddable":true,"href":"https:\/\/upla.cl\/noticias\/wp-json\/wp\/v2\/comments?post=184145"}],"version-history":[{"count":0,"href":"https:\/\/upla.cl\/noticias\/wp-json\/wp\/v2\/posts\/184145\/revisions"}],"wp:featuredmedia":[{"embeddable":true,"href":"https:\/\/upla.cl\/noticias\/wp-json\/wp\/v2\/media\/174677"}],"wp:attachment":[{"href":"https:\/\/upla.cl\/noticias\/wp-json\/wp\/v2\/media?parent=184145"}],"wp:term":[{"taxonomy":"category","embeddable":true,"href":"https:\/\/upla.cl\/noticias\/wp-json\/wp\/v2\/categories?post=184145"},{"taxonomy":"post_tag","embeddable":true,"href":"https:\/\/upla.cl\/noticias\/wp-json\/wp\/v2\/tags?post=184145"}],"curies":[{"name":"wp","href":"https:\/\/api.w.org\/{rel}","templated":true}]}}