{"id":184363,"date":"2025-04-21T16:49:39","date_gmt":"2025-04-21T20:49:39","guid":{"rendered":"https:\/\/www.upla.cl\/noticias\/?p=184363"},"modified":"2025-04-21T16:49:39","modified_gmt":"2025-04-21T20:49:39","slug":"satisfaccion-y-grandes-experiencias-marcaron-las-uplaolimpiadas-2025","status":"publish","type":"post","link":"https:\/\/upla.cl\/noticias\/2025\/04\/21\/satisfaccion-y-grandes-experiencias-marcaron-las-uplaolimpiadas-2025\/","title":{"rendered":"Satisfacci\u00f3n y grandes experiencias marcaron las uplaolimpiadas 2025"},"content":{"rendered":"<p><a href=\"https:\/\/www.upla.cl\/noticias\/wp-content\/uploads\/2025\/04\/Comite_bienvenida_uplaolimpiadas-1.jpg\"><img loading=\"lazy\" decoding=\"async\" class=\"aligncenter size-large wp-image-184373\" src=\"https:\/\/www.upla.cl\/noticias\/wp-content\/uploads\/2025\/04\/Comite_bienvenida_uplaolimpiadas-1-1024x683.jpg\" alt=\"\" width=\"618\" height=\"412\" srcset=\"https:\/\/upla.cl\/noticias\/wp-content\/uploads\/2025\/04\/Comite_bienvenida_uplaolimpiadas-1-1024x683.jpg 1024w, https:\/\/upla.cl\/noticias\/wp-content\/uploads\/2025\/04\/Comite_bienvenida_uplaolimpiadas-1-300x200.jpg 300w, https:\/\/upla.cl\/noticias\/wp-content\/uploads\/2025\/04\/Comite_bienvenida_uplaolimpiadas-1-150x100.jpg 150w, https:\/\/upla.cl\/noticias\/wp-content\/uploads\/2025\/04\/Comite_bienvenida_uplaolimpiadas-1-768x512.jpg 768w, https:\/\/upla.cl\/noticias\/wp-content\/uploads\/2025\/04\/Comite_bienvenida_uplaolimpiadas-1-1536x1024.jpg 1536w, https:\/\/upla.cl\/noticias\/wp-content\/uploads\/2025\/04\/Comite_bienvenida_uplaolimpiadas-1.jpg 1920w\" sizes=\"auto, (max-width: 618px) 100vw, 618px\" \/><\/a>Satisfechos con los resultados, la gran convocatoria, la participaci\u00f3n y las nuevas amistades que se construyeron, se manifest\u00f3 el <strong>Comit\u00e9 de Bienvenida<\/strong>, organizador de las<strong> uplaolimpiadas<\/strong>, que dio forma y vida a un variad\u00edsimo programa de actividades de recepci\u00f3n para los y las estudiantes que ingresaron a la universidad este 2025.<\/p>\n<p><a href=\"https:\/\/www.upla.cl\/noticias\/wp-content\/uploads\/2025\/04\/semana_bienvenida_2025_2.jpg\"><img loading=\"lazy\" decoding=\"async\" class=\"alignleft size-medium wp-image-184377\" src=\"https:\/\/www.upla.cl\/noticias\/wp-content\/uploads\/2025\/04\/semana_bienvenida_2025_2-300x200.jpg\" alt=\"\" width=\"300\" height=\"200\" srcset=\"https:\/\/upla.cl\/noticias\/wp-content\/uploads\/2025\/04\/semana_bienvenida_2025_2-300x200.jpg 300w, https:\/\/upla.cl\/noticias\/wp-content\/uploads\/2025\/04\/semana_bienvenida_2025_2-1024x683.jpg 1024w, https:\/\/upla.cl\/noticias\/wp-content\/uploads\/2025\/04\/semana_bienvenida_2025_2-150x100.jpg 150w, https:\/\/upla.cl\/noticias\/wp-content\/uploads\/2025\/04\/semana_bienvenida_2025_2-768x512.jpg 768w, https:\/\/upla.cl\/noticias\/wp-content\/uploads\/2025\/04\/semana_bienvenida_2025_2-1536x1024.jpg 1536w, https:\/\/upla.cl\/noticias\/wp-content\/uploads\/2025\/04\/semana_bienvenida_2025_2.jpg 1920w\" sizes=\"auto, (max-width: 300px) 100vw, 300px\" \/><\/a>Aunque fue una semana especialmente pensada para los y las\u00a0 \u201cmechones\u201d y \u201cmechonas\u201d, el esp\u00edritu fue siempre entusiasmar e incluir a todos los estudiantes de la universidad, como fue el objetivo de<strong> Mar\u00eda Jos\u00e9 Ortiz (Bibliotecolog\u00eda), Diego L\u00edbano y Juan Macaya (Psicolog\u00eda), Victoria Aros (Pedagog\u00eda en Matem\u00e1tica), Lorena Garc\u00eda (Administraci\u00f3n Tur\u00edstica Multiling\u00fce), Martina Morel (Pedagog\u00eda en Educaci\u00f3n Musical), Braulio Zenteno (Pedagog\u00eda en Historia y Geograf\u00eda) y Gabriela Mu\u00f1oz (Pedagog\u00eda en Educaci\u00f3n Diferencial),<\/strong> quienes conformaron este Comit\u00e9, y pusieron sus talentos y ganas al servicio de la comunidad universitaria, para organizar una semana \u2013ojal\u00e1- \u201cmemorable\u201d, con la colaboraci\u00f3n de la<strong> Direcci\u00f3n de Deportes y Recreaci\u00f3n y la Direcci\u00f3n General de Desarrollo Estudiantil y la FEUPLA.<\/strong><\/p>\n<p><a href=\"https:\/\/www.upla.cl\/noticias\/wp-content\/uploads\/2025\/04\/futsal_semana_bienvenida_2025_5.jpg\"><img loading=\"lazy\" decoding=\"async\" class=\"alignleft size-medium wp-image-184376\" src=\"https:\/\/www.upla.cl\/noticias\/wp-content\/uploads\/2025\/04\/futsal_semana_bienvenida_2025_5-300x200.jpg\" alt=\"\" width=\"300\" height=\"200\" srcset=\"https:\/\/upla.cl\/noticias\/wp-content\/uploads\/2025\/04\/futsal_semana_bienvenida_2025_5-300x200.jpg 300w, https:\/\/upla.cl\/noticias\/wp-content\/uploads\/2025\/04\/futsal_semana_bienvenida_2025_5-1024x683.jpg 1024w, https:\/\/upla.cl\/noticias\/wp-content\/uploads\/2025\/04\/futsal_semana_bienvenida_2025_5-150x100.jpg 150w, https:\/\/upla.cl\/noticias\/wp-content\/uploads\/2025\/04\/futsal_semana_bienvenida_2025_5-768x512.jpg 768w, https:\/\/upla.cl\/noticias\/wp-content\/uploads\/2025\/04\/futsal_semana_bienvenida_2025_5-1536x1024.jpg 1536w, https:\/\/upla.cl\/noticias\/wp-content\/uploads\/2025\/04\/futsal_semana_bienvenida_2025_5.jpg 1920w\" sizes=\"auto, (max-width: 300px) 100vw, 300px\" \/><\/a>A la hora de los balances, Gabriela Mu\u00f1oz, dijo que decidi\u00f3 unirse para que su facultad estuviese representada, no obstante, en el camino se fue entusiasmando. Entusiasmo que tambi\u00e9n tuvo su cuota de incertidumbre: \u201cYo, por lo menos, ten\u00eda fe de que \u00edbamos a tener participaci\u00f3n en todo, pero al principio de la semana tuvimos el estr\u00e9s de que nadie se iba a interesar, pero yo vi mucha gente motivada, entonces sent\u00ed que iba a haber harta gente en las competencias. Siento que sali\u00f3 s\u00faper bien. Me gust\u00f3 mucho c\u00f3mo se hicieron actividades, c\u00f3mo la gente particip\u00f3, se anim\u00f3 y quieren m\u00e1s. Veo muchas historias de que quieren repetir la experiencia, una competencia al mes, por lo menos, entre broma y en serio\u201d.<\/p>\n<p><a href=\"https:\/\/www.upla.cl\/noticias\/wp-content\/uploads\/2025\/04\/uplaolimpiadas_evaluacion-23.jpg\"><img loading=\"lazy\" decoding=\"async\" class=\"alignright size-medium wp-image-184381\" src=\"https:\/\/www.upla.cl\/noticias\/wp-content\/uploads\/2025\/04\/uplaolimpiadas_evaluacion-23-300x225.jpg\" alt=\"\" width=\"300\" height=\"225\" srcset=\"https:\/\/upla.cl\/noticias\/wp-content\/uploads\/2025\/04\/uplaolimpiadas_evaluacion-23-300x225.jpg 300w, https:\/\/upla.cl\/noticias\/wp-content\/uploads\/2025\/04\/uplaolimpiadas_evaluacion-23-1024x768.jpg 1024w, https:\/\/upla.cl\/noticias\/wp-content\/uploads\/2025\/04\/uplaolimpiadas_evaluacion-23-150x112.jpg 150w, https:\/\/upla.cl\/noticias\/wp-content\/uploads\/2025\/04\/uplaolimpiadas_evaluacion-23-768x576.jpg 768w, https:\/\/upla.cl\/noticias\/wp-content\/uploads\/2025\/04\/uplaolimpiadas_evaluacion-23-1536x1152.jpg 1536w, https:\/\/upla.cl\/noticias\/wp-content\/uploads\/2025\/04\/uplaolimpiadas_evaluacion-23.jpg 1707w\" sizes=\"auto, (max-width: 300px) 100vw, 300px\" \/><\/a>Diego L\u00edbano \u2013m\u00e1s conocido como Toti- tambi\u00e9n tuvo sentimientos encontrados que fueron evolucionando positivamente a medida que se acercaba la fecha, destacando que las uplaolimpidas sirvieron para demostrarle a todo el comit\u00e9 de lo que eran capaces: \u201cNos vamos s\u00faper contentos porque al mismo tiempo consideramos que todo el trabajo que se llev\u00f3 a cabo nos demostr\u00f3 lo capaces de lo que somos y de que todav\u00eda existen formas de seguir fomentando lo que es la comunidad de la universidad\u201d.<\/p>\n<p>Agreg\u00f3: \u201cNos sentimos agradecidos por el equipo de trabajo que hab\u00eda detr\u00e1s de nosotros. Gracias tambi\u00e9n a DIDER, tambi\u00e9n a Boris de la Direcci\u00f3n de Desarrollo Estudiantil, porque sin ellos y sin la energ\u00eda que nos recibieron y trabajaron con nosotros, no habr\u00edamos logrado tanto. Hubo situaciones de tanto de estr\u00e9s, hab\u00eda angustia, hab\u00eda ansiedad, hab\u00eda muchos miedos, sin embargo, durante la semana, se rompieron varios de esos temores y eso fue bac\u00e1n. Yo creo que lo mejor fue esa transformaci\u00f3n como personas\u201d.<\/p>\n<p><a href=\"https:\/\/www.upla.cl\/noticias\/wp-content\/uploads\/2025\/04\/Comite_bienvenida_uplaolimpiadas-5.jpg\"><img loading=\"lazy\" decoding=\"async\" class=\"alignright size-medium wp-image-184374\" src=\"https:\/\/www.upla.cl\/noticias\/wp-content\/uploads\/2025\/04\/Comite_bienvenida_uplaolimpiadas-5-300x200.jpg\" alt=\"\" width=\"300\" height=\"200\" srcset=\"https:\/\/upla.cl\/noticias\/wp-content\/uploads\/2025\/04\/Comite_bienvenida_uplaolimpiadas-5-300x200.jpg 300w, https:\/\/upla.cl\/noticias\/wp-content\/uploads\/2025\/04\/Comite_bienvenida_uplaolimpiadas-5-1024x683.jpg 1024w, https:\/\/upla.cl\/noticias\/wp-content\/uploads\/2025\/04\/Comite_bienvenida_uplaolimpiadas-5-150x100.jpg 150w, https:\/\/upla.cl\/noticias\/wp-content\/uploads\/2025\/04\/Comite_bienvenida_uplaolimpiadas-5-768x512.jpg 768w, https:\/\/upla.cl\/noticias\/wp-content\/uploads\/2025\/04\/Comite_bienvenida_uplaolimpiadas-5-1536x1024.jpg 1536w, https:\/\/upla.cl\/noticias\/wp-content\/uploads\/2025\/04\/Comite_bienvenida_uplaolimpiadas-5.jpg 1920w\" sizes=\"auto, (max-width: 300px) 100vw, 300px\" \/><\/a>La preparaci\u00f3n de las uplaolimpiadas comenz\u00f3 a fines del a\u00f1o pasado y desde ese tiempo se gener\u00f3 la camarader\u00eda que hoy se ha convertido en amistad. La dedicaci\u00f3n se vio reflejada en cada una de las competencias, pruebas y juegos con resultados que excedieron ampliamente lo esperado\u2026 \u00bfSe viene una segunda parte? S\u00ed. \u00bfSe viene la versi\u00f3n 2026? Obvio\u2026 Todos seguiremos colaborando para que as\u00ed sea, quiz\u00e1s asumiendo otros roles, con nuevos colaboradores, pero conservando la f\u00f3rmula que hoy les asegur\u00f3 el \u00e9xito, dijeron, ideas hay, creatividad y ganas, tambi\u00e9n. \u00a1A prepararse para las pr\u00f3ximas Uplaolimpiadas!<\/p>\n","protected":false},"excerpt":{"rendered":"<p>Organizadores esperan consolidar la buena experiencia y el esp\u00edritu de comunidad universitaria que marcaron la semana de bienvenida 2025.<\/p>\n","protected":false},"author":11,"featured_media":184373,"comment_status":"closed","ping_status":"closed","sticky":false,"template":"","format":"standard","meta":{"footnotes":""},"categories":[96,42,201,40,97,71,72,73,74,75,76,77,78,99,91],"tags":[],"class_list":["post-184363","post","type-post","status-publish","format-standard","has-post-thumbnail","","category-academicos","category-deportes","category-desarrollo-estudiantil","category-destacados","category-estudiantes","category-facultad-de-arte","category-facultad-de-ciencias-actividad-fisica-y-deporte","category-facultad-de-ciencias-de-la-educacion","category-facultad-de-ciencias-de-la-salud","category-facultad-de-ciencias-naturales-y-exactas","category-facultad-de-ciencias-sociales","category-facultad-de-humanidades","category-facultad-de-ingenieria","category-funcionarios","category-vinculacion-con-el-medio"],"_links":{"self":[{"href":"https:\/\/upla.cl\/noticias\/wp-json\/wp\/v2\/posts\/184363","targetHints":{"allow":["GET"]}}],"collection":[{"href":"https:\/\/upla.cl\/noticias\/wp-json\/wp\/v2\/posts"}],"about":[{"href":"https:\/\/upla.cl\/noticias\/wp-json\/wp\/v2\/types\/post"}],"author":[{"embeddable":true,"href":"https:\/\/upla.cl\/noticias\/wp-json\/wp\/v2\/users\/11"}],"replies":[{"embeddable":true,"href":"https:\/\/upla.cl\/noticias\/wp-json\/wp\/v2\/comments?post=184363"}],"version-history":[{"count":0,"href":"https:\/\/upla.cl\/noticias\/wp-json\/wp\/v2\/posts\/184363\/revisions"}],"wp:featuredmedia":[{"embeddable":true,"href":"https:\/\/upla.cl\/noticias\/wp-json\/wp\/v2\/media\/184373"}],"wp:attachment":[{"href":"https:\/\/upla.cl\/noticias\/wp-json\/wp\/v2\/media?parent=184363"}],"wp:term":[{"taxonomy":"category","embeddable":true,"href":"https:\/\/upla.cl\/noticias\/wp-json\/wp\/v2\/categories?post=184363"},{"taxonomy":"post_tag","embeddable":true,"href":"https:\/\/upla.cl\/noticias\/wp-json\/wp\/v2\/tags?post=184363"}],"curies":[{"name":"wp","href":"https:\/\/api.w.org\/{rel}","templated":true}]}}