{"id":184505,"date":"2025-04-25T09:30:42","date_gmt":"2025-04-25T13:30:42","guid":{"rendered":"https:\/\/www.upla.cl\/noticias\/?p=184505"},"modified":"2025-04-25T12:08:11","modified_gmt":"2025-04-25T16:08:11","slug":"regresa-el-tenis-de-mesa-recreativo-a-casa-central","status":"publish","type":"post","link":"https:\/\/upla.cl\/noticias\/2025\/04\/25\/regresa-el-tenis-de-mesa-recreativo-a-casa-central\/","title":{"rendered":"Regresa el Tenis de Mesa Recreativo a Casa Central"},"content":{"rendered":"<p><a href=\"https:\/\/www.upla.cl\/noticias\/wp-content\/uploads\/2025\/04\/Tenis-de-mesa.2025-scaled.jpg\"><img loading=\"lazy\" decoding=\"async\" class=\"alignright size-medium wp-image-184506\" src=\"https:\/\/www.upla.cl\/noticias\/wp-content\/uploads\/2025\/04\/Tenis-de-mesa.2025-240x300.jpg\" alt=\"\" width=\"240\" height=\"300\" srcset=\"https:\/\/upla.cl\/noticias\/wp-content\/uploads\/2025\/04\/Tenis-de-mesa.2025-240x300.jpg 240w, https:\/\/upla.cl\/noticias\/wp-content\/uploads\/2025\/04\/Tenis-de-mesa.2025-819x1024.jpg 819w, https:\/\/upla.cl\/noticias\/wp-content\/uploads\/2025\/04\/Tenis-de-mesa.2025-120x150.jpg 120w, https:\/\/upla.cl\/noticias\/wp-content\/uploads\/2025\/04\/Tenis-de-mesa.2025-768x960.jpg 768w, https:\/\/upla.cl\/noticias\/wp-content\/uploads\/2025\/04\/Tenis-de-mesa.2025-1229x1536.jpg 1229w, https:\/\/upla.cl\/noticias\/wp-content\/uploads\/2025\/04\/Tenis-de-mesa.2025-1638x2048.jpg 1638w, https:\/\/upla.cl\/noticias\/wp-content\/uploads\/2025\/04\/Tenis-de-mesa.2025-scaled.jpg 2048w\" sizes=\"auto, (max-width: 240px) 100vw, 240px\" \/><\/a>La\u00a0<b>Direcci\u00f3n\u00a0<span class=\"il\">de<\/span>\u00a0Deportes y Recreaci\u00f3n<\/b>\u00a0<strong>(DIDER)<\/strong>, dependiente\u00a0<span class=\"il\">de<\/span>\u00a0la Direcci\u00f3n General\u00a0<span class=\"il\">de<\/span> Desarrollo Estudiantil, ofrecer\u00e1\u00a0 nuevamente el programa de actividad f\u00edsica <b>\u00ab<span class=\"il\">Tenis<\/span>\u00a0<span class=\"il\">de<\/span>\u00a0<span class=\"il\">Mesa<\/span>\u00a0<wbr \/>Recreativo\u00bb<\/b>, que se realizar\u00e1 en Casa Central con el objetivo\u00a0<span class=\"il\">de<\/span> adquirir conocimientos b\u00e1sicos de la disciplina, as\u00ed como habilidades t\u00e9cnicas como saques, golpes (derecha &#8211; rev\u00e9s) y remaches, entre otros.<\/p>\n<p>El programa se efectuar\u00e1 los <strong>mi\u00e9rcoles<\/strong> y <strong>jueves<\/strong>, de 11:00 a 12:15 horas en el gimnasio FEL de Casa Central y ser\u00e1 <strong>guiado por el estudiante de <a href=\"El%20lunes 28 de abril, a las 8:30 horas, en el Aula F\u00e9lix Morales Pettorino de la Universidad de Playa Ancha se efectuar\u00e1 el Seminario de Lanzamiento de los Proyectos FONDEF IT, en el cual se presentar\u00e1n dos investigaciones dirigidas por los acad\u00e9micos de las facultades de Ciencias Naturales y Exactas, y de Ingenier\u00eda, dres. Freddy Saavedra Pimentel y Miguel Guevara Albornos, respectivamente.\">Derecho<\/a>, Cristian L\u00f3pez<\/strong>, y el <strong>alumno de <a href=\"https:\/\/www.upla.cl\/facultad\/ingenieria\/carreras-y-programas\/ingenieria-civil-informatica\/\">Ingenier\u00eda Civil Inform\u00e1tica<\/a>, Yelson Maturana<\/strong>.<\/p>\n<p><span class=\"il\">Para<\/span>\u00a0ser parte\u00a0<span class=\"il\">de<\/span> este programa, ingresar al Sistema Integrado Institucional (<b><a href=\"https:\/\/acceso.upla.cl\/sinte\/Login.aspx\" target=\"_blank\" rel=\"noopener\" data-saferedirecturl=\"https:\/\/www.google.com\/url?q=https:\/\/acceso.upla.cl\/sinte\/Login.aspx&amp;source=gmail&amp;ust=1745589891564000&amp;usg=AOvVaw1uktLC7RcGv5eEXZHd4qLF\">SINTE),<\/a><\/b>\u00a0abrir la aplicaci\u00f3n\u00a0<span class=\"il\">de<\/span> \u00abDeportes y Recreaci\u00f3n\u00bb e inscribirse en \u00abProgramas disponibles \u00ab. No olviden\u00a0subir los documentos solicitados en \u00abMis Datos &#8211; Cargar Documentos\u00bb.<\/p>\n","protected":false},"excerpt":{"rendered":"<p>El programa se efectuar\u00e1 los mi\u00e9rcoles y jueves, de 11:00 a 12:15 horas en el gimnasio FEL y ser\u00e1 guiado por el estudiante de Derecho, Cristian L\u00f3pez, y el alumno de Ingenier\u00eda Civil Inform\u00e1tica, Yelson Maturana.<\/p>\n","protected":false},"author":10,"featured_media":174688,"comment_status":"closed","ping_status":"closed","sticky":false,"template":"","format":"standard","meta":{"footnotes":""},"categories":[42,201,40,97,99],"tags":[],"class_list":["post-184505","post","type-post","status-publish","format-standard","has-post-thumbnail","","category-deportes","category-desarrollo-estudiantil","category-destacados","category-estudiantes","category-funcionarios"],"_links":{"self":[{"href":"https:\/\/upla.cl\/noticias\/wp-json\/wp\/v2\/posts\/184505","targetHints":{"allow":["GET"]}}],"collection":[{"href":"https:\/\/upla.cl\/noticias\/wp-json\/wp\/v2\/posts"}],"about":[{"href":"https:\/\/upla.cl\/noticias\/wp-json\/wp\/v2\/types\/post"}],"author":[{"embeddable":true,"href":"https:\/\/upla.cl\/noticias\/wp-json\/wp\/v2\/users\/10"}],"replies":[{"embeddable":true,"href":"https:\/\/upla.cl\/noticias\/wp-json\/wp\/v2\/comments?post=184505"}],"version-history":[{"count":0,"href":"https:\/\/upla.cl\/noticias\/wp-json\/wp\/v2\/posts\/184505\/revisions"}],"wp:featuredmedia":[{"embeddable":true,"href":"https:\/\/upla.cl\/noticias\/wp-json\/wp\/v2\/media\/174688"}],"wp:attachment":[{"href":"https:\/\/upla.cl\/noticias\/wp-json\/wp\/v2\/media?parent=184505"}],"wp:term":[{"taxonomy":"category","embeddable":true,"href":"https:\/\/upla.cl\/noticias\/wp-json\/wp\/v2\/categories?post=184505"},{"taxonomy":"post_tag","embeddable":true,"href":"https:\/\/upla.cl\/noticias\/wp-json\/wp\/v2\/tags?post=184505"}],"curies":[{"name":"wp","href":"https:\/\/api.w.org\/{rel}","templated":true}]}}