{"id":184553,"date":"2025-04-25T12:15:39","date_gmt":"2025-04-25T16:15:39","guid":{"rendered":"https:\/\/www.upla.cl\/noticias\/?p=184553"},"modified":"2025-04-25T12:15:39","modified_gmt":"2025-04-25T16:15:39","slug":"upla-adhiere-al-mes-del-libro-con-actividades-para-toda-la-comunidad","status":"publish","type":"post","link":"https:\/\/upla.cl\/noticias\/2025\/04\/25\/upla-adhiere-al-mes-del-libro-con-actividades-para-toda-la-comunidad\/","title":{"rendered":"UPLA adhiere al Mes del Libro con actividades para toda la comunidad"},"content":{"rendered":"<p><a href=\"https:\/\/www.upla.cl\/noticias\/wp-content\/uploads\/2025\/04\/Dia_del_Libro_2025_Participacion_Colmenita-42-copia.jpg\"><img loading=\"lazy\" decoding=\"async\" class=\"aligncenter wp-image-184568 size-large\" src=\"https:\/\/www.upla.cl\/noticias\/wp-content\/uploads\/2025\/04\/Dia_del_Libro_2025_Participacion_Colmenita-42-copia-1024x683.jpg\" alt=\"\" width=\"1024\" height=\"683\" srcset=\"https:\/\/upla.cl\/noticias\/wp-content\/uploads\/2025\/04\/Dia_del_Libro_2025_Participacion_Colmenita-42-copia-1024x683.jpg 1024w, https:\/\/upla.cl\/noticias\/wp-content\/uploads\/2025\/04\/Dia_del_Libro_2025_Participacion_Colmenita-42-copia-300x200.jpg 300w, https:\/\/upla.cl\/noticias\/wp-content\/uploads\/2025\/04\/Dia_del_Libro_2025_Participacion_Colmenita-42-copia-150x100.jpg 150w, https:\/\/upla.cl\/noticias\/wp-content\/uploads\/2025\/04\/Dia_del_Libro_2025_Participacion_Colmenita-42-copia-768x512.jpg 768w, https:\/\/upla.cl\/noticias\/wp-content\/uploads\/2025\/04\/Dia_del_Libro_2025_Participacion_Colmenita-42-copia-1536x1024.jpg 1536w, https:\/\/upla.cl\/noticias\/wp-content\/uploads\/2025\/04\/Dia_del_Libro_2025_Participacion_Colmenita-42-copia.jpg 1920w\" sizes=\"auto, (max-width: 1024px) 100vw, 1024px\" \/><\/a>Con variadas actividades dirigidas a toda la comunidad, la <strong>Universidad de Playa Ancha<\/strong> se encuentra celebrando el <strong>Mes del Libro y la Lectura,<\/strong> en espec\u00edfico este 23 de abril (D\u00eda del Libro), se desarrollaron los hitos centrales que contemplaron ferias, obras de teatro, donaci\u00f3n y trueque de libros, entre otros, calendario que seguir\u00e1 realiz\u00e1ndose con otras acciones hasta fin de este mes.<\/p>\n<p>Esta agenda es fruto del trabajo colaborativo entre el <strong><a href=\"https:\/\/www.upla.cl\/bibliotecas\/\">Sistema de Bibliotecas (SIBUPLA)<\/a>, la <a href=\"https:\/\/upla.cl\/vinculacion\/\">Direcci\u00f3n General de Vinculaci\u00f3n con el Medio (DGVM),<\/a> la <a href=\"https:\/\/www.upla.cl\/selloeditorial\/\">Editorial Punt\u00e1ngeles<\/a> , la <a href=\"https:\/\/www.salateatroupla.cl\/\">Sala de Arte Esc\u00e9nico<\/a> y la <a href=\"https:\/\/www.upla.cl\/jardincolmenita\/\">Sala Cuna y Jard\u00edn Infantil \u201cColmenita\u201d<\/a><\/strong> de la UPLA.<\/p>\n<p><a href=\"https:\/\/www.upla.cl\/noticias\/wp-content\/uploads\/2025\/04\/Dia_del_Libro_2025_Participacion_Colmenita-38-copia.jpg\"><img loading=\"lazy\" decoding=\"async\" class=\"alignright size-medium wp-image-184565\" src=\"https:\/\/www.upla.cl\/noticias\/wp-content\/uploads\/2025\/04\/Dia_del_Libro_2025_Participacion_Colmenita-38-copia-300x200.jpg\" alt=\"\" width=\"300\" height=\"200\" srcset=\"https:\/\/upla.cl\/noticias\/wp-content\/uploads\/2025\/04\/Dia_del_Libro_2025_Participacion_Colmenita-38-copia-300x200.jpg 300w, https:\/\/upla.cl\/noticias\/wp-content\/uploads\/2025\/04\/Dia_del_Libro_2025_Participacion_Colmenita-38-copia-1024x683.jpg 1024w, https:\/\/upla.cl\/noticias\/wp-content\/uploads\/2025\/04\/Dia_del_Libro_2025_Participacion_Colmenita-38-copia-150x100.jpg 150w, https:\/\/upla.cl\/noticias\/wp-content\/uploads\/2025\/04\/Dia_del_Libro_2025_Participacion_Colmenita-38-copia-768x512.jpg 768w, https:\/\/upla.cl\/noticias\/wp-content\/uploads\/2025\/04\/Dia_del_Libro_2025_Participacion_Colmenita-38-copia-1536x1024.jpg 1536w, https:\/\/upla.cl\/noticias\/wp-content\/uploads\/2025\/04\/Dia_del_Libro_2025_Participacion_Colmenita-38-copia.jpg 1920w\" sizes=\"auto, (max-width: 300px) 100vw, 300px\" \/><\/a><strong>Anaiza Espinace Espinoza, de la Unidad de Relaciones Institucionales y Extensi\u00f3n Universitaria de la DGVM,<\/strong> destac\u00f3 este esp\u00edritu colaborativo que concret\u00f3 una agenda integrada para que participara toda la comunidad: \u201cPara nosotros es muy importante como instituci\u00f3n trabajar colaborativamente con otras comunidades, tanto interna como externamente. Entonces, lo que quisimos hacer este a\u00f1o fue unificar las actividades que se estaban realizando en el marco de este d\u00eda y de esa manera tener tambi\u00e9n actividades m\u00e1s provechosas. Por ejemplo, partimos el Mes del Libro con el Picnic de Libros que se inici\u00f3 en el Parque Cultural el d\u00eda 12 de abril y vamos a repetir esta actividad este s\u00e1bado 26, as\u00ed que estamos s\u00faper felices de que esto se haya concretado, porque en realidad, tambi\u00e9n, estamos reactivando el Espacio Creativo de Aprendizaje, que es de la UPLA y se encuentra en este Parque Cultural\u201d.<\/p>\n<p><a href=\"https:\/\/www.upla.cl\/noticias\/wp-content\/uploads\/2024\/04\/Inaguracion_Mes_del_Libro_SIBUPLA-13-scaled.jpg\"><img loading=\"lazy\" decoding=\"async\" class=\"alignright size-medium wp-image-170543\" src=\"https:\/\/www.upla.cl\/noticias\/wp-content\/uploads\/2024\/04\/Inaguracion_Mes_del_Libro_SIBUPLA-13-300x200.jpg\" alt=\"\" width=\"300\" height=\"200\" srcset=\"https:\/\/upla.cl\/noticias\/wp-content\/uploads\/2024\/04\/Inaguracion_Mes_del_Libro_SIBUPLA-13-300x200.jpg 300w, https:\/\/upla.cl\/noticias\/wp-content\/uploads\/2024\/04\/Inaguracion_Mes_del_Libro_SIBUPLA-13-1024x683.jpg 1024w, https:\/\/upla.cl\/noticias\/wp-content\/uploads\/2024\/04\/Inaguracion_Mes_del_Libro_SIBUPLA-13-768x512.jpg 768w, https:\/\/upla.cl\/noticias\/wp-content\/uploads\/2024\/04\/Inaguracion_Mes_del_Libro_SIBUPLA-13-1536x1025.jpg 1536w, https:\/\/upla.cl\/noticias\/wp-content\/uploads\/2024\/04\/Inaguracion_Mes_del_Libro_SIBUPLA-13-2048x1367.jpg 2048w\" sizes=\"auto, (max-width: 300px) 100vw, 300px\" \/><\/a>El <strong>SIBUPLA<\/strong> se incorpor\u00f3 activamente en esta conmemoraci\u00f3n y fue su director, <strong>Cristian Arias Bruna,<\/strong> quien coment\u00f3 que los espacios de la Biblioteca Central se han abierto para albergar distintas manifestaciones del arte relacionadas con el fomento a la lectura, tales como exposici\u00f3n de comics, obras de teatro, cuentacuentos y conversatorios: \u201cNuestro af\u00e1n es seguir fomentado la lectura, el profesor Maza durante la Inauguraci\u00f3n del A\u00f1o Acad\u00e9mico de la universidad, mencion\u00f3 el d\u00e9ficit que presenta nuestro pa\u00eds y Latinoam\u00e9rica, en general, en cuanto a canto a cantidad de libros le\u00eddos al a\u00f1o (\u2026) Lo que hace que nos vamos quedando un poco vac\u00edos, porque cada vez leemos menos, por lo que seguiremos incentivando y fomentando la lectura a trav\u00e9s de diversas instancias\u201d.<\/p>\n<p><a href=\"https:\/\/www.upla.cl\/noticias\/wp-content\/uploads\/2025\/04\/Dia_del_Libro_2025_Participacion_Colmenita-30-copia.jpg\"><img loading=\"lazy\" decoding=\"async\" class=\"alignleft size-medium wp-image-184563\" src=\"https:\/\/www.upla.cl\/noticias\/wp-content\/uploads\/2025\/04\/Dia_del_Libro_2025_Participacion_Colmenita-30-copia-300x200.jpg\" alt=\"\" width=\"300\" height=\"200\" srcset=\"https:\/\/upla.cl\/noticias\/wp-content\/uploads\/2025\/04\/Dia_del_Libro_2025_Participacion_Colmenita-30-copia-300x200.jpg 300w, https:\/\/upla.cl\/noticias\/wp-content\/uploads\/2025\/04\/Dia_del_Libro_2025_Participacion_Colmenita-30-copia-1024x683.jpg 1024w, https:\/\/upla.cl\/noticias\/wp-content\/uploads\/2025\/04\/Dia_del_Libro_2025_Participacion_Colmenita-30-copia-150x100.jpg 150w, https:\/\/upla.cl\/noticias\/wp-content\/uploads\/2025\/04\/Dia_del_Libro_2025_Participacion_Colmenita-30-copia-768x512.jpg 768w, https:\/\/upla.cl\/noticias\/wp-content\/uploads\/2025\/04\/Dia_del_Libro_2025_Participacion_Colmenita-30-copia-1536x1024.jpg 1536w, https:\/\/upla.cl\/noticias\/wp-content\/uploads\/2025\/04\/Dia_del_Libro_2025_Participacion_Colmenita-30-copia.jpg 1920w\" sizes=\"auto, (max-width: 300px) 100vw, 300px\" \/><\/a>Tambi\u00e9n, hubo actividades para los m\u00e1s peque\u00f1os de nuestra casa de estudios, los ni\u00f1os y ni\u00f1as de la Sala Cuna y Jard\u00edn Colmenita, quienes asistieron a la obra de teatro familiar <strong>\u201c@La Caperucita Roja y el Camino a la Conexi\u00f3n\u201d,<\/strong> interpretada por <strong>estudiantes y egresados de la carrera de Teatro UPLA.<\/strong><\/p>\n<p><strong><a href=\"https:\/\/www.upla.cl\/noticias\/wp-content\/uploads\/2025\/04\/Dia_del_Libro_2025_Participacion_Colmenita-23-copia.jpg\"><img loading=\"lazy\" decoding=\"async\" class=\"size-medium wp-image-184562 alignleft\" src=\"https:\/\/www.upla.cl\/noticias\/wp-content\/uploads\/2025\/04\/Dia_del_Libro_2025_Participacion_Colmenita-23-copia-300x200.jpg\" alt=\"\" width=\"300\" height=\"200\" srcset=\"https:\/\/upla.cl\/noticias\/wp-content\/uploads\/2025\/04\/Dia_del_Libro_2025_Participacion_Colmenita-23-copia-300x200.jpg 300w, https:\/\/upla.cl\/noticias\/wp-content\/uploads\/2025\/04\/Dia_del_Libro_2025_Participacion_Colmenita-23-copia-1024x683.jpg 1024w, https:\/\/upla.cl\/noticias\/wp-content\/uploads\/2025\/04\/Dia_del_Libro_2025_Participacion_Colmenita-23-copia-150x100.jpg 150w, https:\/\/upla.cl\/noticias\/wp-content\/uploads\/2025\/04\/Dia_del_Libro_2025_Participacion_Colmenita-23-copia-768x512.jpg 768w, https:\/\/upla.cl\/noticias\/wp-content\/uploads\/2025\/04\/Dia_del_Libro_2025_Participacion_Colmenita-23-copia-1536x1024.jpg 1536w, https:\/\/upla.cl\/noticias\/wp-content\/uploads\/2025\/04\/Dia_del_Libro_2025_Participacion_Colmenita-23-copia.jpg 1920w\" sizes=\"auto, (max-width: 300px) 100vw, 300px\" \/><\/a>Mar\u00eda Orellana P\u00e9rez, Educadora del Jard\u00edn Colmenita,<\/strong> enfatiz\u00f3 a labor que cumple este centro educativo desde la m\u00e1s temprana edad para desarrollar el gusto por la lectura: \u201cPara nosotros como Jard\u00edn Infantil es importante el fomento de la lectura y as\u00ed est\u00e1 el visualizado dentro de lo que es el plan institucional del jard\u00edn infantil, nuestro PI y tambi\u00e9n de nuestros planes anuales, el trabajar con las ni\u00f1as y ni\u00f1os, el fomento de la lectura desde edades tempranas, es decir, desde la sala cuna, el acercar al ni\u00f1o o la ni\u00f1a a la lectura, el gusto por la lectura, le permite a \u00e9l no solamente tener ganas de leer, sino que tambi\u00e9n va muy asociado a todo lo que tiene que ver con el desarrollo del lenguaje, el pensamiento, etc\u00e9tera\u201d.<\/p>\n<p>Los peque\u00f1os y peque\u00f1as confeccionaron separadores de libro para regalar a los asitentes a la Feria del Libro que se realiz\u00f3 en el acceso al Edificio Institucional de la universidad.<\/p>\n<div id='gallery-1' class='gallery galleryid-184553 gallery-columns-3 gallery-size-large'><figure class='gallery-item'>\n\t\t\t<div class='gallery-icon landscape'>\n\t\t\t\t<a href='https:\/\/upla.cl\/noticias\/wp-content\/uploads\/2025\/04\/Dia_del_Libro_2025_Participacion_Colmenita-46-copia.jpg'><img loading=\"lazy\" decoding=\"async\" width=\"618\" height=\"412\" src=\"https:\/\/upla.cl\/noticias\/wp-content\/uploads\/2025\/04\/Dia_del_Libro_2025_Participacion_Colmenita-46-copia-1024x683.jpg\" class=\"attachment-large size-large\" alt=\"\" srcset=\"https:\/\/upla.cl\/noticias\/wp-content\/uploads\/2025\/04\/Dia_del_Libro_2025_Participacion_Colmenita-46-copia-1024x683.jpg 1024w, https:\/\/upla.cl\/noticias\/wp-content\/uploads\/2025\/04\/Dia_del_Libro_2025_Participacion_Colmenita-46-copia-300x200.jpg 300w, https:\/\/upla.cl\/noticias\/wp-content\/uploads\/2025\/04\/Dia_del_Libro_2025_Participacion_Colmenita-46-copia-150x100.jpg 150w, https:\/\/upla.cl\/noticias\/wp-content\/uploads\/2025\/04\/Dia_del_Libro_2025_Participacion_Colmenita-46-copia-768x512.jpg 768w, https:\/\/upla.cl\/noticias\/wp-content\/uploads\/2025\/04\/Dia_del_Libro_2025_Participacion_Colmenita-46-copia-1536x1024.jpg 1536w, https:\/\/upla.cl\/noticias\/wp-content\/uploads\/2025\/04\/Dia_del_Libro_2025_Participacion_Colmenita-46-copia.jpg 1920w\" sizes=\"auto, (max-width: 618px) 100vw, 618px\" \/><\/a>\n\t\t\t<\/div><\/figure><figure class='gallery-item'>\n\t\t\t<div class='gallery-icon landscape'>\n\t\t\t\t<a href='https:\/\/upla.cl\/noticias\/wp-content\/uploads\/2025\/04\/Dia_del_Libro_2025_Participacion_Colmenita-44-copia.jpg'><img loading=\"lazy\" decoding=\"async\" width=\"618\" height=\"412\" src=\"https:\/\/upla.cl\/noticias\/wp-content\/uploads\/2025\/04\/Dia_del_Libro_2025_Participacion_Colmenita-44-copia-1024x683.jpg\" class=\"attachment-large size-large\" alt=\"\" srcset=\"https:\/\/upla.cl\/noticias\/wp-content\/uploads\/2025\/04\/Dia_del_Libro_2025_Participacion_Colmenita-44-copia-1024x683.jpg 1024w, https:\/\/upla.cl\/noticias\/wp-content\/uploads\/2025\/04\/Dia_del_Libro_2025_Participacion_Colmenita-44-copia-300x200.jpg 300w, https:\/\/upla.cl\/noticias\/wp-content\/uploads\/2025\/04\/Dia_del_Libro_2025_Participacion_Colmenita-44-copia-150x100.jpg 150w, https:\/\/upla.cl\/noticias\/wp-content\/uploads\/2025\/04\/Dia_del_Libro_2025_Participacion_Colmenita-44-copia-768x512.jpg 768w, https:\/\/upla.cl\/noticias\/wp-content\/uploads\/2025\/04\/Dia_del_Libro_2025_Participacion_Colmenita-44-copia-1536x1024.jpg 1536w, https:\/\/upla.cl\/noticias\/wp-content\/uploads\/2025\/04\/Dia_del_Libro_2025_Participacion_Colmenita-44-copia.jpg 1920w\" sizes=\"auto, (max-width: 618px) 100vw, 618px\" \/><\/a>\n\t\t\t<\/div><\/figure><figure class='gallery-item'>\n\t\t\t<div class='gallery-icon landscape'>\n\t\t\t\t<a href='https:\/\/upla.cl\/noticias\/wp-content\/uploads\/2025\/04\/Dia_del_Libro_2025_Participacion_Colmenita-40-copia.jpg'><img loading=\"lazy\" decoding=\"async\" width=\"618\" height=\"412\" src=\"https:\/\/upla.cl\/noticias\/wp-content\/uploads\/2025\/04\/Dia_del_Libro_2025_Participacion_Colmenita-40-copia-1024x683.jpg\" class=\"attachment-large size-large\" alt=\"\" srcset=\"https:\/\/upla.cl\/noticias\/wp-content\/uploads\/2025\/04\/Dia_del_Libro_2025_Participacion_Colmenita-40-copia-1024x683.jpg 1024w, https:\/\/upla.cl\/noticias\/wp-content\/uploads\/2025\/04\/Dia_del_Libro_2025_Participacion_Colmenita-40-copia-300x200.jpg 300w, https:\/\/upla.cl\/noticias\/wp-content\/uploads\/2025\/04\/Dia_del_Libro_2025_Participacion_Colmenita-40-copia-150x100.jpg 150w, https:\/\/upla.cl\/noticias\/wp-content\/uploads\/2025\/04\/Dia_del_Libro_2025_Participacion_Colmenita-40-copia-768x512.jpg 768w, https:\/\/upla.cl\/noticias\/wp-content\/uploads\/2025\/04\/Dia_del_Libro_2025_Participacion_Colmenita-40-copia-1536x1024.jpg 1536w, https:\/\/upla.cl\/noticias\/wp-content\/uploads\/2025\/04\/Dia_del_Libro_2025_Participacion_Colmenita-40-copia.jpg 1920w\" sizes=\"auto, (max-width: 618px) 100vw, 618px\" \/><\/a>\n\t\t\t<\/div><\/figure><figure class='gallery-item'>\n\t\t\t<div class='gallery-icon landscape'>\n\t\t\t\t<a href='https:\/\/upla.cl\/noticias\/wp-content\/uploads\/2025\/04\/Dia_del_Libro_2025_Participacion_Colmenita-34-copia.jpg'><img loading=\"lazy\" decoding=\"async\" width=\"618\" height=\"412\" src=\"https:\/\/upla.cl\/noticias\/wp-content\/uploads\/2025\/04\/Dia_del_Libro_2025_Participacion_Colmenita-34-copia-1024x683.jpg\" class=\"attachment-large size-large\" alt=\"\" srcset=\"https:\/\/upla.cl\/noticias\/wp-content\/uploads\/2025\/04\/Dia_del_Libro_2025_Participacion_Colmenita-34-copia-1024x683.jpg 1024w, https:\/\/upla.cl\/noticias\/wp-content\/uploads\/2025\/04\/Dia_del_Libro_2025_Participacion_Colmenita-34-copia-300x200.jpg 300w, https:\/\/upla.cl\/noticias\/wp-content\/uploads\/2025\/04\/Dia_del_Libro_2025_Participacion_Colmenita-34-copia-150x100.jpg 150w, https:\/\/upla.cl\/noticias\/wp-content\/uploads\/2025\/04\/Dia_del_Libro_2025_Participacion_Colmenita-34-copia-768x512.jpg 768w, https:\/\/upla.cl\/noticias\/wp-content\/uploads\/2025\/04\/Dia_del_Libro_2025_Participacion_Colmenita-34-copia-1536x1024.jpg 1536w, https:\/\/upla.cl\/noticias\/wp-content\/uploads\/2025\/04\/Dia_del_Libro_2025_Participacion_Colmenita-34-copia.jpg 1920w\" sizes=\"auto, (max-width: 618px) 100vw, 618px\" \/><\/a>\n\t\t\t<\/div><\/figure><figure class='gallery-item'>\n\t\t\t<div class='gallery-icon landscape'>\n\t\t\t\t<a href='https:\/\/upla.cl\/noticias\/wp-content\/uploads\/2025\/04\/Dia_del_Libro_2025_Participacion_Colmenita-15-copia.jpg'><img loading=\"lazy\" decoding=\"async\" width=\"618\" height=\"412\" src=\"https:\/\/upla.cl\/noticias\/wp-content\/uploads\/2025\/04\/Dia_del_Libro_2025_Participacion_Colmenita-15-copia-1024x683.jpg\" class=\"attachment-large size-large\" alt=\"\" srcset=\"https:\/\/upla.cl\/noticias\/wp-content\/uploads\/2025\/04\/Dia_del_Libro_2025_Participacion_Colmenita-15-copia-1024x683.jpg 1024w, https:\/\/upla.cl\/noticias\/wp-content\/uploads\/2025\/04\/Dia_del_Libro_2025_Participacion_Colmenita-15-copia-300x200.jpg 300w, https:\/\/upla.cl\/noticias\/wp-content\/uploads\/2025\/04\/Dia_del_Libro_2025_Participacion_Colmenita-15-copia-150x100.jpg 150w, https:\/\/upla.cl\/noticias\/wp-content\/uploads\/2025\/04\/Dia_del_Libro_2025_Participacion_Colmenita-15-copia-768x512.jpg 768w, https:\/\/upla.cl\/noticias\/wp-content\/uploads\/2025\/04\/Dia_del_Libro_2025_Participacion_Colmenita-15-copia-1536x1024.jpg 1536w, https:\/\/upla.cl\/noticias\/wp-content\/uploads\/2025\/04\/Dia_del_Libro_2025_Participacion_Colmenita-15-copia.jpg 1920w\" sizes=\"auto, (max-width: 618px) 100vw, 618px\" \/><\/a>\n\t\t\t<\/div><\/figure><figure class='gallery-item'>\n\t\t\t<div class='gallery-icon landscape'>\n\t\t\t\t<a href='https:\/\/upla.cl\/noticias\/wp-content\/uploads\/2025\/04\/Dia_del_Libro_2025_Participacion_Colmenita-11-copia.jpg'><img loading=\"lazy\" decoding=\"async\" width=\"618\" height=\"412\" src=\"https:\/\/upla.cl\/noticias\/wp-content\/uploads\/2025\/04\/Dia_del_Libro_2025_Participacion_Colmenita-11-copia-1024x683.jpg\" class=\"attachment-large size-large\" alt=\"\" srcset=\"https:\/\/upla.cl\/noticias\/wp-content\/uploads\/2025\/04\/Dia_del_Libro_2025_Participacion_Colmenita-11-copia-1024x683.jpg 1024w, https:\/\/upla.cl\/noticias\/wp-content\/uploads\/2025\/04\/Dia_del_Libro_2025_Participacion_Colmenita-11-copia-300x200.jpg 300w, https:\/\/upla.cl\/noticias\/wp-content\/uploads\/2025\/04\/Dia_del_Libro_2025_Participacion_Colmenita-11-copia-150x100.jpg 150w, https:\/\/upla.cl\/noticias\/wp-content\/uploads\/2025\/04\/Dia_del_Libro_2025_Participacion_Colmenita-11-copia-768x512.jpg 768w, https:\/\/upla.cl\/noticias\/wp-content\/uploads\/2025\/04\/Dia_del_Libro_2025_Participacion_Colmenita-11-copia-1536x1024.jpg 1536w, https:\/\/upla.cl\/noticias\/wp-content\/uploads\/2025\/04\/Dia_del_Libro_2025_Participacion_Colmenita-11-copia.jpg 1920w\" sizes=\"auto, (max-width: 618px) 100vw, 618px\" \/><\/a>\n\t\t\t<\/div><\/figure>\n\t\t<\/div>\n\n<blockquote class=\"instagram-media\" style=\"background: #FFF; border: 0; border-radius: 3px; box-shadow: 0 0 1px 0 rgba(0,0,0,0.5),0 1px 10px 0 rgba(0,0,0,0.15); margin: 1px; max-width: 540px; min-width: 326px; padding: 0; width: calc(100% - 2px);\" data-instgrm-captioned=\"\" data-instgrm-permalink=\"https:\/\/www.instagram.com\/reel\/DI1R6-eRJe-\/?utm_source=ig_embed&amp;utm_campaign=loading\" data-instgrm-version=\"14\">\n<div style=\"padding: 16px;\">\n<p>&nbsp;<\/p>\n<div style=\"display: flex; flex-direction: row; align-items: center;\">\n<div style=\"background-color: #f4f4f4; border-radius: 50%; flex-grow: 0; height: 40px; margin-right: 14px; width: 40px;\"><\/div>\n<div style=\"display: flex; flex-direction: column; flex-grow: 1; justify-content: center;\">\n<div style=\"background-color: #f4f4f4; border-radius: 4px; flex-grow: 0; height: 14px; margin-bottom: 6px; width: 100px;\"><\/div>\n<div style=\"background-color: #f4f4f4; border-radius: 4px; flex-grow: 0; height: 14px; width: 60px;\"><\/div>\n<\/div>\n<\/div>\n<div style=\"padding: 19% 0;\"><\/div>\n<div style=\"display: block; height: 50px; margin: 0 auto 12px; width: 50px;\"><\/div>\n<div style=\"padding-top: 8px;\">\n<div style=\"color: #3897f0; font-family: Arial,sans-serif; font-size: 14px; font-style: normal; font-weight: 550; line-height: 18px;\">Ver esta publicaci\u00f3n en Instagram<\/div>\n<\/div>\n<div style=\"padding: 12.5% 0;\"><\/div>\n<div style=\"display: flex; flex-direction: row; margin-bottom: 14px; align-items: center;\">\n<div>\n<div style=\"background-color: #f4f4f4; border-radius: 50%; height: 12.5px; width: 12.5px; transform: translateX(0px) translateY(7px);\"><\/div>\n<div style=\"background-color: #f4f4f4; height: 12.5px; transform: rotate(-45deg) translateX(3px) translateY(1px); width: 12.5px; flex-grow: 0; margin-right: 14px; margin-left: 2px;\"><\/div>\n<div style=\"background-color: #f4f4f4; border-radius: 50%; height: 12.5px; width: 12.5px; transform: translateX(9px) translateY(-18px);\"><\/div>\n<\/div>\n<div style=\"margin-left: 8px;\">\n<div style=\"background-color: #f4f4f4; border-radius: 50%; flex-grow: 0; height: 20px; width: 20px;\"><\/div>\n<div style=\"width: 0; height: 0; border-top: 2px solid transparent; border-left: 6px solid #f4f4f4; border-bottom: 2px solid transparent; transform: translateX(16px) translateY(-4px) rotate(30deg);\"><\/div>\n<\/div>\n<div style=\"margin-left: auto;\">\n<div style=\"width: 0px; border-top: 8px solid #F4F4F4; border-right: 8px solid transparent; transform: translateY(16px);\"><\/div>\n<div style=\"background-color: #f4f4f4; flex-grow: 0; height: 12px; width: 16px; transform: translateY(-4px);\"><\/div>\n<div style=\"width: 0; height: 0; border-top: 8px solid #F4F4F4; border-left: 8px solid transparent; transform: translateY(-4px) translateX(8px);\"><\/div>\n<\/div>\n<\/div>\n<div style=\"display: flex; flex-direction: column; flex-grow: 1; justify-content: center; margin-bottom: 24px;\">\n<div style=\"background-color: #f4f4f4; border-radius: 4px; flex-grow: 0; height: 14px; margin-bottom: 6px; width: 224px;\"><\/div>\n<div style=\"background-color: #f4f4f4; border-radius: 4px; flex-grow: 0; height: 14px; width: 144px;\"><\/div>\n<\/div>\n<p>&nbsp;<\/p>\n<p style=\"color: #c9c8cd; font-family: Arial,sans-serif; font-size: 14px; line-height: 17px; margin-bottom: 0; margin-top: 8px; overflow: hidden; padding: 8px 0 7px; text-align: center; text-overflow: ellipsis; white-space: nowrap;\"><a style=\"color: #c9c8cd; font-family: Arial,sans-serif; font-size: 14px; font-style: normal; font-weight: normal; line-height: 17px; text-decoration: none;\" href=\"https:\/\/www.instagram.com\/reel\/DI1R6-eRJe-\/?utm_source=ig_embed&amp;utm_campaign=loading\" target=\"_blank\" rel=\"noopener\">Una publicaci\u00f3n compartida de Universidad de Playa Ancha (@upla_comunica)<\/a><\/p>\n<\/div>\n<\/blockquote>\n<p><script async src=\"\/\/www.instagram.com\/embed.js\"><\/script><\/p>\n","protected":false},"excerpt":{"rendered":"<p>Organizadores coincidieron en que fomentar la lectura es fundamental para incentivar todas las \u00e1reas del conocimiento y  que desde m\u00e1s temprana edad, se obtienen mejores resultados.<\/p>\n","protected":false},"author":11,"featured_media":184568,"comment_status":"closed","ping_status":"closed","sticky":false,"template":"","format":"standard","meta":{"footnotes":""},"categories":[96,52,40,210,69,97,99,87,208,139,91],"tags":[],"class_list":["post-184553","post","type-post","status-publish","format-standard","has-post-thumbnail","","category-academicos","category-cultura","category-destacados","category-editorial-puntangeles","category-egresados","category-estudiantes","category-funcionarios","category-colmenita","category-sala-upla","category-sibupla","category-vinculacion-con-el-medio"],"_links":{"self":[{"href":"https:\/\/upla.cl\/noticias\/wp-json\/wp\/v2\/posts\/184553","targetHints":{"allow":["GET"]}}],"collection":[{"href":"https:\/\/upla.cl\/noticias\/wp-json\/wp\/v2\/posts"}],"about":[{"href":"https:\/\/upla.cl\/noticias\/wp-json\/wp\/v2\/types\/post"}],"author":[{"embeddable":true,"href":"https:\/\/upla.cl\/noticias\/wp-json\/wp\/v2\/users\/11"}],"replies":[{"embeddable":true,"href":"https:\/\/upla.cl\/noticias\/wp-json\/wp\/v2\/comments?post=184553"}],"version-history":[{"count":0,"href":"https:\/\/upla.cl\/noticias\/wp-json\/wp\/v2\/posts\/184553\/revisions"}],"wp:featuredmedia":[{"embeddable":true,"href":"https:\/\/upla.cl\/noticias\/wp-json\/wp\/v2\/media\/184568"}],"wp:attachment":[{"href":"https:\/\/upla.cl\/noticias\/wp-json\/wp\/v2\/media?parent=184553"}],"wp:term":[{"taxonomy":"category","embeddable":true,"href":"https:\/\/upla.cl\/noticias\/wp-json\/wp\/v2\/categories?post=184553"},{"taxonomy":"post_tag","embeddable":true,"href":"https:\/\/upla.cl\/noticias\/wp-json\/wp\/v2\/tags?post=184553"}],"curies":[{"name":"wp","href":"https:\/\/api.w.org\/{rel}","templated":true}]}}