{"id":184591,"date":"2025-04-25T18:00:48","date_gmt":"2025-04-25T22:00:48","guid":{"rendered":"https:\/\/www.upla.cl\/noticias\/?p=184591"},"modified":"2025-08-27T19:32:08","modified_gmt":"2025-08-27T23:32:08","slug":"revista-enred-lanza-su-tercera-edicion-con-foco-en-experiencias-de-egreso-de-la-facultad-de-arte","status":"publish","type":"post","link":"https:\/\/upla.cl\/noticias\/2025\/04\/25\/revista-enred-lanza-su-tercera-edicion-con-foco-en-experiencias-de-egreso-de-la-facultad-de-arte\/","title":{"rendered":"Revista EnRED lanza su tercera edici\u00f3n con foco en experiencias de egreso de la Facultad de Arte"},"content":{"rendered":"<p><a href=\"https:\/\/www.upla.cl\/noticias\/wp-content\/uploads\/2025\/04\/Ilustracion-Revista-No3-1-scaled.jpg\"><img loading=\"lazy\" decoding=\"async\" class=\"alignleft wp-image-184594 \" src=\"https:\/\/www.upla.cl\/noticias\/wp-content\/uploads\/2025\/04\/Ilustracion-Revista-No3-1-943x1024.jpg\" alt=\"\" width=\"416\" height=\"452\" srcset=\"https:\/\/upla.cl\/noticias\/wp-content\/uploads\/2025\/04\/Ilustracion-Revista-No3-1-943x1024.jpg 943w, https:\/\/upla.cl\/noticias\/wp-content\/uploads\/2025\/04\/Ilustracion-Revista-No3-1-276x300.jpg 276w, https:\/\/upla.cl\/noticias\/wp-content\/uploads\/2025\/04\/Ilustracion-Revista-No3-1-138x150.jpg 138w, https:\/\/upla.cl\/noticias\/wp-content\/uploads\/2025\/04\/Ilustracion-Revista-No3-1-768x834.jpg 768w, https:\/\/upla.cl\/noticias\/wp-content\/uploads\/2025\/04\/Ilustracion-Revista-No3-1-1415x1536.jpg 1415w, https:\/\/upla.cl\/noticias\/wp-content\/uploads\/2025\/04\/Ilustracion-Revista-No3-1-1886x2048.jpg 1886w\" sizes=\"auto, (max-width: 416px) 100vw, 416px\" \/><\/a>La <a href=\"https:\/\/upla.cl\/vinculacion\/unidad-de-vinculos-con-la-comunidad-egresada-y-empleadora-uvce\/\"><strong>Unidad de V\u00ednculos con la Comunidad Egresada y Empleadores (UVCE)<\/strong> <\/a>public\u00f3 la <strong>tercera edici\u00f3n de EnRED<\/strong>, la revista digital de la comunidad egresada de la <strong>Universidad de Playa Ancha (UPLA)<\/strong>. En esta edici\u00f3n, la revista recoge un relato de egreso de la carrera de teatro de la <strong>Facultad de Arte<\/strong> y explora temas como la inclusi\u00f3n laboral y la gesti\u00f3n cultural.<\/p>\n<p>La revista inicia con el art\u00edculo \u201cInclusi\u00f3n laboral: una oportunidad de desarrollo profesional para contribuir a la transformaci\u00f3n del mundo del trabajo\u201d, donde a trav\u00e9s de los conocimientos de <strong>Indira Barrera Fuentes, Terapeuta Ocupacional UPLA,<\/strong> se explica el rol que tienen los y las gestoras de inclusi\u00f3n en el cumplimiento de las legislaciones sobre la materia en los entornos laborales: \u201cSe habla mucho de la inclusi\u00f3n laboral hoy en d\u00eda por las leyes, pero cuando estas surgen no hay quien las explique. Tampoco se sabe el rol del Terapeuta Ocupacional en este proceso de inclusi\u00f3n y que, por ejemplo, una de las leyes que surge en relaci\u00f3n a la inclusi\u00f3n laboral tiene que ver con la ley del gestor de inclusi\u00f3n\u201d, explic\u00f3 la profesional y relatora del taller \u201cInclusi\u00f3n laboral de personas en situaci\u00f3n de discapacidad\u201d que organiz\u00f3 la UVCE durante 2024.<\/p>\n<p><a href=\"https:\/\/www.upla.cl\/noticias\/wp-content\/uploads\/2025\/04\/Carina-1-e1745609306703.jpeg\"><img loading=\"lazy\" decoding=\"async\" class=\"alignright size-medium wp-image-184595\" src=\"https:\/\/www.upla.cl\/noticias\/wp-content\/uploads\/2025\/04\/Carina-1-e1745609306703-300x243.jpeg\" alt=\"\" width=\"300\" height=\"243\" srcset=\"https:\/\/upla.cl\/noticias\/wp-content\/uploads\/2025\/04\/Carina-1-e1745609306703-300x243.jpeg 300w, https:\/\/upla.cl\/noticias\/wp-content\/uploads\/2025\/04\/Carina-1-e1745609306703-1024x829.jpeg 1024w, https:\/\/upla.cl\/noticias\/wp-content\/uploads\/2025\/04\/Carina-1-e1745609306703-150x121.jpeg 150w, https:\/\/upla.cl\/noticias\/wp-content\/uploads\/2025\/04\/Carina-1-e1745609306703-768x622.jpeg 768w, https:\/\/upla.cl\/noticias\/wp-content\/uploads\/2025\/04\/Carina-1-e1745609306703.jpeg 1340w\" sizes=\"auto, (max-width: 300px) 100vw, 300px\" \/><\/a>Esta tercera edici\u00f3n trae como horizonte de egreso a la Facultad de Arte, con la experiencia de <strong>Carina Aspillaga Borques,<\/strong> <strong>artista esc\u00e9nica y egresada de la carrera de Teatro<\/strong>, quien relata sus experiencias de trabajo en el mundo del teatro y su visi\u00f3n sobre alcanzar nuevas fronteras en su trayectoria profesional: \u201cYo creo que hay que atreverse y salir de la zona de confort. El arte pide eso, pide sacrificios. Ang\u00e9lica Liddell, que es una artista esc\u00e9nica y performer que amo, dice que si no hay sacrificio en la escena es mejor que no hagas nada. En ese sentido, es como hacerle caso al est\u00f3mago, a la tripa, y moverse desde ah\u00ed\u201d, coment\u00f3 la egresada en su entrevista.<\/p>\n<p>Adem\u00e1s, a trav\u00e9s de la voz experta de la <strong>mag\u00edster en gesti\u00f3n cultural UPLA, Javiera Mart\u00ednez Daza<\/strong>, exploramos qu\u00e9 es la gesti\u00f3n cultural, el rol que tienen en el desarrollo de los territorios de la regi\u00f3n y las oportunidades que ofrecen los programas del <strong>Ministerio de las Culturas, las Artes y el Patrimonio<\/strong>, como es el caso del programa Nacional de Puntos de Cultura Comunitaria.<\/p>\n<p><a href=\"https:\/\/www.upla.cl\/noticias\/wp-content\/uploads\/2025\/04\/resena-libro.png\"><img loading=\"lazy\" decoding=\"async\" class=\"alignright size-medium wp-image-184596\" src=\"https:\/\/www.upla.cl\/noticias\/wp-content\/uploads\/2025\/04\/resena-libro-300x201.png\" alt=\"\" width=\"300\" height=\"201\" srcset=\"https:\/\/upla.cl\/noticias\/wp-content\/uploads\/2025\/04\/resena-libro-300x201.png 300w, https:\/\/upla.cl\/noticias\/wp-content\/uploads\/2025\/04\/resena-libro-1024x686.png 1024w, https:\/\/upla.cl\/noticias\/wp-content\/uploads\/2025\/04\/resena-libro-150x101.png 150w, https:\/\/upla.cl\/noticias\/wp-content\/uploads\/2025\/04\/resena-libro-768x515.png 768w, https:\/\/upla.cl\/noticias\/wp-content\/uploads\/2025\/04\/resena-libro-1536x1030.png 1536w, https:\/\/upla.cl\/noticias\/wp-content\/uploads\/2025\/04\/resena-libro-110x75.png 110w, https:\/\/upla.cl\/noticias\/wp-content\/uploads\/2025\/04\/resena-libro.png 1611w\" sizes=\"auto, (max-width: 300px) 100vw, 300px\" \/><\/a>La revista tambi\u00e9n trae nuevos consejos de profesionales de la Comunidad Egresada. En esta ocasi\u00f3n, son profesionales de las \u00e1reas del periodismo, de la pedagog\u00eda y del dise\u00f1o los que aconsejaron a estudiantes que est\u00e1n en sus \u00faltimos a\u00f1os o se encuentran en proceso de pr\u00e1ctica, tesis o ambos.<\/p>\n<p>EnRED concluye con la rese\u00f1a del <strong>libro \u201cSin Salida\u201d,<\/strong> escrito por el <strong>profesor de ingl\u00e9s y egresado UPLA, Antonio Garc\u00e9s Arias.<\/strong> Esta novela de ciencia ficci\u00f3n propone un mundo sin electricidad, abatido por cat\u00e1strofes naturales y el desmoronamiento de la sociedad; un escenario que invita a reflexionar sobre el sentido de lo humano en un planeta llevado al l\u00edmite, donde la salvaci\u00f3n parece ser el \u00fanico relato coherente.<\/p>\n<p><strong>Daniela Casanueva Vald\u00e9s, coordinadora de la UCVE,<\/strong> sostuvo que esta edici\u00f3n refleja el compromiso por visibilizar las trayectorias y experiencias profesionales de la Comunidad Egresada UPLA: \u201cEn esta oportunidad, hemos puesto el foco en el \u00e1mbito del arte, lo que nos permite conocer m\u00e1s de cerca los desaf\u00edos que enfrentan quienes se han formado en nuestra universidad, as\u00ed como tambi\u00e9n fortalecer los v\u00ednculos con ellos. A trav\u00e9s de EnRED buscamos no solo compartir sus historias, sino tambi\u00e9n relevar los aportes que realizan desde sus disciplinas a la transformaci\u00f3n social y cultural de sus entornos\u201d, concluy\u00f3 la coordinadora.<\/p>\n<p>Las personas interesadas en conocer esta nueva edici\u00f3n, se encuentra disponible en el sitio web upla.cl\/egresados, en la secci\u00f3n <a href=\"https:\/\/upla.cl\/egresados\/revista-enred\/\">\u201cRevista enRED\u201d.<\/a><\/p>\n<p style=\"text-align: right;\">(Esteban Moreno Torres, periodista Direcci\u00f3n General de Vinculaci\u00f3n con el Medio)<\/p>\n","protected":false},"excerpt":{"rendered":"<p>La revista digital es publicada por la Unidad de V\u00ednculos con la Comunidad Egresada y Empleadores, de la Direcci\u00f3n General de Vinculaci\u00f3n con el Medio.<\/p>\n","protected":false},"author":11,"featured_media":184594,"comment_status":"closed","ping_status":"closed","sticky":false,"template":"","format":"standard","meta":{"footnotes":""},"categories":[96,69,71,74,77,665,91],"tags":[],"class_list":["post-184591","post","type-post","status-publish","format-standard","has-post-thumbnail","","category-academicos","category-egresados","category-facultad-de-arte","category-facultad-de-ciencias-de-la-salud","category-facultad-de-humanidades","category-pedagogia-en-ingles","category-vinculacion-con-el-medio"],"_links":{"self":[{"href":"https:\/\/upla.cl\/noticias\/wp-json\/wp\/v2\/posts\/184591","targetHints":{"allow":["GET"]}}],"collection":[{"href":"https:\/\/upla.cl\/noticias\/wp-json\/wp\/v2\/posts"}],"about":[{"href":"https:\/\/upla.cl\/noticias\/wp-json\/wp\/v2\/types\/post"}],"author":[{"embeddable":true,"href":"https:\/\/upla.cl\/noticias\/wp-json\/wp\/v2\/users\/11"}],"replies":[{"embeddable":true,"href":"https:\/\/upla.cl\/noticias\/wp-json\/wp\/v2\/comments?post=184591"}],"version-history":[{"count":0,"href":"https:\/\/upla.cl\/noticias\/wp-json\/wp\/v2\/posts\/184591\/revisions"}],"wp:featuredmedia":[{"embeddable":true,"href":"https:\/\/upla.cl\/noticias\/wp-json\/wp\/v2\/media\/184594"}],"wp:attachment":[{"href":"https:\/\/upla.cl\/noticias\/wp-json\/wp\/v2\/media?parent=184591"}],"wp:term":[{"taxonomy":"category","embeddable":true,"href":"https:\/\/upla.cl\/noticias\/wp-json\/wp\/v2\/categories?post=184591"},{"taxonomy":"post_tag","embeddable":true,"href":"https:\/\/upla.cl\/noticias\/wp-json\/wp\/v2\/tags?post=184591"}],"curies":[{"name":"wp","href":"https:\/\/api.w.org\/{rel}","templated":true}]}}