{"id":184623,"date":"2025-04-28T09:37:19","date_gmt":"2025-04-28T13:37:19","guid":{"rendered":"https:\/\/www.upla.cl\/noticias\/?p=184623"},"modified":"2026-01-12T14:31:02","modified_gmt":"2026-01-12T17:31:02","slug":"sobre-jose-maza-mas-y-mejores-profesores","status":"publish","type":"post","link":"https:\/\/upla.cl\/noticias\/2025\/04\/28\/sobre-jose-maza-mas-y-mejores-profesores\/","title":{"rendered":"Sobre Jos\u00e9 Maza, m\u00e1s y mejores profesores"},"content":{"rendered":"<p>Un profesor de Educaci\u00f3n F\u00edsica haciendo clases de F\u00edsica\u2026 M\u00e1s all\u00e1 de la cercan\u00eda en los nombres, son materias absolutamente diferentes, por lo que una situaci\u00f3n as\u00ed no deber\u00eda presentarse. Sin embargo, es una de las experiencias que vivi\u00f3 el reconocido doctor Jos\u00e9 Maza, Premio Nacional de Ciencias Exactas 1999 por su labor en el campo de la Astronom\u00eda. La Universidad de Playa Ancha tuvo el placer de recibirlo esta semana, con motivo de la inauguraci\u00f3n de nuestro A\u00f1o Acad\u00e9mico 2025.<\/p>\n<p>M\u00e1s all\u00e1 de la an\u00e9cdota, ese caso ejemplifica la grave falta de profesores en nuestro pa\u00eds, que es tambi\u00e9n la causa de que en los colegios est\u00e9n haciendo clases otros profesionales que se habilitan para la docencia, muchas veces sin formaci\u00f3n pedag\u00f3gica. Si tienen verdadera vocaci\u00f3n, esas personas van a hacer todo lo posible para ense\u00f1ar, pero no van a entregar metodolog\u00edas ni did\u00e1cticas, no van a hacer un aprendizaje situado. La falta de herramientas o de conocimientos especializados puede afectar el proceso de ense\u00f1anza-aprendizaje.<\/p>\n<p>Una cosa es tener el conocimiento y otra distinta es saber transmitirlo. Para educar, la vocaci\u00f3n pedag\u00f3gica es sustantiva, pero tambi\u00e9n es esencial la formaci\u00f3n en pedagog\u00eda que dan las universidades. Docentes que cumplan ambas condiciones -tener vocaci\u00f3n y saber educar- ser\u00e1n quienes formen en el futuro cercano a los mejores profesionales, que manejar\u00e1n tanto los aspectos t\u00e9cnicos de sus profesiones como sus fundamentos.<\/p>\n<p>Mucho se ha dicho y debatido acerca de esta innegable necesidad de profesores y profesoras adecuadamente formados. El problema sigue siendo c\u00f3mo atraer a m\u00e1s j\u00f3venes para que sigan una carrera pedag\u00f3gica, especialmente en \u00e1reas de las ciencias exactas.<\/p>\n<p>Una v\u00eda es la que nos muestra el propio doctor Maza con su ejemplo: necesitamos m\u00e1s divulgadores cient\u00edficos. Necesitamos gente que est\u00e9 trabajando en ciencia avanzada, pero que adem\u00e1s pueda explicar de forma muy cercana a cada persona los fen\u00f3menos con los que opera; una forma m\u00e1s b\u00e1sica, m\u00e1s elemental, m\u00e1s entendible. Necesitamos a los cient\u00edficos que est\u00e1n elaborando y desarrollando nuevas propuestas, para que tambi\u00e9n hagan esa tarea de evangelizar a trav\u00e9s del conocimiento, a trav\u00e9s de sus experiencias. Por supuesto, esto no se da solamente en las ciencias, sino tambi\u00e9n en las humanidades, en la geograf\u00eda, en lo ambiental, en artes, en general en todas las \u00e1reas del conocimiento.<\/p>\n<p>Es importante para que las y los futuros estudiantes universitarios no solo se preocupen de las carreras m\u00e1s rentables. Tambi\u00e9n debieran discutir, reflexionar y analizar aspectos sustantivos sobre su vocaci\u00f3n, su compromiso ciudadano, su responsabilidad social, su aporte a la ciudad y regi\u00f3n. Ese inter\u00e9s de seguro puede ser motivado a trav\u00e9s del ejemplo de vida de profesoras y profesores, profesionales altamente comprometidos y divulgadores cient\u00edficos, quienes pueden despertar la curiosidad e inter\u00e9s por una profesi\u00f3n que permite transformar vidas.<\/p>\n<p>&nbsp;<\/p>\n<p><strong>Carlos Gonz\u00e1lez Morales<\/strong><br \/>\nRector Universidad de Playa Ancha<\/p>\n<p>&nbsp;<\/p>\n<p><strong>Fuente:<\/strong> columna publicada en El Mercurio de Valpara\u00edso, domingo 27 de abril de 2025, p\u00e1gina 10 (<a href=\"https:\/\/www.mercuriovalpo.cl\/impresa\/2025\/04\/27\/full\/cuerpo-principal\/10\/\" target=\"_blank\" rel=\"noopener\">acceso para suscriptores<\/a>).<\/p>\n<p>&nbsp;<\/p>\n","protected":false},"excerpt":{"rendered":"<p>Opini\u00f3n del rector Carlos Gonz\u00e1lez Morales, publicada en El Mercurio de Valpara\u00edso, edici\u00f3n del domingo 27 de abril.<\/p>\n","protected":false},"author":4,"featured_media":153062,"comment_status":"closed","ping_status":"closed","sticky":false,"template":"","format":"standard","meta":{"footnotes":""},"categories":[40,52,44,179,178,45],"tags":[],"class_list":["post-184623","post","type-post","status-publish","format-standard","has-post-thumbnail","","category-destacados","category-cultura","category-opinion","category-prensa","category-rectoria","category-upla-en-los-medios"],"_links":{"self":[{"href":"https:\/\/upla.cl\/noticias\/wp-json\/wp\/v2\/posts\/184623","targetHints":{"allow":["GET"]}}],"collection":[{"href":"https:\/\/upla.cl\/noticias\/wp-json\/wp\/v2\/posts"}],"about":[{"href":"https:\/\/upla.cl\/noticias\/wp-json\/wp\/v2\/types\/post"}],"author":[{"embeddable":true,"href":"https:\/\/upla.cl\/noticias\/wp-json\/wp\/v2\/users\/4"}],"replies":[{"embeddable":true,"href":"https:\/\/upla.cl\/noticias\/wp-json\/wp\/v2\/comments?post=184623"}],"version-history":[{"count":1,"href":"https:\/\/upla.cl\/noticias\/wp-json\/wp\/v2\/posts\/184623\/revisions"}],"predecessor-version":[{"id":194791,"href":"https:\/\/upla.cl\/noticias\/wp-json\/wp\/v2\/posts\/184623\/revisions\/194791"}],"wp:featuredmedia":[{"embeddable":true,"href":"https:\/\/upla.cl\/noticias\/wp-json\/wp\/v2\/media\/153062"}],"wp:attachment":[{"href":"https:\/\/upla.cl\/noticias\/wp-json\/wp\/v2\/media?parent=184623"}],"wp:term":[{"taxonomy":"category","embeddable":true,"href":"https:\/\/upla.cl\/noticias\/wp-json\/wp\/v2\/categories?post=184623"},{"taxonomy":"post_tag","embeddable":true,"href":"https:\/\/upla.cl\/noticias\/wp-json\/wp\/v2\/tags?post=184623"}],"curies":[{"name":"wp","href":"https:\/\/api.w.org\/{rel}","templated":true}]}}