{"id":184711,"date":"2025-04-29T16:12:08","date_gmt":"2025-04-29T20:12:08","guid":{"rendered":"https:\/\/www.upla.cl\/noticias\/?p=184711"},"modified":"2025-04-29T16:12:08","modified_gmt":"2025-04-29T20:12:08","slug":"recreacion-sana-competencia-y-vinculo-con-el-territorio-marcaron-semana-de-bienvenida-en-el-campus-san-felipe","status":"publish","type":"post","link":"https:\/\/upla.cl\/noticias\/2025\/04\/29\/recreacion-sana-competencia-y-vinculo-con-el-territorio-marcaron-semana-de-bienvenida-en-el-campus-san-felipe\/","title":{"rendered":"Recreaci\u00f3n, sana competencia y v\u00ednculo con el territorio marcaron \u201cSemana de Bienvenida\u201d en el campus San Felipe"},"content":{"rendered":"<p><a href=\"https:\/\/www.upla.cl\/noticias\/wp-content\/uploads\/2025\/04\/Semana_bienvenida_2025_CSF-4.jpg\"><img loading=\"lazy\" decoding=\"async\" class=\"aligncenter size-large wp-image-184716\" src=\"https:\/\/www.upla.cl\/noticias\/wp-content\/uploads\/2025\/04\/Semana_bienvenida_2025_CSF-4-1024x658.jpg\" alt=\"\" width=\"618\" height=\"397\" srcset=\"https:\/\/upla.cl\/noticias\/wp-content\/uploads\/2025\/04\/Semana_bienvenida_2025_CSF-4-1024x658.jpg 1024w, https:\/\/upla.cl\/noticias\/wp-content\/uploads\/2025\/04\/Semana_bienvenida_2025_CSF-4-300x193.jpg 300w, https:\/\/upla.cl\/noticias\/wp-content\/uploads\/2025\/04\/Semana_bienvenida_2025_CSF-4-150x96.jpg 150w, https:\/\/upla.cl\/noticias\/wp-content\/uploads\/2025\/04\/Semana_bienvenida_2025_CSF-4-768x494.jpg 768w, https:\/\/upla.cl\/noticias\/wp-content\/uploads\/2025\/04\/Semana_bienvenida_2025_CSF-4.jpg 1148w\" sizes=\"auto, (max-width: 618px) 100vw, 618px\" \/><\/a>Una intensa <strong>\u201cSemana de Bienvenida\u201d<\/strong> disfrut\u00f3 la comunidad del <strong><a href=\"https:\/\/www.upla.cl\/sanfelipe\/\">campus San Felipe de la UPLA<\/a>,<\/strong> la que promovi\u00f3 entre <strong>estudiantes de las carreras profesionales y <a href=\"https:\/\/www.upla.cl\/institutotecnologico\/\">t\u00e9cnicas (ITEC),<\/a><\/strong> e igualmente entre los<strong> funcionarios<\/strong> del plantel, actividades bajo un esp\u00edritu de \u201cconvivencia positiva\u201d.<\/p>\n<p>El evento fue coordinado por una <strong>Comisi\u00f3n Organizadora<\/strong> formada por estudiantes representantes de la <strong><a href=\"https:\/\/www.upla.cl\/desarrolloestudiantil\/deportes-y-recreacion\/\">Direcci\u00f3n de Deportes y Recreaci\u00f3n (DIDER)<\/a>, y de la <a href=\"https:\/\/www.upla.cl\/desarrolloestudiantil\/\">Direcci\u00f3n General de Desarrollo Estudiantil (DGDE),<\/a><\/strong> contando adem\u00e1s con la colaboraci\u00f3n de la <strong>Direcci\u00f3n de Protecci\u00f3n del Medio Ambiente (DIPMA)<\/strong> de la <strong>Municipalidad de San Felipe.<\/strong><\/p>\n<p><a href=\"https:\/\/www.upla.cl\/noticias\/wp-content\/uploads\/2025\/04\/Semana_bienvenida_2025_CSF-6-scaled.jpg\"><img loading=\"lazy\" decoding=\"async\" class=\"alignright size-medium wp-image-184714\" src=\"https:\/\/www.upla.cl\/noticias\/wp-content\/uploads\/2025\/04\/Semana_bienvenida_2025_CSF-6-300x234.jpg\" alt=\"\" width=\"300\" height=\"234\" srcset=\"https:\/\/upla.cl\/noticias\/wp-content\/uploads\/2025\/04\/Semana_bienvenida_2025_CSF-6-300x234.jpg 300w, https:\/\/upla.cl\/noticias\/wp-content\/uploads\/2025\/04\/Semana_bienvenida_2025_CSF-6-1024x800.jpg 1024w, https:\/\/upla.cl\/noticias\/wp-content\/uploads\/2025\/04\/Semana_bienvenida_2025_CSF-6-150x117.jpg 150w, https:\/\/upla.cl\/noticias\/wp-content\/uploads\/2025\/04\/Semana_bienvenida_2025_CSF-6-768x600.jpg 768w, https:\/\/upla.cl\/noticias\/wp-content\/uploads\/2025\/04\/Semana_bienvenida_2025_CSF-6-1536x1200.jpg 1536w, https:\/\/upla.cl\/noticias\/wp-content\/uploads\/2025\/04\/Semana_bienvenida_2025_CSF-6-2048x1600.jpg 2048w\" sizes=\"auto, (max-width: 300px) 100vw, 300px\" \/><\/a>De hecho, la \u201cSemana de Bienvenida\u201d inici\u00f3 precisamente con una charla sobre <strong>\u00abEducaci\u00f3n ambiental, huertos comunitarios e islas de calor\u00bb<\/strong> a cargo del mencionado DIPMA del municipio sanfelipe\u00f1o, instancia que consider\u00f3 adem\u00e1s la entrega simb\u00f3lica de \u00e1rboles entre la comunidad de la sede de la UPLA. En ese mismo marco de colaboraci\u00f3n, el pasado viernes tuvo lugar una jornada de desmalezado y limpieza en el sector Costanera Poniente de la ciudad, realizada entre estudiantes de la UPLA y la Direcci\u00f3n de Protecci\u00f3n del Medio Ambiente.<\/p>\n<p><strong>Jorge Guzm\u00e1n Jim\u00e9nez, director de Deportes y Recreaci\u00f3n de la UPLA,<\/strong> calific\u00f3 como \u201ctodo un \u00e9xito\u201d la semana, destacando que \u201cen las actividades que se desarrollaron pudieron compartir los tres estamentos de nuestra instituci\u00f3n -profesores\/as, funcionarios\/as y estudiantes-, y tuvimos adem\u00e1s actividades con el territorio, educativas, formativas, de concientizaci\u00f3n con el medio ambiente, recreativas y de sana convivencia, lo que sin duda colabora y ayuda a mejorar la calidad de vida de nuestra comunidad\u201d.<\/p>\n<p><a href=\"https:\/\/www.upla.cl\/noticias\/wp-content\/uploads\/2025\/04\/Semana_bienvenida_2025_CSF-2.jpg\"><img loading=\"lazy\" decoding=\"async\" class=\"alignright size-medium wp-image-184718\" src=\"https:\/\/www.upla.cl\/noticias\/wp-content\/uploads\/2025\/04\/Semana_bienvenida_2025_CSF-2-295x300.jpg\" alt=\"\" width=\"295\" height=\"300\" srcset=\"https:\/\/upla.cl\/noticias\/wp-content\/uploads\/2025\/04\/Semana_bienvenida_2025_CSF-2-295x300.jpg 295w, https:\/\/upla.cl\/noticias\/wp-content\/uploads\/2025\/04\/Semana_bienvenida_2025_CSF-2-148x150.jpg 148w, https:\/\/upla.cl\/noticias\/wp-content\/uploads\/2025\/04\/Semana_bienvenida_2025_CSF-2-768x781.jpg 768w, https:\/\/upla.cl\/noticias\/wp-content\/uploads\/2025\/04\/Semana_bienvenida_2025_CSF-2.jpg 901w\" sizes=\"auto, (max-width: 295px) 100vw, 295px\" \/><\/a>En ese sentido, el director de la DIDER a\u00f1adi\u00f3 que \u201ces muy importante mantener este tipo de actividades que nos permiten, por ejemplo, fortalecer las emociones, trabajar en la cohesi\u00f3n con otros, afianzar relaciones, tener redes de apoyo, que son tan importantes, sobre todo para los nuevos y nuevas estudiantes. Por otra parte, nuestra instituci\u00f3n concibe el deporte y la recreaci\u00f3n como parte fundamental de la formaci\u00f3n integral de nuestros estudiantes, por lo tanto este tipo de actividades van en coherencia con nuestro proyecto educativo y con nuestra filosof\u00eda como Universidad p\u00fablica, con un importante desarrollo personal y social\u201d.<\/p>\n<p>Dentro de las variadas actividades programadas para la semana, tambi\u00e9n se cuentan la presentaci\u00f3n de candidatos por carrera, quienes realizaron n\u00fameros art\u00edsticos y desfiles de trajes en base a reciclaje; entretenidas y tradicionales competencias de lota, bachillerato, juegos de mesa, limbo, sillita musical y tirar la cuerda; torneos de baile, tombo, quemados, captura de bandera, Taca-Taca, tenis de mesa y bochas; y un fog\u00f3n durante la tarde del d\u00eda viernes para cerrar as\u00ed el programa preparado para la comunidad de la sede del Valle de Aconcagua.<\/p>\n<p><strong><a href=\"https:\/\/www.upla.cl\/noticias\/wp-content\/uploads\/2025\/04\/Semana_bienvenida_2025_CSF-8.jpg\"><img loading=\"lazy\" decoding=\"async\" class=\"alignleft size-medium wp-image-184722\" src=\"https:\/\/www.upla.cl\/noticias\/wp-content\/uploads\/2025\/04\/Semana_bienvenida_2025_CSF-8-300x229.jpg\" alt=\"\" width=\"300\" height=\"229\" srcset=\"https:\/\/upla.cl\/noticias\/wp-content\/uploads\/2025\/04\/Semana_bienvenida_2025_CSF-8-300x229.jpg 300w, https:\/\/upla.cl\/noticias\/wp-content\/uploads\/2025\/04\/Semana_bienvenida_2025_CSF-8-1024x782.jpg 1024w, https:\/\/upla.cl\/noticias\/wp-content\/uploads\/2025\/04\/Semana_bienvenida_2025_CSF-8-150x115.jpg 150w, https:\/\/upla.cl\/noticias\/wp-content\/uploads\/2025\/04\/Semana_bienvenida_2025_CSF-8-768x586.jpg 768w, https:\/\/upla.cl\/noticias\/wp-content\/uploads\/2025\/04\/Semana_bienvenida_2025_CSF-8.jpg 1383w\" sizes=\"auto, (max-width: 300px) 100vw, 300px\" \/><\/a>Carlos Fuentes Iturrieta, de primer a\u00f1o de la carrera de Ingenier\u00eda en Inform\u00e1tica<\/strong> del campus San Felipe, sostuvo que \u201cla semana estuvo entretenida, bastantes actividades, y me parece importante que se realicen estos eventos, porque as\u00ed los de primero pueden conocer a los que est\u00e1n en a\u00f1os superiores, conocer a gente de otras carreras, para mejorar el ambiente entre compa\u00f1eros, porque al principio uno siempre est\u00e1 como arisco frente a conocer gente nueva, porque uno no est\u00e1 acostumbrado, entonces este tipo de actividades te puede permitir afianzar lazos, hacer m\u00e1s amigos e introducirte m\u00e1s en la carrera y generar apoyos entre compa\u00f1eros\u201d.<\/p>\n<p style=\"text-align: right;\">(Daniel Labb\u00e9 Y., periodista Direcci\u00f3n General de Vinculaci\u00f3n con el Medio \/ Campus San Felipe)<\/p>\n<div id='gallery-1' class='gallery galleryid-184711 gallery-columns-3 gallery-size-medium'><figure class='gallery-item'>\n\t\t\t<div class='gallery-icon landscape'>\n\t\t\t\t<a href='https:\/\/upla.cl\/noticias\/wp-content\/uploads\/2025\/04\/Semana_bienvenida_2025_CSF-9.jpg'><img loading=\"lazy\" decoding=\"async\" width=\"300\" height=\"291\" src=\"https:\/\/upla.cl\/noticias\/wp-content\/uploads\/2025\/04\/Semana_bienvenida_2025_CSF-9-300x291.jpg\" class=\"attachment-medium size-medium\" alt=\"\" srcset=\"https:\/\/upla.cl\/noticias\/wp-content\/uploads\/2025\/04\/Semana_bienvenida_2025_CSF-9-300x291.jpg 300w, https:\/\/upla.cl\/noticias\/wp-content\/uploads\/2025\/04\/Semana_bienvenida_2025_CSF-9-1024x993.jpg 1024w, https:\/\/upla.cl\/noticias\/wp-content\/uploads\/2025\/04\/Semana_bienvenida_2025_CSF-9-150x145.jpg 150w, https:\/\/upla.cl\/noticias\/wp-content\/uploads\/2025\/04\/Semana_bienvenida_2025_CSF-9-768x745.jpg 768w, https:\/\/upla.cl\/noticias\/wp-content\/uploads\/2025\/04\/Semana_bienvenida_2025_CSF-9-1536x1489.jpg 1536w, https:\/\/upla.cl\/noticias\/wp-content\/uploads\/2025\/04\/Semana_bienvenida_2025_CSF-9.jpg 1848w\" sizes=\"auto, (max-width: 300px) 100vw, 300px\" \/><\/a>\n\t\t\t<\/div><\/figure><figure class='gallery-item'>\n\t\t\t<div class='gallery-icon landscape'>\n\t\t\t\t<a href='https:\/\/upla.cl\/noticias\/wp-content\/uploads\/2025\/04\/Semana_bienvenida_2025_CSF-10.jpg'><img loading=\"lazy\" decoding=\"async\" width=\"300\" height=\"243\" src=\"https:\/\/upla.cl\/noticias\/wp-content\/uploads\/2025\/04\/Semana_bienvenida_2025_CSF-10-300x243.jpg\" class=\"attachment-medium size-medium\" alt=\"\" srcset=\"https:\/\/upla.cl\/noticias\/wp-content\/uploads\/2025\/04\/Semana_bienvenida_2025_CSF-10-300x243.jpg 300w, https:\/\/upla.cl\/noticias\/wp-content\/uploads\/2025\/04\/Semana_bienvenida_2025_CSF-10-1024x829.jpg 1024w, https:\/\/upla.cl\/noticias\/wp-content\/uploads\/2025\/04\/Semana_bienvenida_2025_CSF-10-150x121.jpg 150w, https:\/\/upla.cl\/noticias\/wp-content\/uploads\/2025\/04\/Semana_bienvenida_2025_CSF-10-768x622.jpg 768w, https:\/\/upla.cl\/noticias\/wp-content\/uploads\/2025\/04\/Semana_bienvenida_2025_CSF-10-1536x1244.jpg 1536w, https:\/\/upla.cl\/noticias\/wp-content\/uploads\/2025\/04\/Semana_bienvenida_2025_CSF-10.jpg 1576w\" sizes=\"auto, (max-width: 300px) 100vw, 300px\" \/><\/a>\n\t\t\t<\/div><\/figure><figure class='gallery-item'>\n\t\t\t<div class='gallery-icon landscape'>\n\t\t\t\t<a href='https:\/\/upla.cl\/noticias\/wp-content\/uploads\/2025\/04\/Semana_bienvenida_2025_CSF-1.jpg'><img loading=\"lazy\" decoding=\"async\" width=\"300\" height=\"212\" src=\"https:\/\/upla.cl\/noticias\/wp-content\/uploads\/2025\/04\/Semana_bienvenida_2025_CSF-1-300x212.jpg\" class=\"attachment-medium size-medium\" alt=\"\" srcset=\"https:\/\/upla.cl\/noticias\/wp-content\/uploads\/2025\/04\/Semana_bienvenida_2025_CSF-1-300x212.jpg 300w, https:\/\/upla.cl\/noticias\/wp-content\/uploads\/2025\/04\/Semana_bienvenida_2025_CSF-1-1024x723.jpg 1024w, https:\/\/upla.cl\/noticias\/wp-content\/uploads\/2025\/04\/Semana_bienvenida_2025_CSF-1-150x106.jpg 150w, https:\/\/upla.cl\/noticias\/wp-content\/uploads\/2025\/04\/Semana_bienvenida_2025_CSF-1-768x542.jpg 768w, https:\/\/upla.cl\/noticias\/wp-content\/uploads\/2025\/04\/Semana_bienvenida_2025_CSF-1-1536x1084.jpg 1536w, https:\/\/upla.cl\/noticias\/wp-content\/uploads\/2025\/04\/Semana_bienvenida_2025_CSF-1-2048x1446.jpg 2048w\" sizes=\"auto, (max-width: 300px) 100vw, 300px\" \/><\/a>\n\t\t\t<\/div><\/figure><figure class='gallery-item'>\n\t\t\t<div class='gallery-icon landscape'>\n\t\t\t\t<a href='https:\/\/upla.cl\/noticias\/wp-content\/uploads\/2025\/04\/Semana_bienvenida_2025_CSF-3.jpg'><img loading=\"lazy\" decoding=\"async\" width=\"300\" height=\"198\" src=\"https:\/\/upla.cl\/noticias\/wp-content\/uploads\/2025\/04\/Semana_bienvenida_2025_CSF-3-300x198.jpg\" class=\"attachment-medium size-medium\" alt=\"\" srcset=\"https:\/\/upla.cl\/noticias\/wp-content\/uploads\/2025\/04\/Semana_bienvenida_2025_CSF-3-300x198.jpg 300w, https:\/\/upla.cl\/noticias\/wp-content\/uploads\/2025\/04\/Semana_bienvenida_2025_CSF-3-1024x674.jpg 1024w, https:\/\/upla.cl\/noticias\/wp-content\/uploads\/2025\/04\/Semana_bienvenida_2025_CSF-3-150x99.jpg 150w, https:\/\/upla.cl\/noticias\/wp-content\/uploads\/2025\/04\/Semana_bienvenida_2025_CSF-3-768x506.jpg 768w, https:\/\/upla.cl\/noticias\/wp-content\/uploads\/2025\/04\/Semana_bienvenida_2025_CSF-3-310x205.jpg 310w, https:\/\/upla.cl\/noticias\/wp-content\/uploads\/2025\/04\/Semana_bienvenida_2025_CSF-3.jpg 1368w\" sizes=\"auto, (max-width: 300px) 100vw, 300px\" \/><\/a>\n\t\t\t<\/div><\/figure><figure class='gallery-item'>\n\t\t\t<div class='gallery-icon landscape'>\n\t\t\t\t<a href='https:\/\/upla.cl\/noticias\/wp-content\/uploads\/2025\/04\/Semana_bienvenida_2025_CSF-5-scaled.jpg'><img loading=\"lazy\" decoding=\"async\" width=\"300\" height=\"225\" src=\"https:\/\/upla.cl\/noticias\/wp-content\/uploads\/2025\/04\/Semana_bienvenida_2025_CSF-5-300x225.jpg\" class=\"attachment-medium size-medium\" alt=\"\" srcset=\"https:\/\/upla.cl\/noticias\/wp-content\/uploads\/2025\/04\/Semana_bienvenida_2025_CSF-5-300x225.jpg 300w, https:\/\/upla.cl\/noticias\/wp-content\/uploads\/2025\/04\/Semana_bienvenida_2025_CSF-5-1024x769.jpg 1024w, https:\/\/upla.cl\/noticias\/wp-content\/uploads\/2025\/04\/Semana_bienvenida_2025_CSF-5-150x113.jpg 150w, https:\/\/upla.cl\/noticias\/wp-content\/uploads\/2025\/04\/Semana_bienvenida_2025_CSF-5-768x576.jpg 768w, https:\/\/upla.cl\/noticias\/wp-content\/uploads\/2025\/04\/Semana_bienvenida_2025_CSF-5-1536x1153.jpg 1536w, https:\/\/upla.cl\/noticias\/wp-content\/uploads\/2025\/04\/Semana_bienvenida_2025_CSF-5-2048x1537.jpg 2048w\" sizes=\"auto, (max-width: 300px) 100vw, 300px\" \/><\/a>\n\t\t\t<\/div><\/figure><figure class='gallery-item'>\n\t\t\t<div class='gallery-icon landscape'>\n\t\t\t\t<a href='https:\/\/upla.cl\/noticias\/wp-content\/uploads\/2025\/04\/Semana_bienvenida_2025_CSF-7.jpg'><img loading=\"lazy\" decoding=\"async\" width=\"300\" height=\"144\" src=\"https:\/\/upla.cl\/noticias\/wp-content\/uploads\/2025\/04\/Semana_bienvenida_2025_CSF-7-300x144.jpg\" class=\"attachment-medium size-medium\" alt=\"\" srcset=\"https:\/\/upla.cl\/noticias\/wp-content\/uploads\/2025\/04\/Semana_bienvenida_2025_CSF-7-300x144.jpg 300w, https:\/\/upla.cl\/noticias\/wp-content\/uploads\/2025\/04\/Semana_bienvenida_2025_CSF-7-1024x492.jpg 1024w, https:\/\/upla.cl\/noticias\/wp-content\/uploads\/2025\/04\/Semana_bienvenida_2025_CSF-7-150x72.jpg 150w, https:\/\/upla.cl\/noticias\/wp-content\/uploads\/2025\/04\/Semana_bienvenida_2025_CSF-7-768x369.jpg 768w, https:\/\/upla.cl\/noticias\/wp-content\/uploads\/2025\/04\/Semana_bienvenida_2025_CSF-7.jpg 1198w\" sizes=\"auto, (max-width: 300px) 100vw, 300px\" \/><\/a>\n\t\t\t<\/div><\/figure>\n\t\t<\/div>\n\n","protected":false},"excerpt":{"rendered":"<p>Organizada por la DIDER y la DGDE, las actividades contaron con la colaboraci\u00f3n del municipio de la comuna y convocaron a los tres estamentos de la comunidad universitaria.<\/p>\n","protected":false},"author":11,"featured_media":184716,"comment_status":"closed","ping_status":"closed","sticky":false,"template":"","format":"standard","meta":{"footnotes":""},"categories":[96,60,42,201,40,97,99,83,91],"tags":[],"class_list":["post-184711","post","type-post","status-publish","format-standard","has-post-thumbnail","","category-academicos","category-campus-san-felipe","category-deportes","category-desarrollo-estudiantil","category-destacados","category-estudiantes","category-funcionarios","category-instituto-tecnologico","category-vinculacion-con-el-medio"],"_links":{"self":[{"href":"https:\/\/upla.cl\/noticias\/wp-json\/wp\/v2\/posts\/184711","targetHints":{"allow":["GET"]}}],"collection":[{"href":"https:\/\/upla.cl\/noticias\/wp-json\/wp\/v2\/posts"}],"about":[{"href":"https:\/\/upla.cl\/noticias\/wp-json\/wp\/v2\/types\/post"}],"author":[{"embeddable":true,"href":"https:\/\/upla.cl\/noticias\/wp-json\/wp\/v2\/users\/11"}],"replies":[{"embeddable":true,"href":"https:\/\/upla.cl\/noticias\/wp-json\/wp\/v2\/comments?post=184711"}],"version-history":[{"count":0,"href":"https:\/\/upla.cl\/noticias\/wp-json\/wp\/v2\/posts\/184711\/revisions"}],"wp:featuredmedia":[{"embeddable":true,"href":"https:\/\/upla.cl\/noticias\/wp-json\/wp\/v2\/media\/184716"}],"wp:attachment":[{"href":"https:\/\/upla.cl\/noticias\/wp-json\/wp\/v2\/media?parent=184711"}],"wp:term":[{"taxonomy":"category","embeddable":true,"href":"https:\/\/upla.cl\/noticias\/wp-json\/wp\/v2\/categories?post=184711"},{"taxonomy":"post_tag","embeddable":true,"href":"https:\/\/upla.cl\/noticias\/wp-json\/wp\/v2\/tags?post=184711"}],"curies":[{"name":"wp","href":"https:\/\/api.w.org\/{rel}","templated":true}]}}