{"id":184876,"date":"2025-05-05T13:04:03","date_gmt":"2025-05-05T17:04:03","guid":{"rendered":"https:\/\/www.upla.cl\/noticias\/?p=184876"},"modified":"2025-05-06T13:20:41","modified_gmt":"2025-05-06T17:20:41","slug":"la-expresion-de-la-forma-perfeccionamiento-a-docentes-y-estudiantes-de-artes-visuales-de-la-region-de-valparaiso","status":"publish","type":"post","link":"https:\/\/upla.cl\/noticias\/2025\/05\/05\/la-expresion-de-la-forma-perfeccionamiento-a-docentes-y-estudiantes-de-artes-visuales-de-la-region-de-valparaiso\/","title":{"rendered":"\u201cLa expresi\u00f3n de la forma\u201d: Perfeccionamiento a docentes y estudiantes de artes visuales de la Regi\u00f3n de Valpara\u00edso"},"content":{"rendered":"<p><a href=\"https:\/\/www.upla.cl\/noticias\/wp-content\/uploads\/2025\/05\/Expresion2.jpg\"><img loading=\"lazy\" decoding=\"async\" class=\"alignright wp-image-184879\" src=\"https:\/\/www.upla.cl\/noticias\/wp-content\/uploads\/2025\/05\/Expresion2-1024x670.jpg\" alt=\"\" width=\"353\" height=\"231\" srcset=\"https:\/\/upla.cl\/noticias\/wp-content\/uploads\/2025\/05\/Expresion2-1024x670.jpg 1024w, https:\/\/upla.cl\/noticias\/wp-content\/uploads\/2025\/05\/Expresion2-300x196.jpg 300w, https:\/\/upla.cl\/noticias\/wp-content\/uploads\/2025\/05\/Expresion2-150x98.jpg 150w, https:\/\/upla.cl\/noticias\/wp-content\/uploads\/2025\/05\/Expresion2-768x502.jpg 768w, https:\/\/upla.cl\/noticias\/wp-content\/uploads\/2025\/05\/Expresion2-1536x1005.jpg 1536w, https:\/\/upla.cl\/noticias\/wp-content\/uploads\/2025\/05\/Expresion2.jpg 1920w\" sizes=\"auto, (max-width: 353px) 100vw, 353px\" \/><\/a>Profesoras, profesores y estudiantes de <strong>18 establecimientos educacionales de la Regi\u00f3n de Valpara\u00edso participaron de la actividad de perfeccionamiento titulada \u201cLa expresi\u00f3n de la forma\u201d<\/strong>, encuentro coordinado por el <strong>Departamento de Educaci\u00f3n Art\u00edstica de la Facultad de Arte UPLA, Liceo Jos\u00e9 Cort\u00e9s Brown de Vi\u00f1a del Mar y la Fundaci\u00f3n Oficio Diocesano de Educaci\u00f3n Cat\u00f3lica (FODEC).<\/strong><\/p>\n<p><strong>La actividad<\/strong>, desarrollada en dependencias del Liceo Cort\u00e9s Brown de Cerro Castillo, <strong>estuvo a cargo del acad\u00e9mico de la Facultad de Arte UPLA, V\u00edctor Maturana Leighton y la estudiante de Licenciatura en Arte, Dangela Paloma Asmut Sandoval.<\/strong> Los objetivos de este perfeccionamiento fueron: aportar y evidenciar c\u00f3mo el Grabado y el Arteterapia pueden converger en un proceso creativo de exploraci\u00f3n gr\u00e1fica; desarrollar la buena convivencia desde el trabajo colaborativo entre profesores, estudiantes y comunidad escolar; adem\u00e1s de dar cumplimiento al programa de acompa\u00f1amiento para egresados\/as UPLA, quienes fueron, en su mayor\u00eda, las y los asistentes al encuentro.<\/p>\n<p><a href=\"https:\/\/www.upla.cl\/noticias\/wp-content\/uploads\/2025\/05\/Expresion3.jpg\"><img loading=\"lazy\" decoding=\"async\" class=\"alignright size-medium wp-image-184880\" src=\"https:\/\/www.upla.cl\/noticias\/wp-content\/uploads\/2025\/05\/Expresion3-300x300.jpg\" alt=\"\" width=\"300\" height=\"300\" srcset=\"https:\/\/upla.cl\/noticias\/wp-content\/uploads\/2025\/05\/Expresion3-300x300.jpg 300w, https:\/\/upla.cl\/noticias\/wp-content\/uploads\/2025\/05\/Expresion3-1024x1024.jpg 1024w, https:\/\/upla.cl\/noticias\/wp-content\/uploads\/2025\/05\/Expresion3-150x150.jpg 150w, https:\/\/upla.cl\/noticias\/wp-content\/uploads\/2025\/05\/Expresion3-768x768.jpg 768w, https:\/\/upla.cl\/noticias\/wp-content\/uploads\/2025\/05\/Expresion3-1536x1536.jpg 1536w, https:\/\/upla.cl\/noticias\/wp-content\/uploads\/2025\/05\/Expresion3.jpg 1920w\" sizes=\"auto, (max-width: 300px) 100vw, 300px\" \/><\/a><strong>Durante la jornada de trabajo se desarrollaron las t\u00e9cnicas de impresi\u00f3n del marmoleado y la xilograf\u00eda, logrando con ello un ambiente colectivo de trabajo art\u00edstico, donde se buscaba alcanzar una armon\u00eda de las formas a partir de lo que ofrec\u00eda la expresi\u00f3n natural y totalmente emocional del marmoleado.<\/strong><\/p>\n<p>Posteriormente, se dise\u00f1\u00f3 la forma de la matriz desde el intelecto y cuyo proceso consigui\u00f3 aportar desde el pensar a la obra inicial. <strong>Esta experiencia fue m\u00e1s all\u00e1 de los objetivos trazados, sino que denot\u00f3 la emoci\u00f3n de las y los participantes en lo vivencial de sus resultados.<\/strong> Es decir, el aporte de la experiencia qued\u00f3 como un conocimiento significativo en el sentido que observaron, sintieron y vivieron el proceso propiamente tal.<\/p>\n<p>Cabe destacar que <strong>este proyecto fue realizado anteriormente en la Facultad de Arte de la Universidad Nacional de Cuyo, Mendoza, Argentina;<\/strong> y en esta oportunidad fue impulsado en el marco de los 65 a\u00f1os del Liceo Jos\u00e9 Cort\u00e9s Brown de Cerro Castillo y el XXXV Encuentro Interescolar de Artes Visuales \u201cImagen Primigenia\u201d.<\/p>\n<p><strong><a href=\"https:\/\/www.upla.cl\/noticias\/wp-content\/uploads\/2025\/05\/Obrafinal1.jpg\"><img loading=\"lazy\" decoding=\"async\" class=\"alignright wp-image-184881\" src=\"https:\/\/www.upla.cl\/noticias\/wp-content\/uploads\/2025\/05\/Obrafinal1-232x300.jpg\" alt=\"\" width=\"332\" height=\"430\" srcset=\"https:\/\/upla.cl\/noticias\/wp-content\/uploads\/2025\/05\/Obrafinal1-232x300.jpg 232w, https:\/\/upla.cl\/noticias\/wp-content\/uploads\/2025\/05\/Obrafinal1-791x1024.jpg 791w, https:\/\/upla.cl\/noticias\/wp-content\/uploads\/2025\/05\/Obrafinal1-116x150.jpg 116w, https:\/\/upla.cl\/noticias\/wp-content\/uploads\/2025\/05\/Obrafinal1-768x994.jpg 768w, https:\/\/upla.cl\/noticias\/wp-content\/uploads\/2025\/05\/Obrafinal1-1187x1536.jpg 1187w, https:\/\/upla.cl\/noticias\/wp-content\/uploads\/2025\/05\/Obrafinal1-1582x2048.jpg 1582w, https:\/\/upla.cl\/noticias\/wp-content\/uploads\/2025\/05\/Obrafinal1.jpg 1920w\" sizes=\"auto, (max-width: 332px) 100vw, 332px\" \/><\/a>Colegios participantes<\/strong><\/p>\n<p>En el encuentro <strong>participaron 21 profesores\/as y 36 estudiantes de 18 establecimientos educacionales de la Regi\u00f3n de Valpara\u00edso<\/strong>: Liceo Juan XXIII, Belloto y Villa Alemana; Colegio Ni\u00f1o de Jes\u00fas de Praga, Quillota; Liceo San Isidro, La Cruz; Liceo San Jos\u00e9, La Calera; Colegio Juan Pablo II, Nogales; Colegio Santa Filomena, Quintero; y Colegio Teresa de Los Andes, Algarrobo.<\/p>\n<p><strong>De Valpara\u00edso:<\/strong> Liceo Santa Teresa; Colegio San Pio X; Colegio Sagrado Coraz\u00f3n de Jes\u00fas; Escuela Pur\u00edsima de lo V\u00e1squez; y Colegio Hermano Eugenio Eyraud, Isla de Pascua.<\/p>\n<p><strong>De Vi\u00f1a del Mar:<\/strong> Colegio San Agust\u00edn; Liceo Jos\u00e9 Cort\u00e9s Brown, Cerro Castillo; Liceo Jos\u00e9 Cort\u00e9s Brown, Recreo; y Liceo Santa Teresa de Los Andes.<\/p>\n","protected":false},"excerpt":{"rendered":"<p>La actividad, realizada en el Liceo Jos\u00e9 Cort\u00e9s Brown de Vi\u00f1a del Mar, estuvo a cargo del acad\u00e9mico de la Facultad de Arte V\u00edctor Maturana junto a la estudiante de Licenciatura en Arte, Dangela Paloma Asmut Sandoval.<\/p>\n","protected":false},"author":21,"featured_media":184879,"comment_status":"closed","ping_status":"closed","sticky":false,"template":"","format":"standard","meta":{"footnotes":""},"categories":[51,96,52,40,101,69,97,71],"tags":[256,228,562,561,216,234],"class_list":["post-184876","post","type-post","status-publish","format-standard","has-post-thumbnail","","category-academia","category-academicos","category-cultura","category-destacados","category-docencia","category-egresados","category-estudiantes","category-facultad-de-arte","tag-artes-visuales","tag-arteupla","tag-jose-cortes-brown","tag-la-expresion-de-la-forma","tag-upla","tag-victor-maturana"],"_links":{"self":[{"href":"https:\/\/upla.cl\/noticias\/wp-json\/wp\/v2\/posts\/184876","targetHints":{"allow":["GET"]}}],"collection":[{"href":"https:\/\/upla.cl\/noticias\/wp-json\/wp\/v2\/posts"}],"about":[{"href":"https:\/\/upla.cl\/noticias\/wp-json\/wp\/v2\/types\/post"}],"author":[{"embeddable":true,"href":"https:\/\/upla.cl\/noticias\/wp-json\/wp\/v2\/users\/21"}],"replies":[{"embeddable":true,"href":"https:\/\/upla.cl\/noticias\/wp-json\/wp\/v2\/comments?post=184876"}],"version-history":[{"count":0,"href":"https:\/\/upla.cl\/noticias\/wp-json\/wp\/v2\/posts\/184876\/revisions"}],"wp:featuredmedia":[{"embeddable":true,"href":"https:\/\/upla.cl\/noticias\/wp-json\/wp\/v2\/media\/184879"}],"wp:attachment":[{"href":"https:\/\/upla.cl\/noticias\/wp-json\/wp\/v2\/media?parent=184876"}],"wp:term":[{"taxonomy":"category","embeddable":true,"href":"https:\/\/upla.cl\/noticias\/wp-json\/wp\/v2\/categories?post=184876"},{"taxonomy":"post_tag","embeddable":true,"href":"https:\/\/upla.cl\/noticias\/wp-json\/wp\/v2\/tags?post=184876"}],"curies":[{"name":"wp","href":"https:\/\/api.w.org\/{rel}","templated":true}]}}