{"id":185023,"date":"2025-05-09T10:07:31","date_gmt":"2025-05-09T14:07:31","guid":{"rendered":"https:\/\/www.upla.cl\/noticias\/?p=185023"},"modified":"2025-05-20T16:11:57","modified_gmt":"2025-05-20T20:11:57","slug":"universidad-de-playa-ancha-concreta-valiosa-alianza-con-la-corporacion-quintero-mide","status":"publish","type":"post","link":"https:\/\/upla.cl\/noticias\/2025\/05\/09\/universidad-de-playa-ancha-concreta-valiosa-alianza-con-la-corporacion-quintero-mide\/","title":{"rendered":"Universidad de Playa Ancha concreta valiosa alianza con la Corporaci\u00f3n Quintero Mide"},"content":{"rendered":"<p><a href=\"https:\/\/www.upla.cl\/noticias\/wp-content\/uploads\/2025\/05\/Firma_convenio_upla_quintero_mide.jpg\"><img loading=\"lazy\" decoding=\"async\" class=\"aligncenter size-large wp-image-185033\" src=\"https:\/\/www.upla.cl\/noticias\/wp-content\/uploads\/2025\/05\/Firma_convenio_upla_quintero_mide-1024x678.jpg\" alt=\"\" width=\"618\" height=\"409\" srcset=\"https:\/\/upla.cl\/noticias\/wp-content\/uploads\/2025\/05\/Firma_convenio_upla_quintero_mide-1024x678.jpg 1024w, https:\/\/upla.cl\/noticias\/wp-content\/uploads\/2025\/05\/Firma_convenio_upla_quintero_mide-300x199.jpg 300w, https:\/\/upla.cl\/noticias\/wp-content\/uploads\/2025\/05\/Firma_convenio_upla_quintero_mide-150x99.jpg 150w, https:\/\/upla.cl\/noticias\/wp-content\/uploads\/2025\/05\/Firma_convenio_upla_quintero_mide-768x509.jpg 768w, https:\/\/upla.cl\/noticias\/wp-content\/uploads\/2025\/05\/Firma_convenio_upla_quintero_mide-1536x1018.jpg 1536w, https:\/\/upla.cl\/noticias\/wp-content\/uploads\/2025\/05\/Firma_convenio_upla_quintero_mide-310x205.jpg 310w, https:\/\/upla.cl\/noticias\/wp-content\/uploads\/2025\/05\/Firma_convenio_upla_quintero_mide.jpg 1920w\" sizes=\"auto, (max-width: 618px) 100vw, 618px\" \/><\/a><\/p>\n<p>La Universidad de Playa Ancha, en l\u00ednea con su car\u00e1cter estatal y p\u00fablico, ha realizado diversos esfuerzos para contribuir con soluciones concretas a la problem\u00e1tica medioambiental que vive Quintero. En 2024, a trav\u00e9s del <a href=\"https:\/\/hubambientalupla.cl\/\"><strong>HUB Ambiental UPLA<\/strong><\/a>, realiz\u00f3 \u2013en conjunto con la Seremi del Medio Ambiente de Valpara\u00edso- un Curso de Fortalecimiento de Capacidades en Monitoreo Atmosf\u00e9rico, que certific\u00f3 a 38 vecinos de la comuna, lo cual se sum\u00f3 a su Red de Monitoreo Atmosf\u00e9rico, que en tiempo real ha realizado una medici\u00f3n de los \u00edndices de calidad del aire en la zona.<\/p>\n<p>Buscando optimizar estas acciones, el <strong>rector de la casa de estudios, Carlos Gonz\u00e1lez<\/strong>, firm\u00f3 un convenio de colaboraci\u00f3n con la Corporaci\u00f3n Quintero Mide, representada por su presidente, V\u00edctor Manuel Az\u00f3car. Se trata de un grupo relevante de actores y dirigentes sociales de la comuna que, desde su creaci\u00f3n en 2017, trabaja arduamente en la recuperaci\u00f3n y protecci\u00f3n del medio ambiente, basando su labor en tres l\u00edneas centrales: monitoreo ambiental, educaci\u00f3n ambiental e innovaci\u00f3n.<\/p>\n<p>Es as\u00ed como, con base en la existencia de objetivos comunes, el convenio facilitar\u00e1 que el plantel universitario y la corporaci\u00f3n impulsen, colaborativamente, la creaci\u00f3n y ejecuci\u00f3n de programas, proyectos y actividades conjuntas que promuevan el desarrollo sostenible, fortalezcan las capacidades de ambas instituciones y contribuyan al bienestar de sus comunidades, fomentando el intercambio de conocimientos y experiencias.<\/p>\n<p>Una de las primeras actividades que se enmarcan en esta alianza fue la visita que realiz\u00f3, recientemente, la directiva de Quintero Mide a las dependencias del HUB Ambiental UPLA, donde recorrieron sus laboratorios y conocieron de primera fuente sus actividades y equipamiento disponible.<\/p>\n<p><strong>Ciencia y educaci\u00f3n medioambiental<\/strong><\/p>\n<p><a href=\"https:\/\/www.upla.cl\/noticias\/wp-content\/uploads\/2025\/05\/Visita_Quintero_Mide_reunion_nodo-oceano-1.jpg\"><img loading=\"lazy\" decoding=\"async\" class=\"alignright size-medium wp-image-185031\" src=\"https:\/\/www.upla.cl\/noticias\/wp-content\/uploads\/2025\/05\/Visita_Quintero_Mide_reunion_nodo-oceano-1-300x225.jpg\" alt=\"\" width=\"300\" height=\"225\" srcset=\"https:\/\/upla.cl\/noticias\/wp-content\/uploads\/2025\/05\/Visita_Quintero_Mide_reunion_nodo-oceano-1-300x225.jpg 300w, https:\/\/upla.cl\/noticias\/wp-content\/uploads\/2025\/05\/Visita_Quintero_Mide_reunion_nodo-oceano-1-1024x768.jpg 1024w, https:\/\/upla.cl\/noticias\/wp-content\/uploads\/2025\/05\/Visita_Quintero_Mide_reunion_nodo-oceano-1-150x113.jpg 150w, https:\/\/upla.cl\/noticias\/wp-content\/uploads\/2025\/05\/Visita_Quintero_Mide_reunion_nodo-oceano-1-768x576.jpg 768w, https:\/\/upla.cl\/noticias\/wp-content\/uploads\/2025\/05\/Visita_Quintero_Mide_reunion_nodo-oceano-1.jpg 1406w\" sizes=\"auto, (max-width: 300px) 100vw, 300px\" \/><\/a>Sobre esta alianza colaborativa, la <strong>directora general del centro de investigaci\u00f3n en ciencias medioambientales, Dra. Ver\u00f3nica Molina<\/strong>, manifiesta: \u00abNos llena de orgullo seguir tendiendo puentes con la comunidad, a trav\u00e9s de este tipo de alianzas con organizaciones de la sociedad civil que, por su cercan\u00eda con las comunidades, nos entregan un diagn\u00f3stico particular sobre las necesidades que puede tener una comuna como Quintero\u201d. A\u00f1ade, adicionalmente, que \u201cel convenio que hemos firmado como universidad con Quintero Mide, nos ofrece una oportunidad muy valiosa para fortalecernos mutuamente, organizando juntos actividades de investigaci\u00f3n y divulgaci\u00f3n cient\u00edfica, que puedan contribuir a buscar soluciones para las problem\u00e1ticas m\u00e1s urgentes que aquejan a la comuna, como la contaminaci\u00f3n atmosf\u00e9rica, en la cual ya hemos adelantado camino a trav\u00e9s de la Red de Monitoreo Atmosf\u00e9rico que ha realizado nuestro HUB Ambiental\u00bb<strong>.<\/strong><\/p>\n<p><a href=\"https:\/\/www.upla.cl\/noticias\/wp-content\/uploads\/2025\/05\/visita_quintero_Mide_reunion_nodo_oceano-2.jpg\"><img loading=\"lazy\" decoding=\"async\" class=\"alignright size-medium wp-image-185032\" src=\"https:\/\/www.upla.cl\/noticias\/wp-content\/uploads\/2025\/05\/visita_quintero_Mide_reunion_nodo_oceano-2-300x225.jpg\" alt=\"\" width=\"300\" height=\"225\" srcset=\"https:\/\/upla.cl\/noticias\/wp-content\/uploads\/2025\/05\/visita_quintero_Mide_reunion_nodo_oceano-2-300x225.jpg 300w, https:\/\/upla.cl\/noticias\/wp-content\/uploads\/2025\/05\/visita_quintero_Mide_reunion_nodo_oceano-2-1024x768.jpg 1024w, https:\/\/upla.cl\/noticias\/wp-content\/uploads\/2025\/05\/visita_quintero_Mide_reunion_nodo_oceano-2-150x113.jpg 150w, https:\/\/upla.cl\/noticias\/wp-content\/uploads\/2025\/05\/visita_quintero_Mide_reunion_nodo_oceano-2-768x576.jpg 768w, https:\/\/upla.cl\/noticias\/wp-content\/uploads\/2025\/05\/visita_quintero_Mide_reunion_nodo_oceano-2-1536x1152.jpg 1536w, https:\/\/upla.cl\/noticias\/wp-content\/uploads\/2025\/05\/visita_quintero_Mide_reunion_nodo_oceano-2.jpg 1920w\" sizes=\"auto, (max-width: 300px) 100vw, 300px\" \/><\/a>Dentro de estas acciones, democratizar el saber ser\u00e1 un factor primordial. Como explica el <strong>presidente de la Corporaci\u00f3n Quintero Mide, V\u00edctor Manuel Az\u00f3car<\/strong>,\u00a0 adem\u00e1s de medir la contaminaci\u00f3n del aire, \u00abestamos abocados a educar a la comunidad, ya sea en base a talleres o seminarios, entonces es important\u00edsimo, primero que nada, recibir toda esta informaci\u00f3n de la universidad, para poder abocarla en nuestra comuna\u00bb, expres\u00f3, destacando el hecho de que el HUB Ambiental UPLA cuente con equipamiento de \u00faltima generaci\u00f3n para realizar los monitoreos necesarios, que con la obtenci\u00f3n de datos cient\u00edficos, contribuyen a robustecer el conocimiento que se tiene de la problem\u00e1tica.<\/p>\n<p>En esa misma l\u00ednea de cooperaci\u00f3n, la visita sirvi\u00f3, adem\u00e1s, para que la corporaci\u00f3n participara en una reuni\u00f3n con los acad\u00e9micos responsables del <a href=\"https:\/\/oceanolaboratorionatural.cl\/\" target=\"_blank\" rel=\"noopener\"><strong>Nodo<\/strong> <strong>Laboratorio Oc\u00e9ano<\/strong><\/a>, proyecto que busca fortalecer la investigaci\u00f3n cient\u00edfica, el desarrollo tecnol\u00f3gico y la innovaci\u00f3n en los laboratorios naturales marinos y costeros de las regiones de Atacama, Coquimbo y Valpara\u00edso. Esta iniciativa tiene como co-directora a la Dra. Molina.<\/p>\n<p>Cabe destacar que el convenio de colaboraci\u00f3n entre la UPLA y Quintero Mide se extender\u00e1 durante un a\u00f1o.<\/p>\n<p style=\"text-align: right;\"><em>Fuente: Diego Trujillo Salinas, periodista del Centro de Investigaci\u00f3n HUB Ambiental UPLA<\/em><\/p>\n","protected":false},"excerpt":{"rendered":"<p>Mediante un convenio de colaboraci\u00f3n, la casa de estudios y la organizaci\u00f3n civil unir\u00e1n esfuerzos para generar acciones conjuntas, todas orientadas a la I+D+i y a promover la educaci\u00f3n medioambiental y el desarrollo sostenible en la comuna de Quintero.<\/p>\n","protected":false},"author":10,"featured_media":185045,"comment_status":"closed","ping_status":"closed","sticky":false,"template":"","format":"standard","meta":{"footnotes":""},"categories":[40,209,91],"tags":[],"class_list":["post-185023","post","type-post","status-publish","format-standard","has-post-thumbnail","","category-destacados","category-hub-ambiental","category-vinculacion-con-el-medio"],"_links":{"self":[{"href":"https:\/\/upla.cl\/noticias\/wp-json\/wp\/v2\/posts\/185023","targetHints":{"allow":["GET"]}}],"collection":[{"href":"https:\/\/upla.cl\/noticias\/wp-json\/wp\/v2\/posts"}],"about":[{"href":"https:\/\/upla.cl\/noticias\/wp-json\/wp\/v2\/types\/post"}],"author":[{"embeddable":true,"href":"https:\/\/upla.cl\/noticias\/wp-json\/wp\/v2\/users\/10"}],"replies":[{"embeddable":true,"href":"https:\/\/upla.cl\/noticias\/wp-json\/wp\/v2\/comments?post=185023"}],"version-history":[{"count":0,"href":"https:\/\/upla.cl\/noticias\/wp-json\/wp\/v2\/posts\/185023\/revisions"}],"wp:featuredmedia":[{"embeddable":true,"href":"https:\/\/upla.cl\/noticias\/wp-json\/wp\/v2\/media\/185045"}],"wp:attachment":[{"href":"https:\/\/upla.cl\/noticias\/wp-json\/wp\/v2\/media?parent=185023"}],"wp:term":[{"taxonomy":"category","embeddable":true,"href":"https:\/\/upla.cl\/noticias\/wp-json\/wp\/v2\/categories?post=185023"},{"taxonomy":"post_tag","embeddable":true,"href":"https:\/\/upla.cl\/noticias\/wp-json\/wp\/v2\/tags?post=185023"}],"curies":[{"name":"wp","href":"https:\/\/api.w.org\/{rel}","templated":true}]}}