{"id":185048,"date":"2025-05-09T09:23:15","date_gmt":"2025-05-09T13:23:15","guid":{"rendered":"https:\/\/www.upla.cl\/noticias\/?p=185048"},"modified":"2025-05-09T12:38:36","modified_gmt":"2025-05-09T16:38:36","slug":"la-cienciometria-y-su-aporte-en-la-toma-de-decisiones","status":"publish","type":"post","link":"https:\/\/upla.cl\/noticias\/2025\/05\/09\/la-cienciometria-y-su-aporte-en-la-toma-de-decisiones\/","title":{"rendered":"La cienciometr\u00eda y su aporte en la toma de decisiones"},"content":{"rendered":"<p><a href=\"https:\/\/www.upla.cl\/noticias\/wp-content\/uploads\/2025\/05\/2025_charla_cienciometria_rodrigocostas_facultadingenieriaupla4.jpg\"><img loading=\"lazy\" decoding=\"async\" class=\"alignright  wp-image-185053\" src=\"https:\/\/www.upla.cl\/noticias\/wp-content\/uploads\/2025\/05\/2025_charla_cienciometria_rodrigocostas_facultadingenieriaupla4-1024x768.jpg\" alt=\"La cienciometr\u00eda y su aporte en la toma de decisiones. Charla del investigador Rodrigo Costas de CWTS\" width=\"349\" height=\"262\" srcset=\"https:\/\/upla.cl\/noticias\/wp-content\/uploads\/2025\/05\/2025_charla_cienciometria_rodrigocostas_facultadingenieriaupla4-1024x768.jpg 1024w, https:\/\/upla.cl\/noticias\/wp-content\/uploads\/2025\/05\/2025_charla_cienciometria_rodrigocostas_facultadingenieriaupla4-300x225.jpg 300w, https:\/\/upla.cl\/noticias\/wp-content\/uploads\/2025\/05\/2025_charla_cienciometria_rodrigocostas_facultadingenieriaupla4-150x113.jpg 150w, https:\/\/upla.cl\/noticias\/wp-content\/uploads\/2025\/05\/2025_charla_cienciometria_rodrigocostas_facultadingenieriaupla4-768x576.jpg 768w, https:\/\/upla.cl\/noticias\/wp-content\/uploads\/2025\/05\/2025_charla_cienciometria_rodrigocostas_facultadingenieriaupla4-1536x1152.jpg 1536w, https:\/\/upla.cl\/noticias\/wp-content\/uploads\/2025\/05\/2025_charla_cienciometria_rodrigocostas_facultadingenieriaupla4.jpg 1920w\" sizes=\"auto, (max-width: 349px) 100vw, 349px\" \/><\/a>Entre el 27 y el 30 de abril estuvo en la Universidad de Playa Ancha, el investigador senior del <a href=\"https:\/\/www.universiteitleiden.nl\/en\/social-behavioural-sciences\/cwts\" target=\"_blank\" rel=\"noopener\">Centre for Science and Technology Studies (CWTS)<\/a> de la Universidad de Leiden, <strong>Rodrigo Costas<\/strong>, en el marco de la colaboraci\u00f3n cient\u00edfica entre la instituci\u00f3n holandesa y el equipo del <a href=\"https:\/\/www.universiteitleiden.nl\/en\/social-behavioural-sciences\/cwts\" target=\"_blank\" rel=\"noopener\">FONDEF de Tecnolog\u00edas Avanzadas \u201cPlataformas de metadatos cient\u00edficos para la colaboraci\u00f3n en I+D+i (IT24I0145)<\/a>, que lidera el <a href=\"http:\/\/datoslab.cl\" target=\"_blank\" rel=\"noopener\">Laboratorio de Data Science<\/a> de la Facultad de Ingenier\u00eda.<\/p>\n<p>Fueron diversas las actividades que realiz\u00f3 Rodrigo Costas con los equipos investigativos de los proyectos IT24I0145 y del <a href=\"https:\/\/www.upla.cl\/noticias\/2024\/07\/19\/upla-se-adjudica-fondos-del-concurso-ines-ciencia-abierta-2024\/\">InES Ciencia Abierta<\/a>, que dirige el <strong>Dr. Miguel Guevara Albornoz<\/strong>, y con la comunidad en general, una de ellas fue la conferencia <strong>\u201cCienciometr\u00eda, m\u00e9tricas alternativas y el multiverso de la ciencia\u201d<\/strong>.<\/p>\n<p>Respecto a la tem\u00e1tica central, el expositor plante\u00f3 que la cienciometr\u00eda la relaciona con entender y estudiar la ciencia m\u00e1s que evaluarla o rankear esta disciplina, sobre todo cuando los tiempos han cambiado y se necesita repensar el papel de las m\u00e9tricas y la cienciometr\u00eda, puesto que tiene un gran potencial para comprender las din\u00e1micas cient\u00edficas y apoyar la toma de decisiones de alto nivel, refiri\u00e9ndose a la formulaci\u00f3n pol\u00edtica y la diplomacia cient\u00edfica.<\/p>\n<p><a href=\"https:\/\/www.upla.cl\/noticias\/wp-content\/uploads\/2025\/05\/2025_charla_cienciometria_rodrigocostas_facultadingenieriaupla1.jpg\"><img loading=\"lazy\" decoding=\"async\" class=\"alignright  wp-image-185050\" src=\"https:\/\/www.upla.cl\/noticias\/wp-content\/uploads\/2025\/05\/2025_charla_cienciometria_rodrigocostas_facultadingenieriaupla1-1024x768.jpg\" alt=\"La cienciometr\u00eda y su aporte en la toma de decisiones. Charla del investigador Rodrigo Costas de CWTS\" width=\"350\" height=\"263\" srcset=\"https:\/\/upla.cl\/noticias\/wp-content\/uploads\/2025\/05\/2025_charla_cienciometria_rodrigocostas_facultadingenieriaupla1-1024x768.jpg 1024w, https:\/\/upla.cl\/noticias\/wp-content\/uploads\/2025\/05\/2025_charla_cienciometria_rodrigocostas_facultadingenieriaupla1-300x225.jpg 300w, https:\/\/upla.cl\/noticias\/wp-content\/uploads\/2025\/05\/2025_charla_cienciometria_rodrigocostas_facultadingenieriaupla1-150x113.jpg 150w, https:\/\/upla.cl\/noticias\/wp-content\/uploads\/2025\/05\/2025_charla_cienciometria_rodrigocostas_facultadingenieriaupla1-768x576.jpg 768w, https:\/\/upla.cl\/noticias\/wp-content\/uploads\/2025\/05\/2025_charla_cienciometria_rodrigocostas_facultadingenieriaupla1-1536x1152.jpg 1536w, https:\/\/upla.cl\/noticias\/wp-content\/uploads\/2025\/05\/2025_charla_cienciometria_rodrigocostas_facultadingenieriaupla1.jpg 1920w\" sizes=\"auto, (max-width: 350px) 100vw, 350px\" \/><\/a>La postura de <strong>Rodrigo Costas<\/strong> dice relaci\u00f3n con poder mezclar las caracter\u00edsticas del an\u00e1lisis cuantitativo y cualitativo para lograr tener una cienciometr\u00eda m\u00e1s reflexiva que permita una mejor toma de decisiones, lo que proveer\u00eda de evidencias de datos, de estad\u00edsticas que permitan desarrollar un diagn\u00f3stico para la toma de decisiones.<\/p>\n<p>A ra\u00edz de estos nuevos tiempos se pueden ver c\u00f3mo van apareciendo nuevas bases de datos, siendo m\u00e1s comprensivas, globales y abiertas logrando generar una accesibilidad para toda la comunidad. Este \u00faltimo punto se relaciona con la <a href=\"https:\/\/barcelona-declaration.org\/\" target=\"_blank\" rel=\"noopener\">Declaraci\u00f3n de Barcelona sobre la Informaci\u00f3n Abierta en Investigaci\u00f3n<\/a>, una demanda social lanzada en abril de 2024, en que se propone que las organizaciones acad\u00e9micas acepten ciertos compromisos.<\/p>\n<p>Uno de ellos, es la utilizaci\u00f3n de datos abiertos, esto permitir\u00e1 que quienes hacen investigaci\u00f3n y los grupos de Facultades puedan interactuar con los datos para entender su operaci\u00f3n, gesti\u00f3n y planificaci\u00f3n de la informaci\u00f3n en la toma de decisiones.<\/p>\n<p><a href=\"https:\/\/www.upla.cl\/noticias\/wp-content\/uploads\/2025\/05\/2025_charla_cienciometria_rodrigocostas_facultadingenieriaupla3.jpg\"><img loading=\"lazy\" decoding=\"async\" class=\"alignright  wp-image-185052\" src=\"https:\/\/www.upla.cl\/noticias\/wp-content\/uploads\/2025\/05\/2025_charla_cienciometria_rodrigocostas_facultadingenieriaupla3-1024x768.jpg\" alt=\"La cienciometr\u00eda y su aporte en la toma de decisiones. Charla del investigador Rodrigo Costas de CWTS\" width=\"350\" height=\"263\" srcset=\"https:\/\/upla.cl\/noticias\/wp-content\/uploads\/2025\/05\/2025_charla_cienciometria_rodrigocostas_facultadingenieriaupla3-1024x768.jpg 1024w, https:\/\/upla.cl\/noticias\/wp-content\/uploads\/2025\/05\/2025_charla_cienciometria_rodrigocostas_facultadingenieriaupla3-300x225.jpg 300w, https:\/\/upla.cl\/noticias\/wp-content\/uploads\/2025\/05\/2025_charla_cienciometria_rodrigocostas_facultadingenieriaupla3-150x113.jpg 150w, https:\/\/upla.cl\/noticias\/wp-content\/uploads\/2025\/05\/2025_charla_cienciometria_rodrigocostas_facultadingenieriaupla3-768x576.jpg 768w, https:\/\/upla.cl\/noticias\/wp-content\/uploads\/2025\/05\/2025_charla_cienciometria_rodrigocostas_facultadingenieriaupla3-1536x1152.jpg 1536w, https:\/\/upla.cl\/noticias\/wp-content\/uploads\/2025\/05\/2025_charla_cienciometria_rodrigocostas_facultadingenieriaupla3.jpg 1920w\" sizes=\"auto, (max-width: 350px) 100vw, 350px\" \/><\/a>\u201cLo que a m\u00ed me gustar\u00eda ver en el futuro, son m\u00e1s gestores acad\u00e9micos: bibliotecarios, personas interesadas en el uso de datos psicom\u00e9tricos que se sienten con la confianza y con la seguridad de que pueden trabajar con ellos a gran escala y beneficiarse\u201d, asever\u00f3 el especialista de la Universidad de Leiden.<\/p>\n<p>La propuesta que se tiene, explic\u00f3, es desarrollar nuevos marcos anal\u00edticos en el contexto de la ciencia fr\u00eda, para fomentar la inclusi\u00f3n, la diversidad y el pluralismo, lo que permitir\u00e1 tener una perspectiva m\u00e1s reflexiva e inclusiva de c\u00f3mo funciona el sistema cient\u00edfico, en lugar de intentar reducirlo a indicadores universales.<\/p>\n<p>Toda la conferencia \u201cCienciometr\u00eda, m\u00e9tricas alternativas y el multiverso de la ciencia\u201d puede ser revisada en el <a href=\"https:\/\/www.youtube.com\/@datoslabupla\" target=\"_blank\" rel=\"noopener\">canal de YouTube del Laboratorio de Data Science<\/a> de la Facultad de Ingenier\u00eda de la UPLA.<\/p>\n<h6 style=\"text-align: right;\">Fuente: Basti\u00e1n Tapia Mu\u00f1oz, periodista de la Direcci\u00f3n General de Comunicaciones.<\/h6>\n<p><iframe loading=\"lazy\" title=\"YouTube video player\" src=\"https:\/\/www.youtube.com\/embed\/6GHw25LbtuU?si=kFXVm-YQgS2lJ6G4\" width=\"560\" height=\"315\" frameborder=\"0\" allowfullscreen=\"allowfullscreen\"><\/iframe><\/p>\n","protected":false},"excerpt":{"rendered":"<p>El investigador senior del Centre for Science and Technology Studies (CWTS) de la Universidad de Leiden, Rodrigo Costas, se refiri\u00f3 a esta tem\u00e1tica en una conferencia abierta dictada en la Facultad de Ingenier\u00eda de la Universidad de Playa Ancha. <\/p>\n","protected":false},"author":2,"featured_media":185053,"comment_status":"closed","ping_status":"closed","sticky":false,"template":"","format":"standard","meta":{"footnotes":""},"categories":[40,51,96,101,97,76,77,78,206,43,133,86,91],"tags":[],"class_list":["post-185048","post","type-post","status-publish","format-standard","has-post-thumbnail","","category-destacados","category-academia","category-academicos","category-docencia","category-estudiantes","category-facultad-de-ciencias-sociales","category-facultad-de-humanidades","category-facultad-de-ingenieria","category-innovacion","category-investigacion","category-nucleo-de-innovacion","category-relaciones-internacionales","category-vinculacion-con-el-medio"],"_links":{"self":[{"href":"https:\/\/upla.cl\/noticias\/wp-json\/wp\/v2\/posts\/185048","targetHints":{"allow":["GET"]}}],"collection":[{"href":"https:\/\/upla.cl\/noticias\/wp-json\/wp\/v2\/posts"}],"about":[{"href":"https:\/\/upla.cl\/noticias\/wp-json\/wp\/v2\/types\/post"}],"author":[{"embeddable":true,"href":"https:\/\/upla.cl\/noticias\/wp-json\/wp\/v2\/users\/2"}],"replies":[{"embeddable":true,"href":"https:\/\/upla.cl\/noticias\/wp-json\/wp\/v2\/comments?post=185048"}],"version-history":[{"count":0,"href":"https:\/\/upla.cl\/noticias\/wp-json\/wp\/v2\/posts\/185048\/revisions"}],"wp:featuredmedia":[{"embeddable":true,"href":"https:\/\/upla.cl\/noticias\/wp-json\/wp\/v2\/media\/185053"}],"wp:attachment":[{"href":"https:\/\/upla.cl\/noticias\/wp-json\/wp\/v2\/media?parent=185048"}],"wp:term":[{"taxonomy":"category","embeddable":true,"href":"https:\/\/upla.cl\/noticias\/wp-json\/wp\/v2\/categories?post=185048"},{"taxonomy":"post_tag","embeddable":true,"href":"https:\/\/upla.cl\/noticias\/wp-json\/wp\/v2\/tags?post=185048"}],"curies":[{"name":"wp","href":"https:\/\/api.w.org\/{rel}","templated":true}]}}