{"id":185087,"date":"2025-05-13T11:24:35","date_gmt":"2025-05-13T15:24:35","guid":{"rendered":"https:\/\/www.upla.cl\/noticias\/?p=185087"},"modified":"2025-05-13T11:30:00","modified_gmt":"2025-05-13T15:30:00","slug":"ultima-semana-explora-valparaiso-invita-a-integrar-el-comite-asesor-de-las-academias-explora","status":"publish","type":"post","link":"https:\/\/upla.cl\/noticias\/2025\/05\/13\/ultima-semana-explora-valparaiso-invita-a-integrar-el-comite-asesor-de-las-academias-explora\/","title":{"rendered":"\u00daltima semana: Explora Valpara\u00edso invita a integrar el Comit\u00e9  Asesor de las Academias Explora"},"content":{"rendered":"<p><a href=\"https:\/\/www.upla.cl\/noticias\/wp-content\/uploads\/2025\/05\/afiche_academias_explora-e1747148792838.png\"><img loading=\"lazy\" decoding=\"async\" class=\"aligncenter wp-image-185089 size-large\" src=\"https:\/\/www.upla.cl\/noticias\/wp-content\/uploads\/2025\/05\/afiche_academias_explora-e1747148960634-1024x393.png\" alt=\"\" width=\"1024\" height=\"393\" srcset=\"https:\/\/upla.cl\/noticias\/wp-content\/uploads\/2025\/05\/afiche_academias_explora-e1747148960634-1024x393.png 1024w, https:\/\/upla.cl\/noticias\/wp-content\/uploads\/2025\/05\/afiche_academias_explora-e1747148960634-300x115.png 300w, https:\/\/upla.cl\/noticias\/wp-content\/uploads\/2025\/05\/afiche_academias_explora-e1747148960634-150x58.png 150w, https:\/\/upla.cl\/noticias\/wp-content\/uploads\/2025\/05\/afiche_academias_explora-e1747148960634-768x294.png 768w, https:\/\/upla.cl\/noticias\/wp-content\/uploads\/2025\/05\/afiche_academias_explora-e1747148960634.png 1080w\" sizes=\"auto, (max-width: 1024px) 100vw, 1024px\" \/><\/a><br \/>\nHasta este viernes 16 de mayo, profesionales, investigadoras\/es, postdoctorados y estudiantes de postgrado de la Universidad de Playa Ancha podr\u00e1n participar de la convocatoria para integrar el Comit\u00e9 Asesor de las <strong><a href=\"https:\/\/explora.cl\/valparaiso\/te-interesan-las-ciencias-escolares-se-parte-del-comite-asesor-de-las-academias-explora-2025-en-la-region-de-valparaiso\/\" target=\"_blank\" rel=\"noopener\">Academias Explora de Investigaci\u00f3n e Innovaci\u00f3n Escolar (IIE) 2025<\/a>.<\/strong><\/p>\n<p>En el marco del proyecto asociativo regional del Ministerio de Ciencia, Tecnolog\u00eda, Conocimiento e Innovaci\u00f3n, liderado por la Pontificia Universidad Cat\u00f3lica de Valpara\u00edso, las <strong>Academias Explora de IIE <\/strong>corresponden a grupos de estudiantes de 1\u00b0 b\u00e1sico a 4\u00b0 medio que realizan proyectos desde sus intereses y contextos, guiados por un o una docente del sistema escolar, acompa\u00f1ados por el equipo de Explora Valpara\u00edso y asesorados por investigadores o investigadoras de las universidades Cat\u00f3lica de Valpara\u00edso (PUCV), <strong>de Playa Ancha (UPLA), <\/strong>Valpara\u00edso (UV), \u00a0y Federico Santa Mar\u00eda (USM).<\/p>\n<p>\u201cPara nosotros es un orgullo poder contar con este espacio en el cual se conectan investigadores e investigadoras de las universidades del CRUV con estudiantes de educaci\u00f3n b\u00e1sica y educaci\u00f3n media que est\u00e1n realizando ciencia escolar\u201d, afirma el <strong>director del proyecto Explora Valpara\u00edso, V\u00edctor Salinas Silva<\/strong>, \u201cen ese sentido, esta es una iniciativa que ya lleva bastantes a\u00f1os y que la Universidad de Playa Ancha, a trav\u00e9s de sus acad\u00e9micas y acad\u00e9micos, ha tenido una participaci\u00f3n destacada, por lo mismo hago el llamado a nuevas y nuevos investigadores a que puedan sumarse a esta noble labor\u201d.<\/p>\n<p>Cuando las preguntas y problem\u00e1ticas de investigaci\u00f3n e innovaci\u00f3n provienen de la propia inventiva de los y las estudiantes, as\u00ed como de las necesidades detectadas en sus territorios, \u201cnos dan una ventana para observar las necesidades de la regi\u00f3n en una iniciativa de vinculaci\u00f3n con el medio que no es solamente la respuesta a un proyecto dado, es el posicionamiento de una forma de razonamiento cient\u00edfico y de visibilidad a sus disciplinas de origen, a lo que involucra c\u00f3mo hacerse preguntas desde las \u00e1reas de conocimiento en que est\u00e1n ustedes\u201d, agrega Salinas.<\/p>\n<figure id=\"attachment_185088\" aria-describedby=\"caption-attachment-185088\" style=\"width: 300px\" class=\"wp-caption alignright\"><a href=\"https:\/\/www.upla.cl\/noticias\/wp-content\/uploads\/2025\/05\/escolares_en_ferias_cientificas_explora.jpg\"><img loading=\"lazy\" decoding=\"async\" class=\"wp-image-185088 size-medium\" src=\"https:\/\/www.upla.cl\/noticias\/wp-content\/uploads\/2025\/05\/escolares_en_ferias_cientificas_explora-300x199.jpg\" alt=\"\" width=\"300\" height=\"199\" srcset=\"https:\/\/upla.cl\/noticias\/wp-content\/uploads\/2025\/05\/escolares_en_ferias_cientificas_explora-300x199.jpg 300w, https:\/\/upla.cl\/noticias\/wp-content\/uploads\/2025\/05\/escolares_en_ferias_cientificas_explora-1024x678.jpg 1024w, https:\/\/upla.cl\/noticias\/wp-content\/uploads\/2025\/05\/escolares_en_ferias_cientificas_explora-150x99.jpg 150w, https:\/\/upla.cl\/noticias\/wp-content\/uploads\/2025\/05\/escolares_en_ferias_cientificas_explora-768x509.jpg 768w, https:\/\/upla.cl\/noticias\/wp-content\/uploads\/2025\/05\/escolares_en_ferias_cientificas_explora-1536x1018.jpg 1536w, https:\/\/upla.cl\/noticias\/wp-content\/uploads\/2025\/05\/escolares_en_ferias_cientificas_explora-310x205.jpg 310w, https:\/\/upla.cl\/noticias\/wp-content\/uploads\/2025\/05\/escolares_en_ferias_cientificas_explora.jpg 1920w\" sizes=\"auto, (max-width: 300px) 100vw, 300px\" \/><\/a><figcaption id=\"caption-attachment-185088\" class=\"wp-caption-text\">Cr\u00e9dito: Explora Valpara\u00edso.<\/figcaption><\/figure>\n<p>En ese sentido, este comit\u00e9 acompa\u00f1a y asesora metodol\u00f3gicamente el desarrollo de <strong>proyectos escolares de Ciencias Sociales, Artes y Humanidades, Ciencias Naturales y Exactas, Ingenier\u00eda o Tecnolog\u00eda,<\/strong> a trav\u00e9s de tres asesor\u00edas personalizadas, dos de ellas en modalidad virtual y una tercera en formato presencial.<\/p>\n<p>Aproximadamente, la participaci\u00f3n en esta modalidad involucra 7 horas anuales y sus postulaci\u00f3n debe considerar:<\/p>\n<p>1. Contar con disponibilidad para participar en los 2 talleres virtuales y la asesor\u00eda presencial, brindando asesor\u00eda al mismo equipo de estudiantes.<\/p>\n<p>2. Ser parte de la PUCV, UV, UPLA o USM de la regi\u00f3n de Valpara\u00edso, como profesionales, investigadoras e investigadores, postdoctorados, y estudiantes de postgrado de mag\u00edster y doctorado vinculados a alguna de estas instituciones.<\/p>\n<p>3. Se utilizar\u00e1 el RUN para consultar el Certificado de Inhabilidades para trabajar con personas menores de edad.<br \/>\n4. Firmar un consentimiento de cesi\u00f3n de imagen.<\/p>\n<p>5. Participar en reuni\u00f3n online de capacitaci\u00f3n.<\/p>\n<p>Las<a href=\"https:\/\/explora.cl\/valparaiso\/wp-content\/uploads\/sites\/7\/2025\/04\/CONVOCATORIA-COMITE-ASESOR-2025.pdf\" target=\"_blank\" rel=\"noopener\"><strong> bases<\/strong><\/a>, <a href=\"https:\/\/docs.google.com\/forms\/d\/e\/1FAIpQLSe9EpR6xHd6L-b5ewwdS6diitv0w2EV-089nm9hikE_lFq1Ng\/viewform?pli=1\" target=\"_blank\" rel=\"noopener\"><strong>formulario<\/strong><\/a> e informaci\u00f3n adicional de la convocatoria se encuentra disponible en la p\u00e1gina del proyecto <strong><a href=\"https:\/\/explora.cl\/valparaiso\/te-interesan-las-ciencias-escolares-se-parte-del-comite-asesor-de-las-academias-explora-2025-en-la-region-de-valparaiso\/\" target=\"_blank\" rel=\"noopener\">Explora Valpara\u00edso<\/a><\/strong>, a quienes pueden extender dudas y consultas a trav\u00e9s del correo <strong>academiasexplora@pucv.cl<\/strong>, y cuyos resultados ser\u00e1n notificados el jueves 22 de mayo v\u00eda correo electr\u00f3nico.<\/p>\n<p><em>Fuente Constanza Lobo S\u00e1nchez, periodista de la Vicerrector\u00eda de Investigaci\u00f3n, Postgrado e Innovaci\u00f3n UPLA.<\/em><\/p>\n","protected":false},"excerpt":{"rendered":"<p>Profesionales, investigadoras\/es, postdoctorados y estudiantes de postgrado de la Universidad de Playa Ancha pueden  incorporar el comit\u00e9 que brinda asesor\u00eda a proyectos de ciencia escolar realizados por estudiantes de diversas realidades<br \/>\neducativas.<\/p>\n","protected":false},"author":10,"featured_media":185088,"comment_status":"closed","ping_status":"closed","sticky":false,"template":"","format":"standard","meta":{"footnotes":""},"categories":[51,96,40,71,75,76,77,78,43,85,91],"tags":[],"class_list":["post-185087","post","type-post","status-publish","format-standard","has-post-thumbnail","","category-academia","category-academicos","category-destacados","category-facultad-de-arte","category-facultad-de-ciencias-naturales-y-exactas","category-facultad-de-ciencias-sociales","category-facultad-de-humanidades","category-facultad-de-ingenieria","category-investigacion","category-postgrados","category-vinculacion-con-el-medio"],"_links":{"self":[{"href":"https:\/\/upla.cl\/noticias\/wp-json\/wp\/v2\/posts\/185087","targetHints":{"allow":["GET"]}}],"collection":[{"href":"https:\/\/upla.cl\/noticias\/wp-json\/wp\/v2\/posts"}],"about":[{"href":"https:\/\/upla.cl\/noticias\/wp-json\/wp\/v2\/types\/post"}],"author":[{"embeddable":true,"href":"https:\/\/upla.cl\/noticias\/wp-json\/wp\/v2\/users\/10"}],"replies":[{"embeddable":true,"href":"https:\/\/upla.cl\/noticias\/wp-json\/wp\/v2\/comments?post=185087"}],"version-history":[{"count":0,"href":"https:\/\/upla.cl\/noticias\/wp-json\/wp\/v2\/posts\/185087\/revisions"}],"wp:featuredmedia":[{"embeddable":true,"href":"https:\/\/upla.cl\/noticias\/wp-json\/wp\/v2\/media\/185088"}],"wp:attachment":[{"href":"https:\/\/upla.cl\/noticias\/wp-json\/wp\/v2\/media?parent=185087"}],"wp:term":[{"taxonomy":"category","embeddable":true,"href":"https:\/\/upla.cl\/noticias\/wp-json\/wp\/v2\/categories?post=185087"},{"taxonomy":"post_tag","embeddable":true,"href":"https:\/\/upla.cl\/noticias\/wp-json\/wp\/v2\/tags?post=185087"}],"curies":[{"name":"wp","href":"https:\/\/api.w.org\/{rel}","templated":true}]}}