{"id":185601,"date":"2025-05-27T16:14:12","date_gmt":"2025-05-27T20:14:12","guid":{"rendered":"https:\/\/www.upla.cl\/noticias\/?p=185601"},"modified":"2025-05-27T16:19:23","modified_gmt":"2025-05-27T20:19:23","slug":"para-quien-investiga-la-diferencia-importa-luciene-de-oliveira-dias-imparte-clase-abierta-en-la-upla","status":"publish","type":"post","link":"https:\/\/upla.cl\/noticias\/2025\/05\/27\/para-quien-investiga-la-diferencia-importa-luciene-de-oliveira-dias-imparte-clase-abierta-en-la-upla\/","title":{"rendered":"\u00abPara quien investiga, la diferencia importa\u00bb: Luciene de Oliveira Dias imparte clase abierta en la UPLA"},"content":{"rendered":"<p><a href=\"https:\/\/www.upla.cl\/noticias\/wp-content\/uploads\/2025\/05\/luciene_oliveira-1.jpg\"><img loading=\"lazy\" decoding=\"async\" class=\"alignright wp-image-185602 size-medium\" src=\"https:\/\/www.upla.cl\/noticias\/wp-content\/uploads\/2025\/05\/luciene_oliveira-1-300x200.jpg\" alt=\"&quot;Para quien investiga, la diferencia importa&quot;: Luciene de Oliveira Dias imparte clase abierta en la UPLA\" width=\"300\" height=\"200\" srcset=\"https:\/\/upla.cl\/noticias\/wp-content\/uploads\/2025\/05\/luciene_oliveira-1-300x200.jpg 300w, https:\/\/upla.cl\/noticias\/wp-content\/uploads\/2025\/05\/luciene_oliveira-1-1024x683.jpg 1024w, https:\/\/upla.cl\/noticias\/wp-content\/uploads\/2025\/05\/luciene_oliveira-1-150x100.jpg 150w, https:\/\/upla.cl\/noticias\/wp-content\/uploads\/2025\/05\/luciene_oliveira-1-768x512.jpg 768w, https:\/\/upla.cl\/noticias\/wp-content\/uploads\/2025\/05\/luciene_oliveira-1-1536x1024.jpg 1536w, https:\/\/upla.cl\/noticias\/wp-content\/uploads\/2025\/05\/luciene_oliveira-1.jpg 1920w\" sizes=\"auto, (max-width: 300px) 100vw, 300px\" \/><\/a>Bajo la consigna <strong>\u201cAquilombamento para hacer ciencia\u201d<\/strong> la <strong>Dra. Luciene de Oliveira Dias de la Universidad Federal de Goi\u00e1s (Brasil)<\/strong> inaugur\u00f3 el primer <strong>Ciclo de Clases Abiertas 2025 del <a href=\"https:\/\/www.upla.cl\/postgrado\/doctorado\/doctorado-en-ciencias-sociales\/\">Doctorado en Ciencias Sociales<\/a> de la Universidad de Playa Ancha.<\/strong><\/p>\n<p>El viernes 23 de mayo, la doctora en Antropolog\u00eda Social convers\u00f3 acerca de su investigaci\u00f3n postdoctoral en torno a las experiencias de mujeres negras dentro de la universidad y la academia: \u201c\u00bfC\u00f3mo viven en la universidad?, \u00bfC\u00f3mo son reconocidas o no por sus pares?, \u00bfC\u00f3mo se relacionan y construyen sus ambientes?, sus espacios de sociabilidad desde este lugar para que no necesiten fugar de su identidad, para no decir lo que son. Porque s\u00ed, son cient\u00edficas, pero antes son mujeres, son lesbianas, son negras, son ind\u00edgenas, son personas viviendo en una academia que no las reconoce como tal\u00bb sostiene.<\/p>\n<p>Actualmente, la investigadora se encuentra realizando una pasant\u00eda en la Universidad de Chile -destacando su participaci\u00f3n en una c\u00e1tedra de g\u00e9nero y feminismos- para luego viajar a Colombia antes de volver a Brasil. Comenta que uno de sus objetivos es hacer un \u201ccruce\u201d entre los hallazgos realizados en los casos de cada pa\u00eds, cuestionando a su vez los estudios feministas m\u00e1s convencionales.<\/p>\n<p><strong>Paso por la Universidad de Playa Ancha<\/strong><\/p>\n<p>En el marco del curso Electivo. Feminismos latinoamericanos y metodolog\u00edas de investigaci\u00f3n dictado por las acad\u00e9micas, <strong>D\u00e9bora de Fina Gonz\u00e1lez y Yanina Guti\u00e9rrez Vald\u00e9, de Oliveira Dias<\/strong> lider\u00f3 la clase abierta con gran convocatoria, la que se centr\u00f3 en su investigaci\u00f3n doctoral sobre los quilombos brasile\u00f1os, los que ella define como \u201cagrupamientos humanos de personas negras que se organizan a partir del pertenecimiento \u00e9tnico-racial\u201d.<\/p>\n<p><a href=\"https:\/\/www.upla.cl\/noticias\/wp-content\/uploads\/2025\/05\/luciene_oliveira.jpg\"><img loading=\"lazy\" decoding=\"async\" class=\"alignright size-medium wp-image-185603\" src=\"https:\/\/www.upla.cl\/noticias\/wp-content\/uploads\/2025\/05\/luciene_oliveira-300x200.jpg\" alt=\"\" width=\"300\" height=\"200\" srcset=\"https:\/\/upla.cl\/noticias\/wp-content\/uploads\/2025\/05\/luciene_oliveira-300x200.jpg 300w, https:\/\/upla.cl\/noticias\/wp-content\/uploads\/2025\/05\/luciene_oliveira-1024x683.jpg 1024w, https:\/\/upla.cl\/noticias\/wp-content\/uploads\/2025\/05\/luciene_oliveira-150x100.jpg 150w, https:\/\/upla.cl\/noticias\/wp-content\/uploads\/2025\/05\/luciene_oliveira-768x512.jpg 768w, https:\/\/upla.cl\/noticias\/wp-content\/uploads\/2025\/05\/luciene_oliveira-1536x1024.jpg 1536w, https:\/\/upla.cl\/noticias\/wp-content\/uploads\/2025\/05\/luciene_oliveira.jpg 1920w\" sizes=\"auto, (max-width: 300px) 100vw, 300px\" \/><\/a>De esta manera, la acad\u00e9mica UFG comparti\u00f3 los resultados de su trabajo etnogr\u00e1fico con una agrupaci\u00f3n espec\u00edfica, en otras palabras, un quilombo espec\u00edfico. \u201cRaza es un concepto important\u00edsimo para la antropolog\u00eda y estos grupos luchan hist\u00f3ricamente por sus derechos, derecho a la ciudad, derecho al trabajo, derecho al amor. En Brasil son m\u00e1s de 7000 quilombos, y yo trabaj\u00e9 con un grupo que se localiza al norte de Brasil\u201d afirma.<\/p>\n<p>Para la investigadora, el valor de estas investigaciones radicar\u00eda en el estudio de aquello que es diferente y los aportes que esto puede tener en materia de pol\u00edticas p\u00fablicas: \u201cPara qui\u00e9n investiga la diferencia importa. Interesa la diversidad, la distinci\u00f3n, porque lo que es distinto es o lo que revoluciona la propia ciencia\u201d.<\/p>\n<p>La acad\u00e9mica del Departamento de Antropolog\u00eda UFG, utiliza la investigaci\u00f3n en torno a los quilombos como ejemplo de lo antes se\u00f1alado, \u201cHoy existen quilombos que precisan asesorar pol\u00edticas p\u00fablicas, pero el Estado no piensa una pol\u00edtica espec\u00edfica para este pueblo que comprende la tierra de forma distinta, que comprende la constituci\u00f3n familiar de forma distinta, que comprende el afecto de forma distinta. Si soy una tomadora de decisi\u00f3n, soy una gobernante, necesito saber lo que son los quilombos para que empiece un movimiento de construcci\u00f3n de pol\u00edticas p\u00fablicas efectivas. Lo mismo ocurre con los pueblos originarios ind\u00edgenas, y con la poblaci\u00f3n LGBTQ+ \u201c.<\/p>\n<p><strong>Clases abiertas del Doctorado en Ciencias Sociales<\/strong><\/p>\n<p>Participa de la pr\u00f3xima clase abierta del <strong>Doctorado en Ciencias Sociales UPLA,<\/strong> \u201cTeor\u00eda de la dependencia\u201d junto a <strong>Juan Crist\u00f3bal C\u00e1rdenas (Universidad de Valpara\u00edso)<\/strong>, este jueves 29 de mayo desde las 14:30 PM, en la sala de posgrados de la sede Gran Breta\u00f1a.<\/p>\n<p>Estas instancias tienen como objetivo abrir los cursos en tem\u00e1ticas espec\u00edficas a todo el p\u00fablico interesado, vinculado o no a la <strong>Universidad de Playa Ancha<\/strong>, y no requieren de inscripci\u00f3n previa para participar.<\/p>\n<p>Revisa el cat\u00e1logo de clases abiertas ofertado por el Doctorado en Ciencias sociales <a href=\"https:\/\/dcsocialesupla.cl\/2025\/05\/20\/participa-del-i-ciclo-de-clases-abiertas-2025-del-doctorado-en-ciencias-sociales\/\">aqu\u00ed.<\/a><\/p>\n","protected":false},"excerpt":{"rendered":"<p>La doctora en Antropolog\u00eda Social convers\u00f3 acerca de su investigaci\u00f3n postdoctoral en torno a las experiencias de mujeres negras dentro de la universidad y la academia.<\/p>\n","protected":false},"author":3,"featured_media":185604,"comment_status":"closed","ping_status":"closed","sticky":false,"template":"","format":"standard","meta":{"footnotes":""},"categories":[51,96,76,43,85],"tags":[],"class_list":["post-185601","post","type-post","status-publish","format-standard","has-post-thumbnail","","category-academia","category-academicos","category-facultad-de-ciencias-sociales","category-investigacion","category-postgrados"],"_links":{"self":[{"href":"https:\/\/upla.cl\/noticias\/wp-json\/wp\/v2\/posts\/185601","targetHints":{"allow":["GET"]}}],"collection":[{"href":"https:\/\/upla.cl\/noticias\/wp-json\/wp\/v2\/posts"}],"about":[{"href":"https:\/\/upla.cl\/noticias\/wp-json\/wp\/v2\/types\/post"}],"author":[{"embeddable":true,"href":"https:\/\/upla.cl\/noticias\/wp-json\/wp\/v2\/users\/3"}],"replies":[{"embeddable":true,"href":"https:\/\/upla.cl\/noticias\/wp-json\/wp\/v2\/comments?post=185601"}],"version-history":[{"count":0,"href":"https:\/\/upla.cl\/noticias\/wp-json\/wp\/v2\/posts\/185601\/revisions"}],"wp:featuredmedia":[{"embeddable":true,"href":"https:\/\/upla.cl\/noticias\/wp-json\/wp\/v2\/media\/185604"}],"wp:attachment":[{"href":"https:\/\/upla.cl\/noticias\/wp-json\/wp\/v2\/media?parent=185601"}],"wp:term":[{"taxonomy":"category","embeddable":true,"href":"https:\/\/upla.cl\/noticias\/wp-json\/wp\/v2\/categories?post=185601"},{"taxonomy":"post_tag","embeddable":true,"href":"https:\/\/upla.cl\/noticias\/wp-json\/wp\/v2\/tags?post=185601"}],"curies":[{"name":"wp","href":"https:\/\/api.w.org\/{rel}","templated":true}]}}