{"id":186414,"date":"2025-06-19T10:47:36","date_gmt":"2025-06-19T14:47:36","guid":{"rendered":"https:\/\/www.upla.cl\/noticias\/?p=186414"},"modified":"2025-06-23T00:55:58","modified_gmt":"2025-06-23T04:55:58","slug":"estudiantes-de-traduccion-e-interpretacion-de-la-upla-brindaron-apoyo-crucial-en-iniciativa-de-desafio-levantemos-chile","status":"publish","type":"post","link":"https:\/\/upla.cl\/noticias\/2025\/06\/19\/estudiantes-de-traduccion-e-interpretacion-de-la-upla-brindaron-apoyo-crucial-en-iniciativa-de-desafio-levantemos-chile\/","title":{"rendered":"Estudiantes de Traducci\u00f3n e Interpretaci\u00f3n de la UPLA brindaron apoyo crucial en iniciativa de Desaf\u00edo Levantemos Chile"},"content":{"rendered":"<p><strong><a href=\"https:\/\/www.upla.cl\/noticias\/wp-content\/uploads\/2025\/06\/traduccion_upla_desafiolevantemoschile1.jpg\"><img loading=\"lazy\" decoding=\"async\" class=\"alignright wp-image-186417\" src=\"https:\/\/www.upla.cl\/noticias\/wp-content\/uploads\/2025\/06\/traduccion_upla_desafiolevantemoschile1.jpg\" alt=\"Estudiantes de Traducci\u00f3n e Interpretaci\u00f3n de la UPLA brindaron apoyo crucial en iniciativa de Desaf\u00edo Levantemos Chile\" width=\"351\" height=\"263\" srcset=\"https:\/\/upla.cl\/noticias\/wp-content\/uploads\/2025\/06\/traduccion_upla_desafiolevantemoschile1.jpg 1920w, https:\/\/upla.cl\/noticias\/wp-content\/uploads\/2025\/06\/traduccion_upla_desafiolevantemoschile1-300x225.jpg 300w, https:\/\/upla.cl\/noticias\/wp-content\/uploads\/2025\/06\/traduccion_upla_desafiolevantemoschile1-1024x768.jpg 1024w, https:\/\/upla.cl\/noticias\/wp-content\/uploads\/2025\/06\/traduccion_upla_desafiolevantemoschile1-150x113.jpg 150w, https:\/\/upla.cl\/noticias\/wp-content\/uploads\/2025\/06\/traduccion_upla_desafiolevantemoschile1-768x576.jpg 768w, https:\/\/upla.cl\/noticias\/wp-content\/uploads\/2025\/06\/traduccion_upla_desafiolevantemoschile1-1536x1152.jpg 1536w\" sizes=\"auto, (max-width: 351px) 100vw, 351px\" \/><\/a>18 estudiantes de la carrera de<\/strong> <a href=\"https:\/\/www.upla.cl\/admision\/carreras-profesionales\/facultad-de-humanidades\/traduccion-e-interpretacion-ingles-espanol\/\"><strong>Traducci\u00f3n e Interpretaci\u00f3n Ingl\u00e9s &#8211; Espa\u00f1ol (TANDI)<\/strong><\/a> de la Universidad de Playa Ancha colaboraron activamente en el <a href=\"https:\/\/venture2impact.org\/\" target=\"_blank\" rel=\"noopener\"><strong>programa \u201cVenture 2 Impact\u201d<\/strong><\/a>, que busc\u00f3 orientar a 22 peque\u00f1os emprendedores que sufrieron el impacto del incendio que afect\u00f3 a Vi\u00f1a del Mar y Quilpu\u00e9 el verano de 2024.<\/p>\n<p>Se trata de una iniciativa, impulsada por la <strong><a href=\"https:\/\/desafiolevantemoschile.org\/\" target=\"_blank\" rel=\"noopener\">Fundaci\u00f3n Desaf\u00edo Levantemos Chile<\/a><\/strong>, que trajo a la Regi\u00f3n de Valpara\u00edso a profesionales canadienses para cocrear con las comunidades estrategias duraderas para el desarrollo de proyectos personales y colectivos, a trav\u00e9s de talleres grupales y mentor\u00edas personalizadas sobre gesti\u00f3n del emprendimiento, marketing, finanzas, entre otros temas.<\/p>\n<p>En ese contexto, el idioma pod\u00eda ser una barrera para este trabajo colaborativo, por ello desde Desaf\u00edo Levantemos Chile se contactaron con el <strong>director de carrera de TANDI, Jorge Ram\u00edrez Jim\u00e9nez<\/strong>, para solicitarle apoyo.<\/p>\n<p>Fue as\u00ed, como estudiantes de quinto a\u00f1o que cursan la <strong>asignatura de \u201cInterpretaci\u00f3n Consecutiva 2\u201d<\/strong>, que imparte el <strong>acad\u00e9mico Gabriel G\u00f3mez Carvacho<\/strong> se sumaron a las actividades de \u201cVenture 2 Impact\u201d que se llev\u00f3 a cabo durante tres semanas en el ex Hotel O`Higgins de la Ciudad Jard\u00edn.<\/p>\n<p><a href=\"https:\/\/www.upla.cl\/noticias\/wp-content\/uploads\/2025\/06\/traduccion_upla_desafiolevantemoschile2.jpg\"><img loading=\"lazy\" decoding=\"async\" class=\"alignright size-thumbnail wp-image-186418\" src=\"https:\/\/www.upla.cl\/noticias\/wp-content\/uploads\/2025\/06\/traduccion_upla_desafiolevantemoschile2-150x113.jpg\" alt=\"Estudiantes de Traducci\u00f3n e Interpretaci\u00f3n de la UPLA brindaron apoyo crucial en iniciativa de Desaf\u00edo Levantemos Chile\" width=\"150\" height=\"113\" srcset=\"https:\/\/upla.cl\/noticias\/wp-content\/uploads\/2025\/06\/traduccion_upla_desafiolevantemoschile2-150x113.jpg 150w, https:\/\/upla.cl\/noticias\/wp-content\/uploads\/2025\/06\/traduccion_upla_desafiolevantemoschile2-300x225.jpg 300w, https:\/\/upla.cl\/noticias\/wp-content\/uploads\/2025\/06\/traduccion_upla_desafiolevantemoschile2-1024x768.jpg 1024w, https:\/\/upla.cl\/noticias\/wp-content\/uploads\/2025\/06\/traduccion_upla_desafiolevantemoschile2-768x576.jpg 768w, https:\/\/upla.cl\/noticias\/wp-content\/uploads\/2025\/06\/traduccion_upla_desafiolevantemoschile2-1536x1152.jpg 1536w, https:\/\/upla.cl\/noticias\/wp-content\/uploads\/2025\/06\/traduccion_upla_desafiolevantemoschile2.jpg 1920w\" sizes=\"auto, (max-width: 150px) 100vw, 150px\" \/><\/a>Para <strong>Renata Hormaz\u00e1bal Far\u00edas, estudiante de quinto a\u00f1o<\/strong>, fue una experiencia muy entretenida que le permiti\u00f3 aprender sobre emprendimiento y negocios. \u201cHa sido s\u00faper enriquecedor, porque aparte de eso nos dimos cuenta que podemos hablar con hablantes nativos, lo que es \u201cs\u00faper bac\u00e1n\u201d. En estas semanas me he sentido preparada y creo que estas instancias sirven mucho para aprender y desenvolverse en espacios en que nos tocar\u00e1 trabajar a futuro\u201d.<\/p>\n<p>En esa l\u00ednea, el <strong>acad\u00e9mico Gabriel G\u00f3mez<\/strong> valor\u00f3 la posibilidad que tuvieron los y las estudiantes de tener una pr\u00e1ctica real, puesto que es dif\u00edcil -dijo- emular en la sala de clases o con material de apoyo (simulaciones con videos, trabajo en cabina) conversaciones con hablantes del ingl\u00e9s o con clientes reales.<\/p>\n<p><a href=\"https:\/\/www.upla.cl\/noticias\/wp-content\/uploads\/2025\/06\/traduccion_upla_desafiolevantemoschile6.jpg\"><img loading=\"lazy\" decoding=\"async\" class=\"alignright wp-image-186422 \" src=\"https:\/\/www.upla.cl\/noticias\/wp-content\/uploads\/2025\/06\/traduccion_upla_desafiolevantemoschile6-1024x604.jpg\" alt=\"Estudiantes de Traducci\u00f3n e Interpretaci\u00f3n de la UPLA brindaron apoyo crucial en iniciativa de Desaf\u00edo Levantemos Chile\" width=\"351\" height=\"207\" srcset=\"https:\/\/upla.cl\/noticias\/wp-content\/uploads\/2025\/06\/traduccion_upla_desafiolevantemoschile6-1024x604.jpg 1024w, https:\/\/upla.cl\/noticias\/wp-content\/uploads\/2025\/06\/traduccion_upla_desafiolevantemoschile6-300x177.jpg 300w, https:\/\/upla.cl\/noticias\/wp-content\/uploads\/2025\/06\/traduccion_upla_desafiolevantemoschile6-150x88.jpg 150w, https:\/\/upla.cl\/noticias\/wp-content\/uploads\/2025\/06\/traduccion_upla_desafiolevantemoschile6-768x453.jpg 768w, https:\/\/upla.cl\/noticias\/wp-content\/uploads\/2025\/06\/traduccion_upla_desafiolevantemoschile6.jpg 1221w\" sizes=\"auto, (max-width: 351px) 100vw, 351px\" \/><\/a>Respecto a c\u00f3mo han enfrentado este desaf\u00edo sus estudiantes, recalc\u00f3 que se hayan sumado a esta iniciativa voluntariamente de manera muy comprometida, responsable e interesada. \u201c(Si bien) al principio les cost\u00f3 un poco porque fue algo totalmente nuevo para ellos, pero de a poquito fueron aplicando lo que han estudiado y aprendiendo cosas desde su rol de int\u00e9rpretes. Estamos s\u00faper agradecidos de la invitaci\u00f3n del Desaf\u00edo Levantemos Chile, porque fue una experiencia muy agradable e importante para ellos y ellas\u201d.<\/p>\n<p>Al t\u00e9rmino de las jornadas de capacitaci\u00f3n, los equipos organizadores agradecieron y felicitaron el trabajo del equipo de estudiantes de la UPLA, en particular enfatizaron en la capacidad que tuvieron para conectar y transmitir no solo los contenidos t\u00e9cnicos sino que tambi\u00e9n los aspectos emocionales que tuvo el evento.<\/p>\n<div id='gallery-1' class='gallery galleryid-186414 gallery-columns-3 gallery-size-medium'><figure class='gallery-item'>\n\t\t\t<div class='gallery-icon landscape'>\n\t\t\t\t<a href=\"https:\/\/upla.cl\/noticias\/wp-content\/uploads\/2025\/06\/traduccion_upla_desafiolevantemoschile5.jpg\"><img loading=\"lazy\" decoding=\"async\" width=\"300\" height=\"225\" src=\"https:\/\/upla.cl\/noticias\/wp-content\/uploads\/2025\/06\/traduccion_upla_desafiolevantemoschile5-300x225.jpg\" class=\"attachment-medium size-medium\" alt=\"Estudiantes de Traducci\u00f3n e Interpretaci\u00f3n de la UPLA brindaron apoyo crucial en iniciativa de Desaf\u00edo Levantemos Chile\" srcset=\"https:\/\/upla.cl\/noticias\/wp-content\/uploads\/2025\/06\/traduccion_upla_desafiolevantemoschile5-300x225.jpg 300w, https:\/\/upla.cl\/noticias\/wp-content\/uploads\/2025\/06\/traduccion_upla_desafiolevantemoschile5-1024x768.jpg 1024w, https:\/\/upla.cl\/noticias\/wp-content\/uploads\/2025\/06\/traduccion_upla_desafiolevantemoschile5-150x113.jpg 150w, https:\/\/upla.cl\/noticias\/wp-content\/uploads\/2025\/06\/traduccion_upla_desafiolevantemoschile5-768x576.jpg 768w, https:\/\/upla.cl\/noticias\/wp-content\/uploads\/2025\/06\/traduccion_upla_desafiolevantemoschile5-1536x1152.jpg 1536w, https:\/\/upla.cl\/noticias\/wp-content\/uploads\/2025\/06\/traduccion_upla_desafiolevantemoschile5.jpg 1920w\" sizes=\"auto, (max-width: 300px) 100vw, 300px\" \/><\/a>\n\t\t\t<\/div><\/figure><figure class='gallery-item'>\n\t\t\t<div class='gallery-icon landscape'>\n\t\t\t\t<a href=\"https:\/\/upla.cl\/noticias\/wp-content\/uploads\/2025\/06\/traduccion_upla_desafiolevantemoschile4.jpg\"><img loading=\"lazy\" decoding=\"async\" width=\"300\" height=\"225\" src=\"https:\/\/upla.cl\/noticias\/wp-content\/uploads\/2025\/06\/traduccion_upla_desafiolevantemoschile4-300x225.jpg\" class=\"attachment-medium size-medium\" alt=\"Estudiantes de Traducci\u00f3n e Interpretaci\u00f3n de la UPLA brindaron apoyo crucial en iniciativa de Desaf\u00edo Levantemos Chile\" srcset=\"https:\/\/upla.cl\/noticias\/wp-content\/uploads\/2025\/06\/traduccion_upla_desafiolevantemoschile4-300x225.jpg 300w, https:\/\/upla.cl\/noticias\/wp-content\/uploads\/2025\/06\/traduccion_upla_desafiolevantemoschile4-1024x768.jpg 1024w, https:\/\/upla.cl\/noticias\/wp-content\/uploads\/2025\/06\/traduccion_upla_desafiolevantemoschile4-150x113.jpg 150w, https:\/\/upla.cl\/noticias\/wp-content\/uploads\/2025\/06\/traduccion_upla_desafiolevantemoschile4-768x576.jpg 768w, https:\/\/upla.cl\/noticias\/wp-content\/uploads\/2025\/06\/traduccion_upla_desafiolevantemoschile4-1536x1152.jpg 1536w, https:\/\/upla.cl\/noticias\/wp-content\/uploads\/2025\/06\/traduccion_upla_desafiolevantemoschile4.jpg 1920w\" sizes=\"auto, (max-width: 300px) 100vw, 300px\" \/><\/a>\n\t\t\t<\/div><\/figure><figure class='gallery-item'>\n\t\t\t<div class='gallery-icon landscape'>\n\t\t\t\t<a href=\"https:\/\/upla.cl\/noticias\/wp-content\/uploads\/2025\/06\/traduccion_upla_desafiolevantemoschile3.jpg\"><img loading=\"lazy\" decoding=\"async\" width=\"300\" height=\"225\" src=\"https:\/\/upla.cl\/noticias\/wp-content\/uploads\/2025\/06\/traduccion_upla_desafiolevantemoschile3-300x225.jpg\" class=\"attachment-medium size-medium\" alt=\"Estudiantes de Traducci\u00f3n e Interpretaci\u00f3n de la UPLA brindaron apoyo crucial en iniciativa de Desaf\u00edo Levantemos Chile\" srcset=\"https:\/\/upla.cl\/noticias\/wp-content\/uploads\/2025\/06\/traduccion_upla_desafiolevantemoschile3-300x225.jpg 300w, https:\/\/upla.cl\/noticias\/wp-content\/uploads\/2025\/06\/traduccion_upla_desafiolevantemoschile3-1024x768.jpg 1024w, https:\/\/upla.cl\/noticias\/wp-content\/uploads\/2025\/06\/traduccion_upla_desafiolevantemoschile3-150x113.jpg 150w, https:\/\/upla.cl\/noticias\/wp-content\/uploads\/2025\/06\/traduccion_upla_desafiolevantemoschile3-768x576.jpg 768w, https:\/\/upla.cl\/noticias\/wp-content\/uploads\/2025\/06\/traduccion_upla_desafiolevantemoschile3-1536x1152.jpg 1536w, https:\/\/upla.cl\/noticias\/wp-content\/uploads\/2025\/06\/traduccion_upla_desafiolevantemoschile3.jpg 1920w\" sizes=\"auto, (max-width: 300px) 100vw, 300px\" \/><\/a>\n\t\t\t<\/div><\/figure>\n\t\t<\/div>\n\n","protected":false},"excerpt":{"rendered":"<p>Se trat\u00f3 de \u00abVenture 2 Impact\u00bb, en que facilitaron la comunicaci\u00f3n entre voluntarios canadienses y emprendedores afectados por el incendio de 2024.  <\/p>\n","protected":false},"author":2,"featured_media":186417,"comment_status":"closed","ping_status":"closed","sticky":false,"template":"","format":"standard","meta":{"footnotes":""},"categories":[40,51,96,101,97,77,91],"tags":[595],"class_list":["post-186414","post","type-post","status-publish","format-standard","has-post-thumbnail","","category-destacados","category-academia","category-academicos","category-docencia","category-estudiantes","category-facultad-de-humanidades","category-vinculacion-con-el-medio","tag-traduccion-e-interpretacion-ingles-espanol"],"_links":{"self":[{"href":"https:\/\/upla.cl\/noticias\/wp-json\/wp\/v2\/posts\/186414","targetHints":{"allow":["GET"]}}],"collection":[{"href":"https:\/\/upla.cl\/noticias\/wp-json\/wp\/v2\/posts"}],"about":[{"href":"https:\/\/upla.cl\/noticias\/wp-json\/wp\/v2\/types\/post"}],"author":[{"embeddable":true,"href":"https:\/\/upla.cl\/noticias\/wp-json\/wp\/v2\/users\/2"}],"replies":[{"embeddable":true,"href":"https:\/\/upla.cl\/noticias\/wp-json\/wp\/v2\/comments?post=186414"}],"version-history":[{"count":0,"href":"https:\/\/upla.cl\/noticias\/wp-json\/wp\/v2\/posts\/186414\/revisions"}],"wp:featuredmedia":[{"embeddable":true,"href":"https:\/\/upla.cl\/noticias\/wp-json\/wp\/v2\/media\/186417"}],"wp:attachment":[{"href":"https:\/\/upla.cl\/noticias\/wp-json\/wp\/v2\/media?parent=186414"}],"wp:term":[{"taxonomy":"category","embeddable":true,"href":"https:\/\/upla.cl\/noticias\/wp-json\/wp\/v2\/categories?post=186414"},{"taxonomy":"post_tag","embeddable":true,"href":"https:\/\/upla.cl\/noticias\/wp-json\/wp\/v2\/tags?post=186414"}],"curies":[{"name":"wp","href":"https:\/\/api.w.org\/{rel}","templated":true}]}}