{"id":186837,"date":"2025-07-07T16:43:03","date_gmt":"2025-07-07T20:43:03","guid":{"rendered":"https:\/\/www.upla.cl\/noticias\/?p=186837"},"modified":"2025-07-08T09:50:42","modified_gmt":"2025-07-08T13:50:42","slug":"upla-convoca-a-entidades-a-participar-de-la-licitacion-publica-para-la-contratacion-de-emprestito","status":"publish","type":"post","link":"https:\/\/upla.cl\/noticias\/2025\/07\/07\/upla-convoca-a-entidades-a-participar-de-la-licitacion-publica-para-la-contratacion-de-emprestito\/","title":{"rendered":"UPLA convoca a entidades a participar de la licitaci\u00f3n p\u00fablica para la contrataci\u00f3n de empr\u00e9stito"},"content":{"rendered":"<p>Mediante el <strong>Decreto Exento N\u00b0 005\/2025<\/strong>, autorizado por Contralor\u00eda General de la Rep\u00fablica el 16 de junio de 2025, la Universidad de Playa Ancha (UPLA) da a conocer las bases para <strong>contratar un empr\u00e9stito destinado a financiar proyectos de infraestructura asociados a la Facultad de Ciencias de la Salud<\/strong> de nuestra casa de estudios.<\/p>\n<p>Este empr\u00e9stito responde a las necesidades de inversi\u00f3n en infraestructura que la UPLA ha venido proyectando como parte de su Plan Estrat\u00e9gico Institucional. Espec\u00edficamente, los fondos obtenidos ser\u00e1n utilizados en proyectos como la remodelaci\u00f3n de edificios universitarios, la mejora de instalaciones docentes y administrativas, as\u00ed como en tecnolog\u00eda y equipamiento que permita responder a los est\u00e1ndares de calidad exigidos por el sistema de educaci\u00f3n superior chileno, enfoc\u00e1ndose en un espacio para la Facultad de Ciencias de la Salud.<\/p>\n<p>La gesti\u00f3n de este empr\u00e9stito forma parte de una pol\u00edtica de financiamiento responsable, acorde con los lineamientos del Ministerio de Educaci\u00f3n y la Subsecretar\u00eda de Educaci\u00f3n Superior, y su utilizaci\u00f3n representar\u00e1 un avance significativo para la comunidad universitaria, en atenci\u00f3n a su compromiso con\u00a0la excelencia acad\u00e9mica, el bienestar estudiantil y el desarrollo territorial, buscando posicionarse como una instituci\u00f3n de referencia a nivel nacional, sin perder su sello de compromiso social y vocaci\u00f3n p\u00fablica.<\/p>\n<p>Para identificar generalidades, condiciones, requisitos exigibles a las entidades proponentes, detalles de plazos, sistemas de evaluaci\u00f3n y de adjudicaci\u00f3n, revise y descargue las bases a continuaci\u00f3n. Para mayores consultas, se provee el correo de contacto del <strong>jefe de la secci\u00f3n de Adquisiciones, se\u00f1or Hern\u00e1n Tello Ovalle: <a title=\"htello@upla.cl\" href=\"mailto:htello@upla.cl\" target=\"_blank\" rel=\"noopener\">htello@upla.cl<\/a><\/strong><\/p>\n        <div class=\"embedpress-document-embed ose-document ep-doc-d7fcf3f3b136871a304a78937b86779c\" style=\"width: 600px; height: 550px;; max-width:100%; display: block\">\n                                <div>\n                        <iframe title=\"UPLA convoca a entidades a participar de la licitaci\u00f3n p\u00fablica para la contrataci\u00f3n de empr\u00e9stito\" allowfullscreen=\"true\" mozallowfullscreen=\"true\" webkitallowfullscreen=\"true\" style=\"width: 600px; height: 550px;; max-width:100%;\" src=\"https:\/\/www.upla.cl\/noticias\/wp-content\/uploads\/2025\/07\/20250707_dto_exto_005-2025_autorizacontratoemprestito.pdf\" data-emsrc=\"https:\/\/www.upla.cl\/noticias\/wp-content\/uploads\/2025\/07\/20250707_dto_exto_005-2025_autorizacontratoemprestito.pdf\" data-emid=\"embedpress-pdf-shortcode\" class=\"embedpress-embed-document-pdf embedpress-pdf-shortcode\"><\/iframe>\n                    <\/div>\n            <p class=\"embedpress-el-powered\">Powered By EmbedPress<\/p>        <\/div>\n\n\n<p><strong><a title=\"Bases de la licitaci\u00f3n p\u00fablica para la contrataci\u00f3n de empr\u00e9stito\" href=\"https:\/\/www.upla.cl\/noticias\/wp-content\/uploads\/2025\/07\/20250707_dto_exto_005-2025_autorizacontratoemprestito.pdf\" target=\"_blank\" rel=\"noopener\">Descarga aqu\u00ed las bases de la convocatoria<\/a><\/strong><\/p>\n","protected":false},"excerpt":{"rendered":"<p>De acuerdo al Decreto Exento N\u00ba 005\/2025, la Universidad de Playa Ancha da a conocer las bases para la contrataci\u00f3n de este instrumento con el cual se busca financiar la compraventa de un inmueble para la Facultad de Ciencias de la Salud de nuestra casa de estudios.<\/p>\n","protected":false},"author":6,"featured_media":182821,"comment_status":"closed","ping_status":"open","sticky":false,"template":"","format":"standard","meta":{"footnotes":""},"categories":[74,40,98,102],"tags":[],"class_list":["post-186837","post","type-post","status-publish","format-standard","has-post-thumbnail","","category-facultad-de-ciencias-de-la-salud","category-destacados","category-gestion","category-infraestructura"],"_links":{"self":[{"href":"https:\/\/upla.cl\/noticias\/wp-json\/wp\/v2\/posts\/186837","targetHints":{"allow":["GET"]}}],"collection":[{"href":"https:\/\/upla.cl\/noticias\/wp-json\/wp\/v2\/posts"}],"about":[{"href":"https:\/\/upla.cl\/noticias\/wp-json\/wp\/v2\/types\/post"}],"author":[{"embeddable":true,"href":"https:\/\/upla.cl\/noticias\/wp-json\/wp\/v2\/users\/6"}],"replies":[{"embeddable":true,"href":"https:\/\/upla.cl\/noticias\/wp-json\/wp\/v2\/comments?post=186837"}],"version-history":[{"count":0,"href":"https:\/\/upla.cl\/noticias\/wp-json\/wp\/v2\/posts\/186837\/revisions"}],"wp:featuredmedia":[{"embeddable":true,"href":"https:\/\/upla.cl\/noticias\/wp-json\/wp\/v2\/media\/182821"}],"wp:attachment":[{"href":"https:\/\/upla.cl\/noticias\/wp-json\/wp\/v2\/media?parent=186837"}],"wp:term":[{"taxonomy":"category","embeddable":true,"href":"https:\/\/upla.cl\/noticias\/wp-json\/wp\/v2\/categories?post=186837"},{"taxonomy":"post_tag","embeddable":true,"href":"https:\/\/upla.cl\/noticias\/wp-json\/wp\/v2\/tags?post=186837"}],"curies":[{"name":"wp","href":"https:\/\/api.w.org\/{rel}","templated":true}]}}