{"id":186965,"date":"2025-07-11T12:47:38","date_gmt":"2025-07-11T16:47:38","guid":{"rendered":"https:\/\/www.upla.cl\/noticias\/?p=186965"},"modified":"2025-07-11T12:53:52","modified_gmt":"2025-07-11T16:53:52","slug":"hub-ambiental-upla-logra-pionera-acreditacion-internacional-de-su-laboratorio-y-concluye-proyecto-fic-r","status":"publish","type":"post","link":"https:\/\/upla.cl\/noticias\/2025\/07\/11\/hub-ambiental-upla-logra-pionera-acreditacion-internacional-de-su-laboratorio-y-concluye-proyecto-fic-r\/","title":{"rendered":"HUB Ambiental UPLA logra pionera acreditaci\u00f3n internacional de su laboratorio y concluye proyecto FIC-R"},"content":{"rendered":"<p><a href=\"https:\/\/www.upla.cl\/noticias\/wp-content\/uploads\/2025\/07\/acreditacion_hub_ambiental.jpg\"><img loading=\"lazy\" decoding=\"async\" class=\"aligncenter wp-image-186972 size-large\" src=\"https:\/\/www.upla.cl\/noticias\/wp-content\/uploads\/2025\/07\/acreditacion_hub_ambiental-e1752251737165-1024x580.jpg\" alt=\"\" width=\"1024\" height=\"580\" srcset=\"https:\/\/upla.cl\/noticias\/wp-content\/uploads\/2025\/07\/acreditacion_hub_ambiental-e1752251737165-1024x580.jpg 1024w, https:\/\/upla.cl\/noticias\/wp-content\/uploads\/2025\/07\/acreditacion_hub_ambiental-e1752251737165-300x170.jpg 300w, https:\/\/upla.cl\/noticias\/wp-content\/uploads\/2025\/07\/acreditacion_hub_ambiental-e1752251737165-150x85.jpg 150w, https:\/\/upla.cl\/noticias\/wp-content\/uploads\/2025\/07\/acreditacion_hub_ambiental-e1752251737165-768x435.jpg 768w, https:\/\/upla.cl\/noticias\/wp-content\/uploads\/2025\/07\/acreditacion_hub_ambiental-e1752251737165-1536x869.jpg 1536w, https:\/\/upla.cl\/noticias\/wp-content\/uploads\/2025\/07\/acreditacion_hub_ambiental-e1752251737165.jpg 1917w\" sizes=\"auto, (max-width: 1024px) 100vw, 1024px\" \/><\/a>Tras obtener la acreditaci\u00f3n internacional ISO\/IEC 17025:2017 de su laboratorio \u2013otorgada por la prestigiosa <a href=\"https:\/\/a2la.org\/\" target=\"_blank\" rel=\"noopener\"><strong>Asociaci\u00f3n Americana de Acreditaci\u00f3n de Laboratorios (A2LA, por sus siglas en ingl\u00e9s)<\/strong><\/a>\u2013, el <a href=\"https:\/\/hubambientalupla.cl\/\"><strong>HUB Ambiental de la Universidad de Playa Ancha<\/strong> <\/a>entreg\u00f3 los principales resultados del proyecto FIC-R BIP40046077 \u00abTransferencia Implementaci\u00f3n Observatorio Ambiental Acad\u00e9mico Regi\u00f3n de Valpara\u00edso\u00bb, financiado por el Gobierno Regional de Valpara\u00edso.<\/p>\n<p>La actividad \u201cHUB Ambiental UPLA: laboratorio acreditado internacionalmente al servicio de una CTCi descentralizada\u201d se realiz\u00f3 en el Aula Dr. F\u00e9lix Morales Pettorino de la instituci\u00f3n y, en ella, se realz\u00f3 este hito, que lo convierte en el <strong>\u00fanico laboratorio de la regi\u00f3n, perteneciente a una universidad p\u00fablica y estatal, que cuenta con esta validaci\u00f3n<\/strong>, que mayoritariamente ha sido alcanzada por entidades privadas.<\/p>\n<p><a href=\"https:\/\/www.upla.cl\/noticias\/wp-content\/uploads\/2025\/07\/acreditacion_hub_ambiental_2.jpg\"><img loading=\"lazy\" decoding=\"async\" class=\"alignright size-medium wp-image-186979\" src=\"https:\/\/www.upla.cl\/noticias\/wp-content\/uploads\/2025\/07\/acreditacion_hub_ambiental_2-300x199.jpg\" alt=\"\" width=\"300\" height=\"199\" srcset=\"https:\/\/upla.cl\/noticias\/wp-content\/uploads\/2025\/07\/acreditacion_hub_ambiental_2-300x199.jpg 300w, https:\/\/upla.cl\/noticias\/wp-content\/uploads\/2025\/07\/acreditacion_hub_ambiental_2-1024x678.jpg 1024w, https:\/\/upla.cl\/noticias\/wp-content\/uploads\/2025\/07\/acreditacion_hub_ambiental_2-150x99.jpg 150w, https:\/\/upla.cl\/noticias\/wp-content\/uploads\/2025\/07\/acreditacion_hub_ambiental_2-768x509.jpg 768w, https:\/\/upla.cl\/noticias\/wp-content\/uploads\/2025\/07\/acreditacion_hub_ambiental_2-1536x1018.jpg 1536w, https:\/\/upla.cl\/noticias\/wp-content\/uploads\/2025\/07\/acreditacion_hub_ambiental_2-310x205.jpg 310w, https:\/\/upla.cl\/noticias\/wp-content\/uploads\/2025\/07\/acreditacion_hub_ambiental_2.jpg 1920w\" sizes=\"auto, (max-width: 300px) 100vw, 300px\" \/><\/a>Encabezado por el rector Carlos Gonz\u00e1lez, el evento cont\u00f3 con la presencia de relevantes autoridades regionales, adem\u00e1s de la comunidad universitaria. Asistieron el delegado presidencial regional de Valpara\u00edso, Yanino Riquelme; el secretario regional ministerial de Ciencia, Tecnolog\u00eda, Conocimiento e Innovaci\u00f3n (CTCi), Rodrigo Gonz\u00e1lez; los diputados Karol Cariola, Diego Ib\u00e1\u00f1ez y Jorge Brito; y la consejera regional Maricel Mart\u00ednez, presidenta de la Comisi\u00f3n de Ciencia, Tecnolog\u00eda e Innovaci\u00f3n del Consejo Regional de Valpara\u00edso, entre otros representantes de la regi\u00f3n y las comunidades. Tambi\u00e9n estuvo presente la directora general de Postgrado UPLA, Magdalena Dardel \u2013en representaci\u00f3n de la vicerrectora de Investigaci\u00f3n,\u00a0Postgrado e Innovaci\u00f3n, Carolina Santelices\u2013, junto a diversas autoridades institucionales.<\/p>\n<p><strong>Descentralizaci\u00f3n y toma de decisiones<\/strong><\/p>\n<p><a href=\"https:\/\/www.upla.cl\/noticias\/wp-content\/uploads\/2025\/07\/acreditacion_hub_ambiental_3.jpg\"><img loading=\"lazy\" decoding=\"async\" class=\"alignright size-medium wp-image-186977\" src=\"https:\/\/www.upla.cl\/noticias\/wp-content\/uploads\/2025\/07\/acreditacion_hub_ambiental_3-300x199.jpg\" alt=\"\" width=\"300\" height=\"199\" srcset=\"https:\/\/upla.cl\/noticias\/wp-content\/uploads\/2025\/07\/acreditacion_hub_ambiental_3-300x199.jpg 300w, https:\/\/upla.cl\/noticias\/wp-content\/uploads\/2025\/07\/acreditacion_hub_ambiental_3-1024x678.jpg 1024w, https:\/\/upla.cl\/noticias\/wp-content\/uploads\/2025\/07\/acreditacion_hub_ambiental_3-150x99.jpg 150w, https:\/\/upla.cl\/noticias\/wp-content\/uploads\/2025\/07\/acreditacion_hub_ambiental_3-768x509.jpg 768w, https:\/\/upla.cl\/noticias\/wp-content\/uploads\/2025\/07\/acreditacion_hub_ambiental_3-1536x1018.jpg 1536w, https:\/\/upla.cl\/noticias\/wp-content\/uploads\/2025\/07\/acreditacion_hub_ambiental_3-310x205.jpg 310w, https:\/\/upla.cl\/noticias\/wp-content\/uploads\/2025\/07\/acreditacion_hub_ambiental_3.jpg 1920w\" sizes=\"auto, (max-width: 300px) 100vw, 300px\" \/><\/a>\u201cEs un tremendo honor que nosotros como instituci\u00f3n tengamos un laboratorio de estas caracter\u00edsticas, adem\u00e1s, con el enfoque territorial que tenemos como universidad regional estatal\u201d, manifest\u00f3 el <strong>rector Carlos Gonz\u00e1lez<\/strong>, \u201centonces, que la comunidad de la regi\u00f3n de Valpara\u00edso tenga, a trav\u00e9s de una universidad del Estado, un laboratorio de esta magnitud es sustantivo, sobre todo por la independencia y para el apoyo a la toma de decisiones\u201d.<\/p>\n<p>Coincide la<strong> Dra. Ver\u00f3nica Molina, directora general del HUB Ambiental UPLA,<\/strong> quien junto con destacar la contribuci\u00f3n del equipo de acad\u00e9micas(os), investigadoras(es) y funcionarias(os) colaboradoras(es) a nivel administrativo y t\u00e9cnico del laboratorio, y los deseos de larga vida para el centro, expresados por todas las autoridades presentes, enfatiz\u00f3 en que la acreditaci\u00f3n internacional ISO\/IEC 17025:2017 es un hito que se logra tras un s\u00f3lido trabajo efectuado durante sus cinco a\u00f1os de existencia.<\/p>\n<p><a href=\"https:\/\/www.upla.cl\/noticias\/wp-content\/uploads\/2025\/07\/acreditacion_hub_ambiental_6.jpg\"><img loading=\"lazy\" decoding=\"async\" class=\"alignright size-medium wp-image-186974\" src=\"https:\/\/www.upla.cl\/noticias\/wp-content\/uploads\/2025\/07\/acreditacion_hub_ambiental_6-300x199.jpg\" alt=\"\" width=\"300\" height=\"199\" srcset=\"https:\/\/upla.cl\/noticias\/wp-content\/uploads\/2025\/07\/acreditacion_hub_ambiental_6-300x199.jpg 300w, https:\/\/upla.cl\/noticias\/wp-content\/uploads\/2025\/07\/acreditacion_hub_ambiental_6-1024x678.jpg 1024w, https:\/\/upla.cl\/noticias\/wp-content\/uploads\/2025\/07\/acreditacion_hub_ambiental_6-150x99.jpg 150w, https:\/\/upla.cl\/noticias\/wp-content\/uploads\/2025\/07\/acreditacion_hub_ambiental_6-768x509.jpg 768w, https:\/\/upla.cl\/noticias\/wp-content\/uploads\/2025\/07\/acreditacion_hub_ambiental_6-1536x1018.jpg 1536w, https:\/\/upla.cl\/noticias\/wp-content\/uploads\/2025\/07\/acreditacion_hub_ambiental_6-310x205.jpg 310w, https:\/\/upla.cl\/noticias\/wp-content\/uploads\/2025\/07\/acreditacion_hub_ambiental_6.jpg 1920w\" sizes=\"auto, (max-width: 300px) 100vw, 300px\" \/><\/a>Sobre sus implicancias, enfatiz\u00f3 que \u201cno solamente contribuye a descentralizar la CTCi, al tratarse de la \u00fanica universidad estatal de la regi\u00f3n que ha logrado esta acreditaci\u00f3n, sino que tambi\u00e9n fortalece nuestra posici\u00f3n para que los datos y conclusiones de nuestros estudios, cuando corresponda, aporten a la justicia ambiental. Es ah\u00ed donde radica la relevancia de este hito, que evidencia tambi\u00e9n lo primordial que es financiar este tipo de centros de investigaci\u00f3n cient\u00edfica\u201d.<\/p>\n<p>Esto fortalece el \u00e1rea de servicios que ofrece el laboratorio, los cuales pueden revisarse en <strong><a href=\"https:\/\/hubambientalupla.cl\/servicios\/\">este enlace<\/a><\/strong>. Algunas de las t\u00e9cnicas anal\u00edticas acreditadas son la espectroscopia de emisi\u00f3n \u00f3ptica con plasma acoplado inductivamente (ICP-OES), cromatograf\u00eda de gases acoplada a un detector de masas (GC-MS) para el an\u00e1lisis de benceno y sus derivados (BTEX) \u2013an\u00e1lisis que no se realiza en otro laboratorio de este tipo en la regi\u00f3n\u2013 m\u00e9todos electroanal\u00edticos (pH, conductividad, fluoruro) y muestreo en terreno mediante mediciones multiparam\u00e9tricas.<\/p>\n<p>Haciendo hincapi\u00e9 en esto, el <strong>delegado presidencial regional, Yanino Riquelme<\/strong>, sostuvo: \u201cHay una relaci\u00f3n bien estre<a href=\"https:\/\/www.upla.cl\/noticias\/wp-content\/uploads\/2025\/07\/Area-Metales-HUB-Ambiental-UPLA-1.jpg\"><img loading=\"lazy\" decoding=\"async\" class=\"alignright size-medium wp-image-186978\" src=\"https:\/\/www.upla.cl\/noticias\/wp-content\/uploads\/2025\/07\/Area-Metales-HUB-Ambiental-UPLA-1-300x196.jpg\" alt=\"\" width=\"300\" height=\"196\" srcset=\"https:\/\/upla.cl\/noticias\/wp-content\/uploads\/2025\/07\/Area-Metales-HUB-Ambiental-UPLA-1-300x196.jpg 300w, https:\/\/upla.cl\/noticias\/wp-content\/uploads\/2025\/07\/Area-Metales-HUB-Ambiental-UPLA-1-1024x668.jpg 1024w, https:\/\/upla.cl\/noticias\/wp-content\/uploads\/2025\/07\/Area-Metales-HUB-Ambiental-UPLA-1-150x98.jpg 150w, https:\/\/upla.cl\/noticias\/wp-content\/uploads\/2025\/07\/Area-Metales-HUB-Ambiental-UPLA-1-768x501.jpg 768w, https:\/\/upla.cl\/noticias\/wp-content\/uploads\/2025\/07\/Area-Metales-HUB-Ambiental-UPLA-1-1536x1002.jpg 1536w, https:\/\/upla.cl\/noticias\/wp-content\/uploads\/2025\/07\/Area-Metales-HUB-Ambiental-UPLA-1.jpg 1920w\" sizes=\"auto, (max-width: 300px) 100vw, 300px\" \/><\/a>cha entre lo que est\u00e1 haciendo el HUB, respecto del quehacer diario de la comunidad, la poblaci\u00f3n y los territorios de la regi\u00f3n de Valpara\u00edso. As\u00ed que nosotros estamos muy satisfechos y contentos de esta acreditaci\u00f3n<br \/>\ninternacional, que le da un nuevo realce, lo pone en un nuevo pie y le da fortaleza para seguir atendiendo los problemas reales de nuestra gente\u201d.<\/p>\n<p>\u201cEl d\u00eda de hoy estamos muy contentos de poder participar en esta acreditaci\u00f3n\u201d, expres\u00f3, en l\u00ednea con lo anterior, la <strong>consejera regional Maricel Mart\u00ednez,<\/strong> \u201cun gran desarrollo no solo para la regi\u00f3n, sino que tambi\u00e9n para el pa\u00eds. Es importante poder dotar a las universidades p\u00fablicas, sobre todo, de centros de investigaci\u00f3n que est\u00e9n a un nivel internacional\u201d.<\/p>\n<p><strong>Un quehacer que otorga resultados<\/strong><\/p>\n<p><a href=\"https:\/\/www.upla.cl\/noticias\/wp-content\/uploads\/2025\/07\/acreditacion_hub_ambiental_5.jpg\"><img loading=\"lazy\" decoding=\"async\" class=\"alignright size-medium wp-image-186975\" src=\"https:\/\/www.upla.cl\/noticias\/wp-content\/uploads\/2025\/07\/acreditacion_hub_ambiental_5-300x199.jpg\" alt=\"\" width=\"300\" height=\"199\" srcset=\"https:\/\/upla.cl\/noticias\/wp-content\/uploads\/2025\/07\/acreditacion_hub_ambiental_5-300x199.jpg 300w, https:\/\/upla.cl\/noticias\/wp-content\/uploads\/2025\/07\/acreditacion_hub_ambiental_5-1024x678.jpg 1024w, https:\/\/upla.cl\/noticias\/wp-content\/uploads\/2025\/07\/acreditacion_hub_ambiental_5-150x99.jpg 150w, https:\/\/upla.cl\/noticias\/wp-content\/uploads\/2025\/07\/acreditacion_hub_ambiental_5-768x509.jpg 768w, https:\/\/upla.cl\/noticias\/wp-content\/uploads\/2025\/07\/acreditacion_hub_ambiental_5-1536x1018.jpg 1536w, https:\/\/upla.cl\/noticias\/wp-content\/uploads\/2025\/07\/acreditacion_hub_ambiental_5-310x205.jpg 310w, https:\/\/upla.cl\/noticias\/wp-content\/uploads\/2025\/07\/acreditacion_hub_ambiental_5.jpg 1920w\" sizes=\"auto, (max-width: 300px) 100vw, 300px\" \/><\/a>El hito, que releva la contribuci\u00f3n del HUB Ambiental UPLA a la descentralizaci\u00f3n de la CTCi (Ciencia, Tecnolog\u00eda, Conocimiento e Innovaci\u00f3n), desde el rol p\u00fablico y regional de la casa de estudios, fue el marco perfecto para la culminaci\u00f3n del <strong>proyecto FIC-R BIP40046077 \u00abTransferencia Implementaci\u00f3n Observatorio Ambiental Acad\u00e9mico Regi\u00f3n de Valpara\u00edso\u00bb<\/strong>, cuyas principales conclusiones fueron presentadas por su director, el <strong>Dr. Claudio S\u00e1ez<\/strong>, durante la actividad.<\/p>\n<p>El investigador asociado del centro detall\u00f3 c\u00f3mo la iniciativa permiti\u00f3 realizar diversos estudios, con el m\u00e1s alto rigor cient\u00edfico y con total independencia en la entrega de resultados, focalizados en diversas problem\u00e1ticas relacionadas con las diferentes matrices ambientales (h\u00eddrica, atmosf\u00e9rica y sedimentos marinos) estudiadas.<\/p>\n<p><a href=\"https:\/\/www.upla.cl\/noticias\/wp-content\/uploads\/2025\/07\/Area-Microbiologia-HUB-Ambiental-UPLA-1-1.jpg\"><img loading=\"lazy\" decoding=\"async\" class=\"alignright size-medium wp-image-186971\" src=\"https:\/\/www.upla.cl\/noticias\/wp-content\/uploads\/2025\/07\/Area-Microbiologia-HUB-Ambiental-UPLA-1-1-300x199.jpg\" alt=\"\" width=\"300\" height=\"199\" srcset=\"https:\/\/upla.cl\/noticias\/wp-content\/uploads\/2025\/07\/Area-Microbiologia-HUB-Ambiental-UPLA-1-1-300x199.jpg 300w, https:\/\/upla.cl\/noticias\/wp-content\/uploads\/2025\/07\/Area-Microbiologia-HUB-Ambiental-UPLA-1-1-1024x678.jpg 1024w, https:\/\/upla.cl\/noticias\/wp-content\/uploads\/2025\/07\/Area-Microbiologia-HUB-Ambiental-UPLA-1-1-150x99.jpg 150w, https:\/\/upla.cl\/noticias\/wp-content\/uploads\/2025\/07\/Area-Microbiologia-HUB-Ambiental-UPLA-1-1-768x509.jpg 768w, https:\/\/upla.cl\/noticias\/wp-content\/uploads\/2025\/07\/Area-Microbiologia-HUB-Ambiental-UPLA-1-1-1536x1018.jpg 1536w, https:\/\/upla.cl\/noticias\/wp-content\/uploads\/2025\/07\/Area-Microbiologia-HUB-Ambiental-UPLA-1-1-310x205.jpg 310w, https:\/\/upla.cl\/noticias\/wp-content\/uploads\/2025\/07\/Area-Microbiologia-HUB-Ambiental-UPLA-1-1.jpg 1920w\" sizes=\"auto, (max-width: 300px) 100vw, 300px\" \/><\/a>Asimismo, comparti\u00f3 los destacados avances registrados en el proyecto \u201cInES I+D\u201d, c\u00f3digo INID210013, de la Agencia Nacional de Investigaci\u00f3n y Desarrollo (ANID), que ha permitido sentar las bases en una cultura de la innovaci\u00f3n en la UPLA, generando \u2013entre otros hitos\u2013 pol\u00edticas y reglamentos institucionales asociados, tres exitosas versiones de su Diplomado en Innovaci\u00f3n, Emprendimiento y Transferencia Tecnol\u00f3gica, y el inicio de las obras de construcci\u00f3n de un espacio de cowork, que estar\u00e1 situado en la Biblioteca Central de la instituci\u00f3n.<\/p>\n<p><em>Fuente: Diego Trujillo Salinas, periodista del Centro de Investigaci\u00f3n HUB Ambiental UPLA.<\/em><\/p>\n","protected":false},"excerpt":{"rendered":"<p>Es el \u00fanico centro de investigaci\u00f3n de la regi\u00f3n, asociado a una universidad estatal, que ha obtenido la acreditaci\u00f3n ISO\/IEC 17025:2017. En un evento especial, se detallaron sus implicancias y se compartieron, adem\u00e1s, los principales resultados de la<br \/>\niniciativa financiada por el Gobierno Regional de Valpara\u00edso, as\u00ed como destacados avances del proyecto InES I+D, de ANID.<\/p>\n","protected":false},"author":10,"featured_media":186972,"comment_status":"closed","ping_status":"open","sticky":false,"template":"","format":"standard","meta":{"footnotes":""},"categories":[51,96,40,209,43,91],"tags":[],"class_list":["post-186965","post","type-post","status-publish","format-standard","has-post-thumbnail","","category-academia","category-academicos","category-destacados","category-hub-ambiental","category-investigacion","category-vinculacion-con-el-medio"],"_links":{"self":[{"href":"https:\/\/upla.cl\/noticias\/wp-json\/wp\/v2\/posts\/186965","targetHints":{"allow":["GET"]}}],"collection":[{"href":"https:\/\/upla.cl\/noticias\/wp-json\/wp\/v2\/posts"}],"about":[{"href":"https:\/\/upla.cl\/noticias\/wp-json\/wp\/v2\/types\/post"}],"author":[{"embeddable":true,"href":"https:\/\/upla.cl\/noticias\/wp-json\/wp\/v2\/users\/10"}],"replies":[{"embeddable":true,"href":"https:\/\/upla.cl\/noticias\/wp-json\/wp\/v2\/comments?post=186965"}],"version-history":[{"count":0,"href":"https:\/\/upla.cl\/noticias\/wp-json\/wp\/v2\/posts\/186965\/revisions"}],"wp:featuredmedia":[{"embeddable":true,"href":"https:\/\/upla.cl\/noticias\/wp-json\/wp\/v2\/media\/186972"}],"wp:attachment":[{"href":"https:\/\/upla.cl\/noticias\/wp-json\/wp\/v2\/media?parent=186965"}],"wp:term":[{"taxonomy":"category","embeddable":true,"href":"https:\/\/upla.cl\/noticias\/wp-json\/wp\/v2\/categories?post=186965"},{"taxonomy":"post_tag","embeddable":true,"href":"https:\/\/upla.cl\/noticias\/wp-json\/wp\/v2\/tags?post=186965"}],"curies":[{"name":"wp","href":"https:\/\/api.w.org\/{rel}","templated":true}]}}