{"id":186968,"date":"2025-07-11T13:08:27","date_gmt":"2025-07-11T17:08:27","guid":{"rendered":"https:\/\/www.upla.cl\/noticias\/?p=186968"},"modified":"2025-07-11T13:08:27","modified_gmt":"2025-07-11T17:08:27","slug":"insultos-ofensas-el-lenguaje-politico-y-la-polarizacion","status":"publish","type":"post","link":"https:\/\/upla.cl\/noticias\/2025\/07\/11\/insultos-ofensas-el-lenguaje-politico-y-la-polarizacion\/","title":{"rendered":"Insultos, ofensas&#8230;: el lenguaje pol\u00edtico y la polarizaci\u00f3n"},"content":{"rendered":"<p><a href=\"https:\/\/www.upla.cl\/noticias\/wp-content\/uploads\/2025\/07\/2025_0708_insultos_ofensas_deutschewelleDW_juanpabloreyes.jpg\"><img loading=\"lazy\" decoding=\"async\" class=\"alignright  wp-image-186983\" src=\"https:\/\/www.upla.cl\/noticias\/wp-content\/uploads\/2025\/07\/2025_0708_insultos_ofensas_deutschewelleDW_juanpabloreyes.jpg\" alt=\"Insultos, ofensas...: el lenguaje pol\u00edtico y la polarizaci\u00f3n\" width=\"351\" height=\"204\" srcset=\"https:\/\/upla.cl\/noticias\/wp-content\/uploads\/2025\/07\/2025_0708_insultos_ofensas_deutschewelleDW_juanpabloreyes.jpg 900w, https:\/\/upla.cl\/noticias\/wp-content\/uploads\/2025\/07\/2025_0708_insultos_ofensas_deutschewelleDW_juanpabloreyes-300x174.jpg 300w, https:\/\/upla.cl\/noticias\/wp-content\/uploads\/2025\/07\/2025_0708_insultos_ofensas_deutschewelleDW_juanpabloreyes-150x87.jpg 150w, https:\/\/upla.cl\/noticias\/wp-content\/uploads\/2025\/07\/2025_0708_insultos_ofensas_deutschewelleDW_juanpabloreyes-768x446.jpg 768w\" sizes=\"auto, (max-width: 351px) 100vw, 351px\" \/><\/a>Las ofensas y descalificaciones de los l\u00edderes pol\u00edticos en Am\u00e9rica Latina se han vuelto noticia. Algunos son conocidos por sus arranques, como el presidente argentino Javier Milei, quien se refiere a sus opositores con insultos como \u00abmandril\u201d y \u00abrepugnante\u201d.<\/p>\n<p>A su vez, el mandatario es calificado por su hom\u00f3logo venezolano, Nicol\u00e1s Maduro, como \u00abmalparido\u201d y \u00abbasura\u201d, entre otros ep\u00edtetos.<\/p>\n<p>M\u00e1s all\u00e1 de los insultos, la comunicaci\u00f3n pol\u00edtica se mueve hoy en arenas muy distintas a la tradicional oratoria de los l\u00edderes que buscaban convencer con argumentos. Hay un nuevo tono, nuevos estilos y nuevos medios para llevar el mensaje.<\/p>\n<p>\u00abLos pol\u00edticos usan el lenguaje como una herramienta de poder, de dominio, para difundir su manera de ver el mundo, con una capacidad de manipular, tergiversar y descontextualizar los conceptos de acuerdo a las conveniencias\u201d, dice a DW el <strong>ling\u00fcista chileno Juan Pablo Reyes, acad\u00e9mico de la Universidad de Playa Ancha (UPLA), en Valpara\u00edso.<\/strong><\/p>\n<h4><strong>La importancia de lo visual<\/strong><\/h4>\n<p>La antigua verbalidad pol\u00edtica dio paso al mensaje audiovisual, agrega Reyes: \u00abEstos l\u00edderes se transforman en rock stars o pol\u00edticos para espectadores, m\u00e1s que para votantes o electores. El pol\u00edtico pas\u00f3 a ser el medio y el mensaje mismo, que se gu\u00eda por la emotividad y las leyes de la publicidad y el marketing\u201d.<\/p>\n<p>En esa l\u00ednea, el an\u00e1lisis de los mensajes en redes sociales da pistas interesantes. Lo central ya no son los discursos, sino publicaciones pensadas visualmente, a trav\u00e9s de reels, videos, memes y emojis, indica a DW el investigador argentino Gonzalo Sarasqueta, director del Laboratorio Digital de Narrativas Pol\u00edticas de la Universidad Camilo Jos\u00e9 Cela, en Espa\u00f1a.<\/p>\n<p>Esta es una de las tendencias observadas en un estudio de este laboratorio, que analiz\u00f3 los posteos en X (antiguo Twitter), Facebook, Instagram y TikTok, de los dos principales candidatos presidenciales en siete pa\u00edses.<\/p>\n<h4><strong>\u00abNarrarqu\u00eda\u00bb y egocentrismo<\/strong><\/h4>\n<p>Se trata de fen\u00f3menos trasversales en el espectro pol\u00edtico. El estudio tambi\u00e9n revela lo que Sarasqueta denomina \u00abnarrarqu\u00eda\u201d. La gran mayor\u00eda de los contenidos son historias, en vez de programas. \u00abM\u00e1s que apuntar al pensamiento abstracto y a la reflexi\u00f3n de las personas, el fin de estas narrativas es buscar la reacci\u00f3n, las emociones\u201d, se\u00f1ala Sarasqueta.<\/p>\n<p>Asimismo, identifica una pol\u00edtica egoc\u00e9ntrica y personalista. En el contexto de crisis de los partidos, ya no se vota a una colectividad pol\u00edtica o a un programa electoral, sino que a un candidato, que es el centro de gravedad, no solo en per\u00edodos electorales. La campa\u00f1a se ha vuelto permanente, tanto para el gobernante como para el opositor: \u00abConstantemente se busca polarizar, captar la atenci\u00f3n\u201d.<\/p>\n<p>El habla de los pol\u00edticos influye en la forma en que el ciudadano entiende la realidad, sostiene Reyes. \u00abTienen todos los recursos medi\u00e1ticos y soportes para insistentemente reiterar una visi\u00f3n de mundo. Crean realidad a trav\u00e9s del lenguaje, del manejo emotivo y los estados an\u00edmicos de sus adherentes incondicionales, como el p\u00fablico de un espect\u00e1culo, sin poder cr\u00edtico ni anal\u00edtico. Como la publicidad, en muchos casos no tiene que ver con lo que es el producto. Todo es apariencia\u201d, plantea.<\/p>\n<h4><strong>La l\u00f3gica del enemigo<\/strong><\/h4>\n<p>\u00abLa comunicaci\u00f3n pol\u00edtica hoy est\u00e1 muy supeditada al espect\u00e1culo. Lo que se recoge como noticia es justamente la pol\u00e9mica, el insulto, la cr\u00edtica, y genera la percepci\u00f3n de que eso marca toda la campa\u00f1a\u201d, afirma Sarasqueta. Sin embargo, al analizar los mensajes de los candidatos, la mayor\u00eda son positivos (80 por ciento) y solo un 7,2 por ciento negativos, seg\u00fan el citado estudio.<\/p>\n<p>No obstante, son las pol\u00e9micas y los ataques los que circulan reiteradamente. Un fragmento de segundos de una entrevista en un medio tradicional tiene su rebote digital en redes sociales, donde puede alcanzar a cientos de miles de espectadores, con muy buena llegada al p\u00fablico joven, y permanecer por largo tiempo. Es lo que aprovechan cada vez m\u00e1s los pol\u00edticos y lo que hizo conocido a Milei.<\/p>\n<p>Reyes advierte mayor agresividad en los mensajes: \u00abHay una polarizaci\u00f3n y eso es parte de las estrategias populistas de crear enemigos en vez de adversarios. Los insultos y descalificaciones son una forma de caricaturizar al otro para dejarlo anulado. El lenguaje se ha puesto bastante m\u00e1s violento, reflejo tambi\u00e9n de las circunstancias an\u00edmicas en que est\u00e1 la sociedad\u201d.<\/p>\n<p>En opini\u00f3n del experto en ling\u00fc\u00edstica de la UPLA, \u00abse ha perdido el juego limpio. Si, por ejemplo, un pol\u00edtico recibe una denuncia por un delito o acto de corrupci\u00f3n, la respuesta no es defenderse, sino atacar a quien lo acus\u00f3, e incluso a la justicia y las leyes\u201d.<\/p>\n<p>Al tiempo que se erosiona la democracia de los acuerdos se refuerzan los extremos. El t\u00e9rmino b\u00e9lico de enemigo implica que este debe ser eliminado, simb\u00f3lica o f\u00edsicamente. \u00abCuando pasamos a este lenguaje estamos pisando arena muy peligrosa. Eso derrama a la sociedad y se traduce en comportamientos\u201d, estima Sarasqueta. Un ejemplo es el discurso de Trump y el consiguiente asalto al Capitolio en 2021.<\/p>\n<p>Reyes observa que la agresividad del lenguaje pol\u00edtico se traspasa a los ciudadanos, como se ve en los tuits entre partidarios y opositores a Maduro. \u00abEs pura descalificaci\u00f3n y ofensa. No encontramos un solo argumento. Es comportamiento de tribu o de banda\u201d.<\/p>\n<h4><strong>Una realidad, dos extremos<\/strong><\/h4>\n<p>En una regi\u00f3n con alto consumo de contenido online, toma fuerza la virtualidad de la pol\u00edtica. Seg\u00fan la plataforma DataReportal, los usuarios de Brasil, Argentina, Colombia, Chile y M\u00e9xico pasan entre siete y nueve horas diarias conectados, por sobre el promedio mundial de 6:40 horas al d\u00eda. \u00abEs m\u00e1s que la jornada laboral y que las horas de descanso. Todo ese tiempo se est\u00e1 consumiendo informaci\u00f3n y formando una opini\u00f3n a partir de lo que sucede ah\u00ed\u201d, advierte Sarasqueta.<\/p>\n<p>La plataforma con mayor negatividad es X, indica el profesor investigador de la Universidad Camilo Jos\u00e9 Cela. Son usuarios \u00abhiperpolitizados, de mentalidad de reba\u00f1o, que valoran todo lo que dice su compa\u00f1ero de tribu, y todo lo que dice el que est\u00e1 en contra, est\u00e1 mal\u201d.<\/p>\n<h4><strong>Dos bloques<\/strong><\/h4>\n<p>Aqu\u00ed se evidencia el sesgo partidista. La persona toma la parte de la realidad que encaja con sus propias tendencias y, a su vez, los algoritmos refuerzan esa postura, entregando el contenido que aprueba. As\u00ed, ante una misma realidad aparecen interpretaciones opuestas. Por ejemplo, para unos la condena a la expresidenta argentina Cristina Fern\u00e1ndez es un acto apegado a la ley y, para otros, una injusticia.<\/p>\n<p>No solo hay diferencias de opini\u00f3n frente a determinados temas, sino que se forman dos bloques identitarios que se distinguen adem\u00e1s por barrio, religi\u00f3n o el uso de la bandera patria. \u00abSi paso ocho horas por d\u00eda relacion\u00e1ndome con gente que me dice que tengo raz\u00f3n, estoy atrofiando mi m\u00fasculo deliberativo. La gente se vuelve cada vez m\u00e1s extremista y reticente a escuchar al que piensa diferente.<\/p>\n<p>Esto est\u00e1 generando una polarizaci\u00f3n social extrema\u201d, subraya Sarasqueta. Y los l\u00edderes actuales, estima el investigador, \u00absimplemente reproducen esa bronca que viene de abajo, no se animan a contradecirla. Se hacen eco y adem\u00e1s le suben el volumen\u201d.<\/p>\n<p>(ms)<\/p>\n<p>Por: Victoria Dannemann, publicado el <a href=\"https:\/\/www.dw.com\/es\/insultos-ofensas-el-lenguaje-pol%C3%ADtico-y-la-polarizaci%C3%B3n-en-am%C3%A9rica-latina\/a-73201070\" target=\"_blank\" rel=\"noopener\"><strong>8 de julio de 2025 en la Deutsche Welle (DW)<\/strong><\/a>.<\/p>\n","protected":false},"excerpt":{"rendered":"<p> \u00bfC\u00f3mo influyen estos discursos en la percepci\u00f3n de realidad y la creciente polarizaci\u00f3n? El acad\u00e9mico Juan Pablo Reyes de la Universidad de Playa Ancha junto a otros especialistas se refieren a este fen\u00f3meno para la Deutsche Welle (DW). <\/p>\n","protected":false},"author":2,"featured_media":186983,"comment_status":"closed","ping_status":"open","sticky":false,"template":"","format":"standard","meta":{"footnotes":""},"categories":[45,51,96,77,181],"tags":[],"class_list":["post-186968","post","type-post","status-publish","format-standard","has-post-thumbnail","","category-upla-en-los-medios","category-academia","category-academicos","category-facultad-de-humanidades","category-sitios-web-y-blogs"],"_links":{"self":[{"href":"https:\/\/upla.cl\/noticias\/wp-json\/wp\/v2\/posts\/186968","targetHints":{"allow":["GET"]}}],"collection":[{"href":"https:\/\/upla.cl\/noticias\/wp-json\/wp\/v2\/posts"}],"about":[{"href":"https:\/\/upla.cl\/noticias\/wp-json\/wp\/v2\/types\/post"}],"author":[{"embeddable":true,"href":"https:\/\/upla.cl\/noticias\/wp-json\/wp\/v2\/users\/2"}],"replies":[{"embeddable":true,"href":"https:\/\/upla.cl\/noticias\/wp-json\/wp\/v2\/comments?post=186968"}],"version-history":[{"count":0,"href":"https:\/\/upla.cl\/noticias\/wp-json\/wp\/v2\/posts\/186968\/revisions"}],"wp:featuredmedia":[{"embeddable":true,"href":"https:\/\/upla.cl\/noticias\/wp-json\/wp\/v2\/media\/186983"}],"wp:attachment":[{"href":"https:\/\/upla.cl\/noticias\/wp-json\/wp\/v2\/media?parent=186968"}],"wp:term":[{"taxonomy":"category","embeddable":true,"href":"https:\/\/upla.cl\/noticias\/wp-json\/wp\/v2\/categories?post=186968"},{"taxonomy":"post_tag","embeddable":true,"href":"https:\/\/upla.cl\/noticias\/wp-json\/wp\/v2\/tags?post=186968"}],"curies":[{"name":"wp","href":"https:\/\/api.w.org\/{rel}","templated":true}]}}