{"id":187354,"date":"2025-07-23T10:54:53","date_gmt":"2025-07-23T14:54:53","guid":{"rendered":"https:\/\/www.upla.cl\/noticias\/?p=187354"},"modified":"2025-07-23T13:40:03","modified_gmt":"2025-07-23T17:40:03","slug":"quien-tuvo-la-culpa-circulo-virtuoso-que-reunio-a-artistas-escenicos-con-pasado-y-presente-upla","status":"publish","type":"post","link":"https:\/\/upla.cl\/noticias\/2025\/07\/23\/quien-tuvo-la-culpa-circulo-virtuoso-que-reunio-a-artistas-escenicos-con-pasado-y-presente-upla\/","title":{"rendered":"\u00bfQui\u00e9n tuvo la culpa?: C\u00edrculo virtuoso que reuni\u00f3 a artistas esc\u00e9nicos con pasado y presente UPLA"},"content":{"rendered":"<p><a href=\"https:\/\/www.upla.cl\/noticias\/wp-content\/uploads\/2025\/07\/QuienCulpa2.jpg\"><img loading=\"lazy\" decoding=\"async\" class=\"alignright wp-image-187358\" src=\"https:\/\/www.upla.cl\/noticias\/wp-content\/uploads\/2025\/07\/QuienCulpa2-1024x683.jpg\" alt=\"\" width=\"353\" height=\"235\" srcset=\"https:\/\/upla.cl\/noticias\/wp-content\/uploads\/2025\/07\/QuienCulpa2-1024x683.jpg 1024w, https:\/\/upla.cl\/noticias\/wp-content\/uploads\/2025\/07\/QuienCulpa2-300x200.jpg 300w, https:\/\/upla.cl\/noticias\/wp-content\/uploads\/2025\/07\/QuienCulpa2-150x100.jpg 150w, https:\/\/upla.cl\/noticias\/wp-content\/uploads\/2025\/07\/QuienCulpa2-768x512.jpg 768w, https:\/\/upla.cl\/noticias\/wp-content\/uploads\/2025\/07\/QuienCulpa2-1536x1024.jpg 1536w, https:\/\/upla.cl\/noticias\/wp-content\/uploads\/2025\/07\/QuienCulpa2-310x205.jpg 310w, https:\/\/upla.cl\/noticias\/wp-content\/uploads\/2025\/07\/QuienCulpa2.jpg 1920w\" sizes=\"auto, (max-width: 353px) 100vw, 353px\" \/><\/a><strong>Este fin de semana (25 al 27 de julio) se estrena en la Sala de Arte Esc\u00e9nico<\/strong> (SAE) de la Universidad de Playa Ancha <strong>\u00bfQui\u00e9n tuvo la culpa?, obra basada en el texto de la dramaturga chilena m\u00e1s importante del siglo XX, Isidora Aguirre,<\/strong> que bajo la direcci\u00f3n de la acad\u00e9mica de la carrera de Teatro de la Facultad de Arte, Jenny Pino Madariaga, marcar\u00e1 el punto de partida del Ciclo Escena UPLA, iniciativa inserta en el proyecto Apoyo a Teatros Universitarios, financiado por el Ministerio de las Culturas, las Artes y el Patrimonio (MINCAP).<\/p>\n<p>Lo relevante de <strong>esta puesta en escena, adem\u00e1s de la tem\u00e1tica que pretende interpelar y motivar la reflexi\u00f3n en relaci\u00f3n a la violencia de g\u00e9nero, los femicidios, la indolencia, la invisibilidad social, la marginalidad y la pobreza, es que el elenco est\u00e1 conformado mayoritariamente por egresados y egresadas de distintas generaciones, estudiantes de pregrado y profesoras (es) de la carrera de Teatro<\/strong> que se imparte en la Facultad de Arte de la UPLA.<\/p>\n<p><a href=\"https:\/\/www.upla.cl\/noticias\/wp-content\/uploads\/2025\/07\/QuienCulpa3.jpg\"><img loading=\"lazy\" decoding=\"async\" class=\"alignright size-medium wp-image-187355\" src=\"https:\/\/www.upla.cl\/noticias\/wp-content\/uploads\/2025\/07\/QuienCulpa3-300x200.jpg\" alt=\"\" width=\"300\" height=\"200\" srcset=\"https:\/\/upla.cl\/noticias\/wp-content\/uploads\/2025\/07\/QuienCulpa3-300x200.jpg 300w, https:\/\/upla.cl\/noticias\/wp-content\/uploads\/2025\/07\/QuienCulpa3-1024x683.jpg 1024w, https:\/\/upla.cl\/noticias\/wp-content\/uploads\/2025\/07\/QuienCulpa3-150x100.jpg 150w, https:\/\/upla.cl\/noticias\/wp-content\/uploads\/2025\/07\/QuienCulpa3-768x512.jpg 768w, https:\/\/upla.cl\/noticias\/wp-content\/uploads\/2025\/07\/QuienCulpa3-1536x1024.jpg 1536w, https:\/\/upla.cl\/noticias\/wp-content\/uploads\/2025\/07\/QuienCulpa3.jpg 1920w\" sizes=\"auto, (max-width: 300px) 100vw, 300px\" \/><\/a>Nombres como <strong>Alexander Castillo, Lorena Saavedra, Chantal Gas, Michelle Poblete, Basti\u00e1n Guerra, Daniel Ben\u00edtez y de la estudiante de tercer a\u00f1o Maite Tassara<\/strong> (asistente general), <strong>avalan la integral formaci\u00f3n teatral que se imparte en la UPLA,<\/strong> y que responde a una responsabilidad social en el \u00e1mbito ciudadano, sociocultural y acad\u00e9mico, que les ha permitido destacar por su sentido cr\u00edtico, anal\u00edtico y reflexivo. Adem\u00e1s, su participaci\u00f3n refleja que, como participantes de la vida cultural de una determinada comunidad, son capaces de desarrollar proyectos de obras vinculadas al patrimonio en pos del desarrollo de la cultura local, regional y nacional.<\/p>\n<p><a href=\"https:\/\/www.upla.cl\/noticias\/wp-content\/uploads\/2025\/07\/Jenny-Pino.jpg\"><img loading=\"lazy\" decoding=\"async\" class=\"size-medium wp-image-187361 alignright\" src=\"https:\/\/www.upla.cl\/noticias\/wp-content\/uploads\/2025\/07\/Jenny-Pino-300x240.jpg\" alt=\"\" width=\"300\" height=\"240\" srcset=\"https:\/\/upla.cl\/noticias\/wp-content\/uploads\/2025\/07\/Jenny-Pino-300x240.jpg 300w, https:\/\/upla.cl\/noticias\/wp-content\/uploads\/2025\/07\/Jenny-Pino-1024x819.jpg 1024w, https:\/\/upla.cl\/noticias\/wp-content\/uploads\/2025\/07\/Jenny-Pino-150x120.jpg 150w, https:\/\/upla.cl\/noticias\/wp-content\/uploads\/2025\/07\/Jenny-Pino-768x614.jpg 768w, https:\/\/upla.cl\/noticias\/wp-content\/uploads\/2025\/07\/Jenny-Pino-1536x1228.jpg 1536w, https:\/\/upla.cl\/noticias\/wp-content\/uploads\/2025\/07\/Jenny-Pino.jpg 1920w\" sizes=\"auto, (max-width: 300px) 100vw, 300px\" \/><\/a>Al respecto <strong>Jenny Pino Madariaga, directora de la obra, enfatiz\u00f3 y relev\u00f3 esta instancia de poder vincularse y vincular a distintas generaciones que han pasado por la carrera de Teatro de la UPLA.<\/strong> \u201cDirigir este enorme proyecto que son los elencos universitarios, es una gran responsabilidad personal y una oportunidad para la carrera de alimentarse de energ\u00edas distintas para proponer una puesta en escena, que, en este caso revitaliza la propuesta que hace Isidora Aguirre con su texto \u00bfQui\u00e9n tuvo la culpa de la muerte de la Mar\u00eda Gonz\u00e1lez? (1969). Desde ese lugar, <strong>ha sido un gran privilegio para mi poder volver a vincularme con los estudiantes, ex estudiantes y ahora colegas en este gran y hermoso oficio que es el teatro\u201d.<\/strong><\/p>\n<p><strong>Chantal Gas, actriz e integrante de la puesta en escena<\/strong>, reafirm\u00f3 que esta instancia le ha permitido reencontrarse con personas que fueron fundamentales en su proceso de formaci\u00f3n como int\u00e9rprete: ayudantes, profesoras (es), compa\u00f1eras (os) y actuales estudiantes de la carrera. <strong>\u201cPersonalmente ha sido un proceso muy significativo, ya que ratifica la decisi\u00f3n que tom\u00e9 hace a\u00f1os atr\u00e1s cuando decid\u00ed convertirme en artista esc\u00e9nica y eleg\u00ed la UPLA como espacio de formaci\u00f3n.<\/strong> Ojal\u00e1 que iniciativas como esta puedan mantenerse y replicarse en el tiempo, porque como exestudiante de la carrera de Teatro formar parte de un elenco universitario ha sido una experiencia s\u00faper desafiante y enriquecedora\u201d.<\/p>\n<p><a href=\"https:\/\/www.upla.cl\/noticias\/wp-content\/uploads\/2025\/07\/QuienCulpa1.jpg\"><img loading=\"lazy\" decoding=\"async\" class=\"alignright size-medium wp-image-187363\" src=\"https:\/\/www.upla.cl\/noticias\/wp-content\/uploads\/2025\/07\/QuienCulpa1-300x200.jpg\" alt=\"\" width=\"300\" height=\"200\" srcset=\"https:\/\/upla.cl\/noticias\/wp-content\/uploads\/2025\/07\/QuienCulpa1-300x200.jpg 300w, https:\/\/upla.cl\/noticias\/wp-content\/uploads\/2025\/07\/QuienCulpa1-1024x683.jpg 1024w, https:\/\/upla.cl\/noticias\/wp-content\/uploads\/2025\/07\/QuienCulpa1-150x100.jpg 150w, https:\/\/upla.cl\/noticias\/wp-content\/uploads\/2025\/07\/QuienCulpa1-768x512.jpg 768w, https:\/\/upla.cl\/noticias\/wp-content\/uploads\/2025\/07\/QuienCulpa1-1536x1024.jpg 1536w, https:\/\/upla.cl\/noticias\/wp-content\/uploads\/2025\/07\/QuienCulpa1.jpg 1920w\" sizes=\"auto, (max-width: 300px) 100vw, 300px\" \/><\/a><strong>Michelle Poblete, actriz y parte del elenco,<\/strong> expres\u00f3 que para ella <strong>ha sido gratificante y c\u00e1lido trabajar en los espacios donde se form\u00f3, especialmente la SAE (Sala de Arte Esc\u00e9nico) por ser un lugar que se dispone como muy bueno y equipado territorio de trabajo.<\/strong> \u201cMi experiencia como exestudiante, formando parte del elenco universitario, ha estado lleno de matices. Responder a mucha exigencia f\u00edsica, a una po\u00e9tica fundamentalmente de movimiento requiere mucha concentraci\u00f3n cuerpo-mente; estudiar un texto de 1969, que se compone de aspectos pol\u00edticos a\u00fan vigente, conlleva una ense\u00f1anza y formaci\u00f3n estricta que hemos llevado a la pr\u00e1ctica en conjunto con el an\u00e1lisis del presente muy agudo\u201d.<\/p>\n<p><a href=\"https:\/\/www.upla.cl\/noticias\/wp-content\/uploads\/2025\/07\/QuienCulpa4.jpg\"><img loading=\"lazy\" decoding=\"async\" class=\"alignright size-medium wp-image-187360\" src=\"https:\/\/www.upla.cl\/noticias\/wp-content\/uploads\/2025\/07\/QuienCulpa4-300x200.jpg\" alt=\"\" width=\"300\" height=\"200\" srcset=\"https:\/\/upla.cl\/noticias\/wp-content\/uploads\/2025\/07\/QuienCulpa4-300x200.jpg 300w, https:\/\/upla.cl\/noticias\/wp-content\/uploads\/2025\/07\/QuienCulpa4-1024x683.jpg 1024w, https:\/\/upla.cl\/noticias\/wp-content\/uploads\/2025\/07\/QuienCulpa4-150x100.jpg 150w, https:\/\/upla.cl\/noticias\/wp-content\/uploads\/2025\/07\/QuienCulpa4-768x512.jpg 768w, https:\/\/upla.cl\/noticias\/wp-content\/uploads\/2025\/07\/QuienCulpa4-1536x1024.jpg 1536w, https:\/\/upla.cl\/noticias\/wp-content\/uploads\/2025\/07\/QuienCulpa4.jpg 1920w\" sizes=\"auto, (max-width: 300px) 100vw, 300px\" \/><\/a><strong>Maite Tassara, estudiante de tercer a\u00f1o y asistente general del montaje,<\/strong> confirm\u00f3 que para ella ha sido un verdadero privilegio trabajar codo a codo con sus profesores y con profesionales del \u00e1rea art\u00edstica como m\u00fasicos, actores, entre otros. \u201cDe ellos he aprendido, no solo las herramientas t\u00e9cnicas, sino que los valores fundamentales para el quehacer esc\u00e9nico. <strong>Ha sido una experiencia profundamente enriquecedora que me ha permitido comprender, no solo el proceso creativo, sino tambi\u00e9n la relevancia de la gesti\u00f3n, la organizaci\u00f3n y el trabajo colaborativo entre todos los equipos que ha fortalecido mi vocaci\u00f3n y compromiso en las artes\u201d.<\/strong><\/p>\n<p>\u201cComo asistente t\u00e9cnica de la obra he experimentado un crecimiento considerable en los conocimientos sobre las artes esc\u00e9nicas, y desde este rol he podido vivenciar de manera directa como se articulan las distintas disciplinas y funciones para dar forma a una creaci\u00f3n art\u00edstica\u201d, agreg\u00f3.<\/p>\n<p><a href=\"https:\/\/www.upla.cl\/noticias\/wp-content\/uploads\/2025\/07\/QuienCulpa5.jpg\"><img loading=\"lazy\" decoding=\"async\" class=\"alignright size-medium wp-image-187366\" src=\"https:\/\/www.upla.cl\/noticias\/wp-content\/uploads\/2025\/07\/QuienCulpa5-300x200.jpg\" alt=\"\" width=\"300\" height=\"200\" srcset=\"https:\/\/upla.cl\/noticias\/wp-content\/uploads\/2025\/07\/QuienCulpa5-300x200.jpg 300w, https:\/\/upla.cl\/noticias\/wp-content\/uploads\/2025\/07\/QuienCulpa5-1024x683.jpg 1024w, https:\/\/upla.cl\/noticias\/wp-content\/uploads\/2025\/07\/QuienCulpa5-150x100.jpg 150w, https:\/\/upla.cl\/noticias\/wp-content\/uploads\/2025\/07\/QuienCulpa5-768x512.jpg 768w, https:\/\/upla.cl\/noticias\/wp-content\/uploads\/2025\/07\/QuienCulpa5-1536x1024.jpg 1536w, https:\/\/upla.cl\/noticias\/wp-content\/uploads\/2025\/07\/QuienCulpa5.jpg 1920w\" sizes=\"auto, (max-width: 300px) 100vw, 300px\" \/><\/a><strong>\u00bfQui\u00e9n tuvo la culpa? se estrena este viernes 25 de julio, a las 19:00 horas, en la Sala de Arte Esc\u00e9nico (SAE)<\/strong> de la Universidad de Playa Ancha, ubicada en Guillermo Gonz\u00e1lez de Hontaneda 855, Playa Ancha. <strong>La obra ser\u00e1 presentada, adem\u00e1s el s\u00e1bado 26 (19:00 horas) y el domingo 27 (18:00 horas),<\/strong> instancias donde se podr\u00e1 apreciar el trabajo actoral, de direcci\u00f3n, de dramaturgia y producci\u00f3n de exestudiantes, estudiantes, profesoras (es) y colegas quienes conformaron un c\u00edrculo virtuoso para propiciar un trabajo m\u00e1s horizontal convocados por la creaci\u00f3n art\u00edstica. <strong>La entrada es liberada.<\/strong><\/p>\n<p><strong>M\u00e1s informaci\u00f3n en: <a href=\"https:\/\/www.instagram.com\/salaupla\/\" target=\"_blank\" rel=\"noopener\">https:\/\/www.instagram.com\/salaupla\/<\/a><\/strong><br \/>\nEntradas <strong><a href=\"https:\/\/linktr.ee\/Salaupla?fbclid=PAZXh0bgNhZW0CMTEAAaeWGOXLNHtKqLBLghs4OHXxSh5q8DW1ra3bHs3yPOsP0-y4bbryP5AMp-1TAg_aem_nnfOt94kxn7kOL_-Io0t0Q\" target=\"_blank\" rel=\"noopener\">AQU\u00cd<\/a><\/strong><\/p>\n","protected":false},"excerpt":{"rendered":"<p>La obra teatral dirigida por la acad\u00e9mica, Jenny Pino Madariaga, se estrena este viernes 25 de julio en la SAE, escenario que relevar\u00e1 la participaci\u00f3n horizontal de un elenco de actores y actrices de distintas generaciones que pasaron por la carrera de Teatro de la Facultad de Arte.<\/p>\n","protected":false},"author":21,"featured_media":187358,"comment_status":"closed","ping_status":"open","sticky":false,"template":"","format":"standard","meta":{"footnotes":""},"categories":[51,96,52,201,40,101,69,97,71,91],"tags":[228,631,632,633,266,291,630,214],"class_list":["post-187354","post","type-post","status-publish","format-standard","has-post-thumbnail","","category-academia","category-academicos","category-cultura","category-desarrollo-estudiantil","category-destacados","category-docencia","category-egresados","category-estudiantes","category-facultad-de-arte","category-vinculacion-con-el-medio","tag-arteupla","tag-ciclo-teatro","tag-escena-upla","tag-isidora-aguirre","tag-jenny-pino","tag-mincap","tag-quien-tuvo-la-culpa","tag-teatro"],"_links":{"self":[{"href":"https:\/\/upla.cl\/noticias\/wp-json\/wp\/v2\/posts\/187354","targetHints":{"allow":["GET"]}}],"collection":[{"href":"https:\/\/upla.cl\/noticias\/wp-json\/wp\/v2\/posts"}],"about":[{"href":"https:\/\/upla.cl\/noticias\/wp-json\/wp\/v2\/types\/post"}],"author":[{"embeddable":true,"href":"https:\/\/upla.cl\/noticias\/wp-json\/wp\/v2\/users\/21"}],"replies":[{"embeddable":true,"href":"https:\/\/upla.cl\/noticias\/wp-json\/wp\/v2\/comments?post=187354"}],"version-history":[{"count":0,"href":"https:\/\/upla.cl\/noticias\/wp-json\/wp\/v2\/posts\/187354\/revisions"}],"wp:featuredmedia":[{"embeddable":true,"href":"https:\/\/upla.cl\/noticias\/wp-json\/wp\/v2\/media\/187358"}],"wp:attachment":[{"href":"https:\/\/upla.cl\/noticias\/wp-json\/wp\/v2\/media?parent=187354"}],"wp:term":[{"taxonomy":"category","embeddable":true,"href":"https:\/\/upla.cl\/noticias\/wp-json\/wp\/v2\/categories?post=187354"},{"taxonomy":"post_tag","embeddable":true,"href":"https:\/\/upla.cl\/noticias\/wp-json\/wp\/v2\/tags?post=187354"}],"curies":[{"name":"wp","href":"https:\/\/api.w.org\/{rel}","templated":true}]}}