{"id":187855,"date":"2025-08-05T14:40:45","date_gmt":"2025-08-05T18:40:45","guid":{"rendered":"https:\/\/www.upla.cl\/noticias\/?p=187855"},"modified":"2025-08-05T21:45:58","modified_gmt":"2025-08-06T01:45:58","slug":"itec-upla-participo-en-consejo-de-rectores-de-ies-tp-cruch-para-impulsar-la-educacion-tecnico-profesional","status":"publish","type":"post","link":"https:\/\/upla.cl\/noticias\/2025\/08\/05\/itec-upla-participo-en-consejo-de-rectores-de-ies-tp-cruch-para-impulsar-la-educacion-tecnico-profesional\/","title":{"rendered":"ITEC  UPLA particip\u00f3 en Consejo de Rectores de IES TP CRUCH para impulsar la Educaci\u00f3n T\u00e9cnico-Profesional"},"content":{"rendered":"<p><a href=\"https:\/\/www.upla.cl\/noticias\/wp-content\/uploads\/2025\/08\/Mauricio-Flores-en-UA.jpeg\"><img loading=\"lazy\" decoding=\"async\" class=\"aligncenter wp-image-187856 size-full\" src=\"https:\/\/www.upla.cl\/noticias\/wp-content\/uploads\/2025\/08\/Mauricio-Flores-en-UA.jpeg\" alt=\"ITEC UPLA participa en Consejo de Rectores de IES TP CRUCH para Impulsar la Educaci\u00f3n T\u00e9cnico-Profesional\" width=\"1516\" height=\"723\" srcset=\"https:\/\/upla.cl\/noticias\/wp-content\/uploads\/2025\/08\/Mauricio-Flores-en-UA.jpeg 1516w, https:\/\/upla.cl\/noticias\/wp-content\/uploads\/2025\/08\/Mauricio-Flores-en-UA-300x143.jpeg 300w, https:\/\/upla.cl\/noticias\/wp-content\/uploads\/2025\/08\/Mauricio-Flores-en-UA-1024x488.jpeg 1024w, https:\/\/upla.cl\/noticias\/wp-content\/uploads\/2025\/08\/Mauricio-Flores-en-UA-150x72.jpeg 150w, https:\/\/upla.cl\/noticias\/wp-content\/uploads\/2025\/08\/Mauricio-Flores-en-UA-768x366.jpeg 768w\" sizes=\"auto, (max-width: 1516px) 100vw, 1516px\" \/><\/a><\/p>\n<p>El <strong>director general del <a href=\"https:\/\/www.upla.cl\/institutotecnologico\/\">Instituto Tecnol\u00f3gico de la Universidad de Playa Ancha (UPLA)<\/a>, Mauricio Hern\u00e1ndez Flores,<\/strong> asisti\u00f3 al <strong>Consejo de Rectores y Rectoras de IES TP CRUCH<\/strong>, un importante encuentro organizado por el <strong>Centro de Carreras T\u00e9cnicas de la Universidad de Antofagasta (UA).<\/strong> La reuni\u00f3n congreg\u00f3 a representantes de instituciones t\u00e9cnico-profesionales de todo el pa\u00eds, con el objetivo de abordar temas cr\u00edticos para el sector, como el financiamiento, la acreditaci\u00f3n y la calidad de la educaci\u00f3n. Este evento destac\u00f3 el compromiso de la UA como ente regional, enfocado en el an\u00e1lisis y articulaci\u00f3n de pol\u00edticas p\u00fablicas que impactan directamente en la formaci\u00f3n de t\u00e9cnicos de nivel superior, un pilar fundamental para el desarrollo del pa\u00eds.<\/p>\n<p>El programa del encuentro incluy\u00f3 diversas actividades destinadas a fomentar la colaboraci\u00f3n y el intercambio de buenas pr\u00e1cticas. La jornada se centr\u00f3 en la creaci\u00f3n de un espacio de di\u00e1logo que permitiera a los participantes, desde Antofagasta hasta Chilo\u00e9, visibilizar la realidad de sus respectivas macrozonas.<\/p>\n<p>El consejo no solo se limit\u00f3 a discusiones acad\u00e9micas. Los participantes, incluido el director del ITEC UPLA, Mauricio Hern\u00e1ndez, se comprometieron a fortalecer el trabajo colaborativo y participaron en visitas en terreno a diversas instalaciones estrat\u00e9gicas. El programa incluy\u00f3 un recorrido por el Centro de Investigaci\u00f3n de Fisiolog\u00eda y Medicina en Altura (FIMEDALT), el Centro Acacia y el Centro de Entrenamiento Industrial y Minero (CEIM). Estas visitas permitieron a los directivos consolidar de manera directa los v\u00ednculos con los sectores productivos y sociales del pa\u00eds, conectando la formaci\u00f3n t\u00e9cnica con las necesidades reales del mercado laboral y el desarrollo regional.<\/p>\n<div id='gallery-1' class='gallery galleryid-187855 gallery-columns-3 gallery-size-thumbnail'><figure class='gallery-item'>\n\t\t\t<div class='gallery-icon landscape'>\n\t\t\t\t<a href='https:\/\/upla.cl\/noticias\/wp-content\/uploads\/2025\/08\/Mauricio-Flroes-UA-3.jpeg'><img loading=\"lazy\" decoding=\"async\" width=\"150\" height=\"113\" src=\"https:\/\/upla.cl\/noticias\/wp-content\/uploads\/2025\/08\/Mauricio-Flroes-UA-3-150x113.jpeg\" class=\"attachment-thumbnail size-thumbnail\" alt=\"\" srcset=\"https:\/\/upla.cl\/noticias\/wp-content\/uploads\/2025\/08\/Mauricio-Flroes-UA-3-150x113.jpeg 150w, https:\/\/upla.cl\/noticias\/wp-content\/uploads\/2025\/08\/Mauricio-Flroes-UA-3-300x225.jpeg 300w, https:\/\/upla.cl\/noticias\/wp-content\/uploads\/2025\/08\/Mauricio-Flroes-UA-3-1024x768.jpeg 1024w, https:\/\/upla.cl\/noticias\/wp-content\/uploads\/2025\/08\/Mauricio-Flroes-UA-3-768x576.jpeg 768w, https:\/\/upla.cl\/noticias\/wp-content\/uploads\/2025\/08\/Mauricio-Flroes-UA-3-1536x1152.jpeg 1536w, https:\/\/upla.cl\/noticias\/wp-content\/uploads\/2025\/08\/Mauricio-Flroes-UA-3.jpeg 1600w\" sizes=\"auto, (max-width: 150px) 100vw, 150px\" \/><\/a>\n\t\t\t<\/div><\/figure><figure class='gallery-item'>\n\t\t\t<div class='gallery-icon landscape'>\n\t\t\t\t<a href='https:\/\/upla.cl\/noticias\/wp-content\/uploads\/2025\/08\/Mauricio-Flores-5.jpeg'><img loading=\"lazy\" decoding=\"async\" width=\"150\" height=\"113\" src=\"https:\/\/upla.cl\/noticias\/wp-content\/uploads\/2025\/08\/Mauricio-Flores-5-150x113.jpeg\" class=\"attachment-thumbnail size-thumbnail\" alt=\"\" srcset=\"https:\/\/upla.cl\/noticias\/wp-content\/uploads\/2025\/08\/Mauricio-Flores-5-150x113.jpeg 150w, https:\/\/upla.cl\/noticias\/wp-content\/uploads\/2025\/08\/Mauricio-Flores-5-300x225.jpeg 300w, https:\/\/upla.cl\/noticias\/wp-content\/uploads\/2025\/08\/Mauricio-Flores-5-1024x768.jpeg 1024w, https:\/\/upla.cl\/noticias\/wp-content\/uploads\/2025\/08\/Mauricio-Flores-5-768x576.jpeg 768w, https:\/\/upla.cl\/noticias\/wp-content\/uploads\/2025\/08\/Mauricio-Flores-5-1536x1152.jpeg 1536w, https:\/\/upla.cl\/noticias\/wp-content\/uploads\/2025\/08\/Mauricio-Flores-5.jpeg 1600w\" sizes=\"auto, (max-width: 150px) 100vw, 150px\" \/><\/a>\n\t\t\t<\/div><\/figure><figure class='gallery-item'>\n\t\t\t<div class='gallery-icon landscape'>\n\t\t\t\t<a href='https:\/\/upla.cl\/noticias\/wp-content\/uploads\/2025\/08\/Mauricio-Flores-6.jpeg'><img loading=\"lazy\" decoding=\"async\" width=\"150\" height=\"92\" src=\"https:\/\/upla.cl\/noticias\/wp-content\/uploads\/2025\/08\/Mauricio-Flores-6-150x92.jpeg\" class=\"attachment-thumbnail size-thumbnail\" alt=\"\" srcset=\"https:\/\/upla.cl\/noticias\/wp-content\/uploads\/2025\/08\/Mauricio-Flores-6-150x92.jpeg 150w, https:\/\/upla.cl\/noticias\/wp-content\/uploads\/2025\/08\/Mauricio-Flores-6-300x184.jpeg 300w, https:\/\/upla.cl\/noticias\/wp-content\/uploads\/2025\/08\/Mauricio-Flores-6-1024x629.jpeg 1024w, https:\/\/upla.cl\/noticias\/wp-content\/uploads\/2025\/08\/Mauricio-Flores-6-768x471.jpeg 768w, https:\/\/upla.cl\/noticias\/wp-content\/uploads\/2025\/08\/Mauricio-Flores-6.jpeg 1440w\" sizes=\"auto, (max-width: 150px) 100vw, 150px\" \/><\/a>\n\t\t\t<\/div><\/figure>\n\t\t<\/div>\n\n","protected":false},"excerpt":{"rendered":"<p>La reuni\u00f3n se realiz\u00f3 en  congreg\u00f3 a representantes de instituciones t\u00e9cnico-profesionales de todo el pa\u00eds, con el objetivo de abordar temas cr\u00edticos para el sector, como el financiamiento, la acreditaci\u00f3n y la calidad de la educaci\u00f3n.<\/p>\n","protected":false},"author":3,"featured_media":187858,"comment_status":"closed","ping_status":"open","sticky":false,"template":"","format":"standard","meta":{"footnotes":""},"categories":[40,60,83],"tags":[],"class_list":["post-187855","post","type-post","status-publish","format-standard","has-post-thumbnail","","category-destacados","category-campus-san-felipe","category-instituto-tecnologico"],"_links":{"self":[{"href":"https:\/\/upla.cl\/noticias\/wp-json\/wp\/v2\/posts\/187855","targetHints":{"allow":["GET"]}}],"collection":[{"href":"https:\/\/upla.cl\/noticias\/wp-json\/wp\/v2\/posts"}],"about":[{"href":"https:\/\/upla.cl\/noticias\/wp-json\/wp\/v2\/types\/post"}],"author":[{"embeddable":true,"href":"https:\/\/upla.cl\/noticias\/wp-json\/wp\/v2\/users\/3"}],"replies":[{"embeddable":true,"href":"https:\/\/upla.cl\/noticias\/wp-json\/wp\/v2\/comments?post=187855"}],"version-history":[{"count":0,"href":"https:\/\/upla.cl\/noticias\/wp-json\/wp\/v2\/posts\/187855\/revisions"}],"wp:featuredmedia":[{"embeddable":true,"href":"https:\/\/upla.cl\/noticias\/wp-json\/wp\/v2\/media\/187858"}],"wp:attachment":[{"href":"https:\/\/upla.cl\/noticias\/wp-json\/wp\/v2\/media?parent=187855"}],"wp:term":[{"taxonomy":"category","embeddable":true,"href":"https:\/\/upla.cl\/noticias\/wp-json\/wp\/v2\/categories?post=187855"},{"taxonomy":"post_tag","embeddable":true,"href":"https:\/\/upla.cl\/noticias\/wp-json\/wp\/v2\/tags?post=187855"}],"curies":[{"name":"wp","href":"https:\/\/api.w.org\/{rel}","templated":true}]}}